{"id":975,"date":"2018-01-02T09:22:12","date_gmt":"2018-01-02T08:22:12","guid":{"rendered":"http:\/\/www.parafiakuligow.pl\/?p=975"},"modified":"2018-01-02T09:22:12","modified_gmt":"2018-01-02T08:22:12","slug":"plan-koledy-na-najblizsze-dni-od-02-i-09-i-2018r","status":"publish","type":"post","link":"http:\/\/www.parafiakuligow.pl\/index.php\/2018\/01\/02\/plan-koledy-na-najblizsze-dni-od-02-i-09-i-2018r\/","title":{"rendered":"Plan kol\u0119dy na najbli\u017csze dni od 02.I. \u2013 09.I.2018r."},"content":{"rendered":"<p><strong>Wtorek 02. I od godz. 10.00, <\/strong>ul. Radzymi\u0144ska, Piwna, Choinki, Loreta\u0144ska, Le\u015bna, Grobla.<br \/>\n<strong>\u015aroda \u00a0\u00a003. I. od godz. 16.30, \u00a0\u00a0<\/strong>ul. Serocka, Jagiello\u0144ska, Lipowa.<br \/>\n<strong>Czwartek 04. I. od godz. 10.00, \u00a0<\/strong>ul. Za\u0142ubicka, Zap\u00f3lna, Cytrynowa, Zakopia\u0144ska.<br \/>\n<strong>Pi\u0105tek\u00a0 05. I. od godz. 10.00<\/strong>,<strong> \u00a0<\/strong>ul. Wrzosowa, Kr\u0119ta, Prosta, Ko\u015bcielna.<br \/>\n<strong>Poniedzia\u0142ek 08. I. od godz. 16.30, <\/strong>ul. Nadbu\u017ca\u0144ska, Okr\u0119\u017cna.<br \/>\n<strong>Wtorek 09.I. od godz. 10.00, <\/strong>ul. Warszawska ( od strony J\u00f3zefowa w kierunku ko\u015bcio\u0142a ), Topolowa, Podle\u015bna.<\/p>\n","protected":false},"excerpt":{"rendered":"<p>Wtorek 02. I od godz. 10.00, ul. Radzymi\u0144ska, Piwna, Choinki, Loreta\u0144ska, Le\u015bna, Grobla. \u015aroda \u00a0\u00a003. I. od godz. 16.30, \u00a0\u00a0ul. Serocka, Jagiello\u0144ska, Lipowa. Czwartek 04. I. od godz. 10.00, \u00a0ul. Za\u0142ubicka, Zap\u00f3lna, Cytrynowa, Zakopia\u0144ska. Pi\u0105tek\u00a0 05. I. od godz. 10.00, \u00a0ul. Wrzosowa, Kr\u0119ta, Prosta, Ko\u015bcielna. Poniedzia\u0142ek 08. I. od godz. [&hellip;]<\/p>\n","protected":false},"author":2,"featured_media":0,"comment_status":"closed","ping_status":"closed","sticky":false,"template":"","format":"standard","meta":[],"categories":[2],"tags":[],"_links":{"self":[{"href":"http:\/\/www.parafiakuligow.pl\/index.php\/wp-json\/wp\/v2\/posts\/975"}],"collection":[{"href":"http:\/\/www.parafiakuligow.pl\/index.php\/wp-json\/wp\/v2\/posts"}],"about":[{"href":"http:\/\/www.parafiakuligow.pl\/index.php\/wp-json\/wp\/v2\/types\/post"}],"author":[{"embeddable":true,"href":"http:\/\/www.parafiakuligow.pl\/index.php\/wp-json\/wp\/v2\/users\/2"}],"replies":[{"embeddable":true,"href":"http:\/\/www.parafiakuligow.pl\/index.php\/wp-json\/wp\/v2\/comments?post=975"}],"version-history":[{"count":1,"href":"http:\/\/www.parafiakuligow.pl\/index.php\/wp-json\/wp\/v2\/posts\/975\/revisions"}],"predecessor-version":[{"id":976,"href":"http:\/\/www.parafiakuligow.pl\/index.php\/wp-json\/wp\/v2\/posts\/975\/revisions\/976"}],"wp:attachment":[{"href":"http:\/\/www.parafiakuligow.pl\/index.php\/wp-json\/wp\/v2\/media?parent=975"}],"wp:term":[{"taxonomy":"category","embeddable":true,"href":"http:\/\/www.parafiakuligow.pl\/index.php\/wp-json\/wp\/v2\/categories?post=975"},{"taxonomy":"post_tag","embeddable":true,"href":"http:\/\/www.parafiakuligow.pl\/index.php\/wp-json\/wp\/v2\/tags?post=975"}],"curies":[{"name":"wp","href":"https:\/\/api.w.org\/{rel}","templated":true}]}}