{"id":970,"date":"2018-01-02T09:12:08","date_gmt":"2018-01-02T08:12:08","guid":{"rendered":"http:\/\/www.parafiakuligow.pl\/?p=970"},"modified":"2018-01-29T12:14:44","modified_gmt":"2018-01-29T11:14:44","slug":"31-grudzien-2017-niedziela-swietej-rodziny","status":"publish","type":"post","link":"http:\/\/www.parafiakuligow.pl\/index.php\/2018\/01\/02\/31-grudzien-2017-niedziela-swietej-rodziny\/","title":{"rendered":"31 Grudzie\u0144  2017  Niedziela \u015bwi\u0119tej Rodziny"},"content":{"rendered":"<ol>\n<li>Bardzo dzi\u0119kuj\u0119 wszystkim osobom, kt\u00f3re po\u015bwi\u0119ci\u0142y sw\u00f3j czas i prac\u0119 na przygotowanie ko\u015bcio\u0142a do \u015awi\u0105t Bo\u017cego Narodzenia: za ofiarowanie, transport i obsadzenie choinek; za przygotowanie i wykonanie \u015bwi\u0105tecznych dekoracji. Za pomoc przy o\u015bwietleniu oraz sprz\u0105taniu ko\u015bcio\u0142a. Serdeczne B\u00f3g zap\u0142a\u0107.<\/li>\n<li>Dzi\u015b po Mszy \u015bw. o godz. 11.00 nabo\u017ce\u0144stwo dzi\u0119kczynne na zako\u0144czenie starego roku.<br \/>\nW poniedzia\u0142ek <strong>1 stycznia<\/strong> Nowy rok i Uroczysto\u015b\u0107 \u015bw. Bo\u017cej Rodzicielki Maryi. Msze \u015bw. jak w ka\u017cd\u0105 niedziel\u0119 o godz. 9.00 i 11.00.<\/li>\n<li>W sobot\u0119 6 stycznia Uroczysto\u015b\u0107 Objawienia Pa\u0144skiego \u2013 \u015awi\u0119to Trzech Kr\u00f3li. Msze \u015bw. jak w ka\u017cd\u0105 niedziel\u0119 o godz. 9.00 i 11.00. B\u0142ogos\u0142awimy w tym dniu kred\u0119 i kadzi\u0142o. Ofiary sk\u0142adane na tac\u0119 przeznaczamy na misje.<\/li>\n<li>W przysz\u0142\u0105 niedziel\u0119 przypada I niedziela miesi\u0105ca. Po Mszy \u015bw. o godz. 11.00 wystawienie Naj\u015bwi\u0119tszego sakramentu i adoracja.<\/li>\n<li>Tak jak co roku zapraszamy do ko\u015bcio\u0142a na \u015awi\u0105teczny Koncert Kol\u0119d, pt.\u201d Trzej Kr\u00f3lowie jad\u0105, z\u0142oto, mirr\u0119 k\u0142ad\u0105\u2026\u201d . W tym roku zapraszamy <strong>7 stycznia ( niedziela ), o godz. 17.00. <\/strong>W programie: utwory \u015bwi\u0105teczne. W wykonaniu uczni\u00f3w \u201e Akademii Pana W\u0142odka\u201d. Wyst\u0105pi\u0105 te\u017c go\u015bcie.<br \/>\n&#8211; p. Piotr Karsznia \u2013 rysunek na \u017cywo.<br \/>\n&#8211; p. Tadeusz Karasi\u0144ski \u2013 saksofonista.<br \/>\n&#8211; \u201e Stokrotki\u201d \u2013 schola z ko\u015bcio\u0142a p\/w Matki Bo\u017cej Kr\u00f3lowej \u015awiata z Warszawy. Serdecznie zapraszamy.<\/li>\n<li>Wszystkim rodzinom, kt\u00f3re przyj\u0119\u0142y ju\u017c ksi\u0119dza po kol\u0119dzie sk\u0142adam serdeczne podzi\u0119kowania; za wsp\u00f3ln\u0105 modlitw\u0119 i rozmow\u0119 i ofiary z\u0142o\u017cone przy tej okazji.<\/li>\n<li>Serdeczna pro\u015bba o wskazanie ksi\u0119dzu drogi lub podprowadzenie do s\u0105siedniej posesji. Gdyby kto\u015b <strong>z wa\u017cnej przyczyny<\/strong> nie m\u00f3g\u0142 przyj\u0105\u0107 ksi\u0119dza w wyznaczonym terminie, prosz\u0119 o kontakt w celu uzgodnienia innej daty wizyty duszpasterskiej.<\/li>\n<\/ol>\n<p><strong><u>Plan kol\u0119dy na najbli\u017csze dni od \u00a002.I. \u2013\u00a0 09.I. 2018r.<\/u><\/strong><\/p>\n<p><strong>Wtorek 02. I od godz. 10.00, <\/strong>ul. Radzymi\u0144ska, Piwna, Choinki, Loreta\u0144ska, Le\u015bna, Grobla.<br \/>\n<strong>\u015aroda \u00a0\u00a003. I. od godz. 16.30, \u00a0\u00a0<\/strong>ul. Serocka, Jagiello\u0144ska, Lipowa.<br \/>\n<strong>Czwartek 04. I. od godz. 10.00, \u00a0<\/strong>ul. Za\u0142ubicka, Zap\u00f3lna, Cytrynowa, Zakopia\u0144ska.<br \/>\n<strong>Pi\u0105tek\u00a0 05. I. od godz. 10.00<\/strong>,<strong> \u00a0<\/strong>ul. Wrzosowa, Kr\u0119ta, Prosta, Ko\u015bcielna.<br \/>\n<strong>Poniedzia\u0142ek 08. I. od godz. 16.30, <\/strong>ul. Nadbu\u017ca\u0144ska, Okr\u0119\u017cna.<br \/>\n<strong>Wtorek 09.I. od godz. 10.00, <\/strong>ul. Warszawska ( od strony J\u00f3zefowa w kierunku ko\u015bcio\u0142a ), Topolowa, Podle\u015bna.<\/p>\n<p><strong>\u00a0Plan kol\u0119dy znajdziemy te\u017c w gablocie i na stronie internetowej<\/strong><\/p>\n<p><strong>\u00a0I<\/strong><strong>ntencje Mszalne <\/strong><strong>31 Grudzie\u0144 2017 \u2013 07 Stycze\u0144\u00a0 2018<\/strong><\/p>\n<p><strong>\u00a0<\/strong><strong>Nd.\u00a0 31. XII. 2017,\u00a0\u00a0 \u015awi\u0119to \u015awi\u0119tej Rodziny<br \/>\n<\/strong>g. <strong>9.00<\/strong>\u00a0 <strong>+ <\/strong>Romana w 14 rocznic\u0119 \u015bm. i Jadwig\u0119 Kostrzew\u00f3w.<br \/>\ng. <strong>11.00 + <\/strong>Mari\u0119 i Wac\u0142awa Bieciuk<br \/>\n<strong>Pn.\u00a0\u00a0\u00a0 01. I<\/strong><br \/>\ng.\u00a0 9.00\u00a0\u00a0 + Za Parafian<br \/>\ng. 11.00<strong> + <\/strong>Eugeniusza \u0141ukasik\u00a0 gr. 1<br \/>\n<strong>Wt.\u00a0\u00a0 02. I\u00a0\u00a0\u00a0 <\/strong>g.\u00a0 7.00\u00a0 \u00a0+ Eugeniusza \u0141ukasik\u00a0 gr. 2<br \/>\n<strong>\u015ar.\u00a0\u00a0 \u00a003. I\u00a0\u00a0\u00a0 <\/strong>g.\u00a0\u00a0 7.00<strong>\u00a0 +\u00a0 <\/strong>Eugeniusza \u0141ukasik\u00a0 gr. 3<br \/>\n<strong>Czw. 04. I\u00a0\u00a0 <\/strong>g.\u00a0\u00a0 7.00\u00a0 <strong>+ <\/strong>Eugeniusza \u0141ukasik\u00a0 gr. 4<br \/>\n<strong>Pt.\u00a0\u00a0\u00a0 05. I\u00a0\u00a0\u00a0 <\/strong>g.\u00a0 7.00\u00a0 \u00a0<strong>+ <\/strong>Eugeniusza \u0141ukasik\u00a0 gr. 5<br \/>\n<strong>Sob. 06. I<\/strong><br \/>\ng.<strong> \u00a0\u00a0<\/strong>9.00<strong>\u00a0 + <\/strong>Int. zam.<br \/>\ng. 11.00 <strong>+ <\/strong>Int. zam.<br \/>\ng. 12.00 + Eugeniusza \u0141ukasik\u00a0 gr. 6<br \/>\n<strong>Nd.\u00a0 07. I. 2018,<br \/>\n<\/strong>g. 9.00\u00a0 <strong>+ <\/strong>Eugeniusza \u0141ukasik\u00a0 gr. 7<br \/>\ng. 11.00<strong> + <\/strong>Janin\u0119, J\u00f3zefa, Mariann\u0119 Nagrodzkich<br \/>\ng. 12.00 + Ziutk\u0119 Walesiak<\/p>\n<p>&nbsp;<\/p>\n","protected":false},"excerpt":{"rendered":"<p>Bardzo dzi\u0119kuj\u0119 wszystkim osobom, kt\u00f3re po\u015bwi\u0119ci\u0142y sw\u00f3j czas i prac\u0119 na przygotowanie ko\u015bcio\u0142a do \u015awi\u0105t Bo\u017cego Narodzenia: za ofiarowanie, transport i obsadzenie choinek; za przygotowanie i wykonanie \u015bwi\u0105tecznych dekoracji. Za pomoc przy o\u015bwietleniu oraz sprz\u0105taniu ko\u015bcio\u0142a. Serdeczne B\u00f3g zap\u0142a\u0107. Dzi\u015b po Mszy \u015bw. o godz. 11.00 nabo\u017ce\u0144stwo dzi\u0119kczynne na zako\u0144czenie [&hellip;]<\/p>\n","protected":false},"author":2,"featured_media":0,"comment_status":"closed","ping_status":"closed","sticky":false,"template":"","format":"standard","meta":[],"categories":[2],"tags":[],"_links":{"self":[{"href":"http:\/\/www.parafiakuligow.pl\/index.php\/wp-json\/wp\/v2\/posts\/970"}],"collection":[{"href":"http:\/\/www.parafiakuligow.pl\/index.php\/wp-json\/wp\/v2\/posts"}],"about":[{"href":"http:\/\/www.parafiakuligow.pl\/index.php\/wp-json\/wp\/v2\/types\/post"}],"author":[{"embeddable":true,"href":"http:\/\/www.parafiakuligow.pl\/index.php\/wp-json\/wp\/v2\/users\/2"}],"replies":[{"embeddable":true,"href":"http:\/\/www.parafiakuligow.pl\/index.php\/wp-json\/wp\/v2\/comments?post=970"}],"version-history":[{"count":6,"href":"http:\/\/www.parafiakuligow.pl\/index.php\/wp-json\/wp\/v2\/posts\/970\/revisions"}],"predecessor-version":[{"id":1019,"href":"http:\/\/www.parafiakuligow.pl\/index.php\/wp-json\/wp\/v2\/posts\/970\/revisions\/1019"}],"wp:attachment":[{"href":"http:\/\/www.parafiakuligow.pl\/index.php\/wp-json\/wp\/v2\/media?parent=970"}],"wp:term":[{"taxonomy":"category","embeddable":true,"href":"http:\/\/www.parafiakuligow.pl\/index.php\/wp-json\/wp\/v2\/categories?post=970"},{"taxonomy":"post_tag","embeddable":true,"href":"http:\/\/www.parafiakuligow.pl\/index.php\/wp-json\/wp\/v2\/tags?post=970"}],"curies":[{"name":"wp","href":"https:\/\/api.w.org\/{rel}","templated":true}]}}