{"id":963,"date":"2017-12-18T22:57:32","date_gmt":"2017-12-18T21:57:32","guid":{"rendered":"http:\/\/www.parafiakuligow.pl\/?p=963"},"modified":"2017-12-18T22:57:32","modified_gmt":"2017-12-18T21:57:32","slug":"17-grudzien-2017-iii-niedziela-adwentu","status":"publish","type":"post","link":"http:\/\/www.parafiakuligow.pl\/index.php\/2017\/12\/18\/17-grudzien-2017-iii-niedziela-adwentu\/","title":{"rendered":"17 Grudzie\u0144  2017  &#8211; III  Niedziela Adwentu"},"content":{"rendered":"<ol>\n<li>Serdecznie dzi\u0119kuj\u0119 za udzia\u0142 w parafialnych rekolekcjach i adwentow\u0105 spowied\u017a tym, kt\u00f3rzy chcieli przyj\u0105\u0107 dan\u0105 od Boga \u0142ask\u0119. Pozosta\u0142ych zach\u0119cam i zapraszam do przyj\u0119cia sakramentu pokuty przed \u015bwi\u0119tami, aby B\u00f3g narodzi\u0142 si\u0119 we wszystkich naszych duszach. Mo\u017cliwo\u015b\u0107 spowied\u017a w tym tygodniu przed ka\u017cd\u0105 Msz\u0105 \u015bwi\u0119t\u0105.<\/li>\n<li>Osoby kt\u00f3re nie mog\u0105 przyby\u0107 do Ko\u015bcio\u0142a a chcia\u0142yby przed \u015bwi\u0119tami wyspowiada\u0107 si\u0119 i przyj\u0105\u0107 Komuni\u0119 \u015bwi\u0119t\u0105 prosz\u0119 o zg\u0142aszanie zakrystii.<\/li>\n<li>Na pomoc materialn\u0105 dla Ko\u015bcio\u0142a na Wschodzie zebrali\u015bmy w minion\u0105 niedziel\u0119 290 z\u0142otych. Wszystkim ofiarodawcom serdeczne B\u00f3g zap\u0142a\u0107.<\/li>\n<li>Ze wzgl\u0119du na spowied\u017a rekolekcyjn\u0105 w Radzyminie w tym tygodniu w poniedzia\u0142ek\u00a0 i \u015brod\u0119 zamiast Mszy wieczornej b\u0119dzie Msza \u015bw. rano o godzinie 7.00.<\/li>\n<li>Roraty odprawiane s\u0105 codziennie z wyj\u0105tkiem niedziel &#8211; od poniedzia\u0142ku do soboty.<\/li>\n<li>Mo\u017cna jeszcze w tym tygodniu zaopatrzy\u0107 si\u0119 w op\u0142atki na st\u00f3\u0142 wigilijny oraz naby\u0107 \u015bwiece Caritas z kt\u00f3rych doch\u00f3d przeznaczony jest na Wigilijne Dzie\u0142o pomocy Dzieciom.<\/li>\n<li>Tych kt\u00f3rzy w tym roku jeszcze nie zd\u0105\u017cyli lub zapomnieli przekaza\u0107 Zdeklarowanej sk\u0142adki na sprz\u0105tanie ko\u015bcio\u0142a, prosimy o dope\u0142nienie tego zobowi\u0105zania.<\/li>\n<li>W najbli\u017csz\u0105 niedziel\u0119 24 grudnia wigilia. Msze \u015bw. o godz. 9.00 i 11.00. Pasterka tradycyjnie o p\u00f3\u0142nocy. Taca z pasterki przeznaczona jest na Fundusz Obrony \u017bycia. W pierwszy i drugi dzie\u0144 Bo\u017cego Narodzenia Msze \u015bw. wed\u0142ug porz\u0105dku niedzielnego o godz. 9.00 i 11.00.<\/li>\n<li>Wszystkim parafianom i go\u015bciom \u017cycz\u0119 b\u0142ogos\u0142awionej niedzieli i dobrego tygodnia.<\/li>\n<\/ol>\n<p><strong>Intencje Mszalne <\/strong><strong>17 Grudzie\u0144 \u2013 24 grudzie\u0144\u00a0 2017<\/strong><\/p>\n<p><strong>Nd.\u00a0 17. XII. 2017,\u00a0\u00a0 3\u00a0 Niedziela Adwentu<br \/>\n<\/strong>g. <strong>9.00<\/strong>\u00a0\u00a0 <strong>+ <\/strong>Leonarda i Feliks\u0119 Sosi\u0144skich;\u00a0\u00a0 Leonarda i Mari\u0119 Sosi\u0144skich<br \/>\ng. <strong>11.00 <\/strong>+ Kazimierza Bieleckiego w 9 rocz. \u015bm.<br \/>\ng. <strong>12.00 + <\/strong>Franciszka D\u0105browskiego\u00a0 <strong>gr. 17<br \/>\n<\/strong><strong>Pn.\u00a0\u00a0\u00a0 18. XII<\/strong>\u00a0\u00a0\u00a0 g. 7.00\u00a0\u00a0 + Franciszka D\u0105browskiego\u00a0\u00a0\u00a0 <strong>gr. 18<br \/>\n<\/strong><strong>Wt.\u00a0\u00a0 19. XII\u00a0\u00a0\u00a0 <\/strong>g. 7.00\u00a0\u00a0 + Franciszka D\u0105browskiego\u00a0\u00a0 <strong>gr. 19<br \/>\n<\/strong><strong>\u015ar.\u00a0\u00a0\u00a0 20. XII\u00a0\u00a0\u00a0 <\/strong>g.\u00a0 7.00<strong>\u00a0\u00a0 + <\/strong>Franciszka D\u0105browskiego\u00a0\u00a0 <strong>gr. 20<br \/>\n<\/strong><strong>Czw. 21. XII\u00a0\u00a0 <\/strong>g. 7.00\u00a0\u00a0\u00a0 <strong>+ <\/strong>Franciszka D\u0105browskiego\u00a0 <strong>gr. 21<br \/>\n<\/strong><strong>Pt.\u00a0\u00a0\u00a0 22. XII\u00a0\u00a0\u00a0 <\/strong>g. 18.00\u00a0\u00a0\u00a0 <strong>+ <\/strong>Franciszka D\u0105browskiego\u00a0 <strong>gr. 22<br \/>\n<\/strong><strong>Sob. 23. XII<\/strong><br \/>\ng. 7.00<strong>\u00a0\u00a0\u00a0\u00a0 + <\/strong>Franciszka D\u0105browskiego\u00a0 <strong>gr. 23<br \/>\n<\/strong>g. 18.00 <strong>+ <\/strong>int. wolna<\/p>\n<p><strong>Nd.\u00a0 24. XII. 2017,\u00a0\u00a0 4\u00a0 Niedziela Adwentu<br \/>\n<\/strong>g. <strong>9.00<\/strong>\u00a0 <strong>+ <\/strong>Romany Za\u0142\u0119skiej oraz jej rodzic\u00f3w<br \/>\ng. <strong>11.00 + <\/strong>Franciszka D\u0105browskiego\u00a0 <strong>gr. 24<br \/>\n<\/strong><strong>g. <\/strong><strong><u>24.00<\/u><u> Pasterka za Parafian<\/u><\/strong><\/p>\n<p>&nbsp;<\/p>\n","protected":false},"excerpt":{"rendered":"<p>Serdecznie dzi\u0119kuj\u0119 za udzia\u0142 w parafialnych rekolekcjach i adwentow\u0105 spowied\u017a tym, kt\u00f3rzy chcieli przyj\u0105\u0107 dan\u0105 od Boga \u0142ask\u0119. Pozosta\u0142ych zach\u0119cam i zapraszam do przyj\u0119cia sakramentu pokuty przed \u015bwi\u0119tami, aby B\u00f3g narodzi\u0142 si\u0119 we wszystkich naszych duszach. Mo\u017cliwo\u015b\u0107 spowied\u017a w tym tygodniu przed ka\u017cd\u0105 Msz\u0105 \u015bwi\u0119t\u0105. Osoby kt\u00f3re nie mog\u0105 przyby\u0107 [&hellip;]<\/p>\n","protected":false},"author":2,"featured_media":0,"comment_status":"closed","ping_status":"closed","sticky":false,"template":"","format":"standard","meta":[],"categories":[2],"tags":[],"_links":{"self":[{"href":"http:\/\/www.parafiakuligow.pl\/index.php\/wp-json\/wp\/v2\/posts\/963"}],"collection":[{"href":"http:\/\/www.parafiakuligow.pl\/index.php\/wp-json\/wp\/v2\/posts"}],"about":[{"href":"http:\/\/www.parafiakuligow.pl\/index.php\/wp-json\/wp\/v2\/types\/post"}],"author":[{"embeddable":true,"href":"http:\/\/www.parafiakuligow.pl\/index.php\/wp-json\/wp\/v2\/users\/2"}],"replies":[{"embeddable":true,"href":"http:\/\/www.parafiakuligow.pl\/index.php\/wp-json\/wp\/v2\/comments?post=963"}],"version-history":[{"count":1,"href":"http:\/\/www.parafiakuligow.pl\/index.php\/wp-json\/wp\/v2\/posts\/963\/revisions"}],"predecessor-version":[{"id":964,"href":"http:\/\/www.parafiakuligow.pl\/index.php\/wp-json\/wp\/v2\/posts\/963\/revisions\/964"}],"wp:attachment":[{"href":"http:\/\/www.parafiakuligow.pl\/index.php\/wp-json\/wp\/v2\/media?parent=963"}],"wp:term":[{"taxonomy":"category","embeddable":true,"href":"http:\/\/www.parafiakuligow.pl\/index.php\/wp-json\/wp\/v2\/categories?post=963"},{"taxonomy":"post_tag","embeddable":true,"href":"http:\/\/www.parafiakuligow.pl\/index.php\/wp-json\/wp\/v2\/tags?post=963"}],"curies":[{"name":"wp","href":"https:\/\/api.w.org\/{rel}","templated":true}]}}