{"id":960,"date":"2017-12-11T18:24:48","date_gmt":"2017-12-11T17:24:48","guid":{"rendered":"http:\/\/www.parafiakuligow.pl\/?p=960"},"modified":"2017-12-11T18:25:51","modified_gmt":"2017-12-11T17:25:51","slug":"10-grudzien-2017-ii-niedziela-adwentu","status":"publish","type":"post","link":"http:\/\/www.parafiakuligow.pl\/index.php\/2017\/12\/11\/10-grudzien-2017-ii-niedziela-adwentu\/","title":{"rendered":"10 Grudzie\u0144  2017  II  Niedziela Adwentu"},"content":{"rendered":"<ol>\n<li>Dzisiaj podczas Mszy \u015bw. o godz. 11.00, dzieci przygotowuj\u0105ce si\u0119 do I Komunii \u015bw. otrzymaj\u0105 medaliki z wizerunkiem Matki Bo\u017cej Niepokalanej. To trzeci znak w przygotowaniu do tego wa\u017cnego wydarzenia w ich \u017cyciu. Po Mszy \u015bw. spotkanie z rodzicami.<\/li>\n<li>W naszej diecezji dzi\u015b zbi\u00f3rka do puszek na pomoc materialn\u0105 dla Ko\u015bcio\u0142a na Wschodzie.<\/li>\n<li>W tym tygodniu 14, 15 i 16 grudnia zapraszamy na rekolekcje adwentowe w naszej parafii. Msze \u015bwi\u0119te w tych dniach o godz. 11.00 i 18.00. S\u0142owo Bo\u017ce wyg\u0142osi ks. Wies\u0142aw Bo\u017cejewicz z Warszawy. Podczas ka\u017cdej Mszy \u015bw. b\u0119dzie mo\u017cliwo\u015b\u0107 spowiedzi. Skorzystajmy z tej \u0142aski osobi\u015bcie, zach\u0119caj\u0105c do tego nasze rodziny. Msza \u015bw. dla chorych w sobot\u0119 16 grudnia o godz. 11.00. Prosz\u0119 rodziny, by zg\u0142asza\u0142y swoich bliskich, kt\u00f3re nie mog\u0105 przyby\u0107 do Ko\u015bcio\u0142a, by nikt nie zosta\u0142 na \u015bwi\u0119ta bez spowiedzi i Komunii \u015bwi\u0119tej.<\/li>\n<li>Roraty odprawiane s\u0105 codziennie z wyj\u0105tkiem niedziel; z udzia\u0142em dzieci:<br \/>\nw poniedzia\u0142ki, \u015brody i pi\u0105tki o godz.18.00.<br \/>\nW najbli\u017cszy czwartek, pi\u0105tek i sobot\u0119 ze wzgl\u0119du na rekolekcje rorat nie b\u0119dzie.<\/li>\n<li>W dniu dzisiejszym 10 grudnia wspominamy NMP Loreta\u0144sk\u0105 Patronk\u0119 naszej parafii.<\/li>\n<li>Codziennie w naszym ko\u015bciele mo\u017cemy zaopatrzy\u0107 si\u0119 w op\u0142atki na st\u00f3\u0142 wigilijny oraz naby\u0107 \u015bwiece Caritas z kt\u00f3rych doch\u00f3d przeznaczony jest na Wigilijne Dzie\u0142o pomocy Dzieciom.<\/li>\n<li>Wszystkim parafianom i go\u015bciom \u017cycz\u0119 b\u0142ogos\u0142awionej Niedzieli i dobrego tygodnia.<\/li>\n<li>Zach\u0119cam do czytania prasy katolickiej.<\/li>\n<\/ol>\n<p><strong>Intencje Mszalne <\/strong><strong>10 Grudzie\u0144 \u2013 17 grudzie\u0144\u00a0 2017<\/strong><\/p>\n<p><strong>Nd.\u00a0 10. XII. 2017,\u00a0\u00a0 2 Niedziela Adwentu<br \/>\n<\/strong>g. <strong>9.00<\/strong>\u00a0 <strong>+ <\/strong>Franciszka D\u0105browskiego\u00a0 <strong>gr. 10<\/strong><br \/>\ng. <strong>11.00 + <\/strong>Leszka\u00a0 Klimkiewicza w 3 r. \u015bm.<\/p>\n<p><strong>Pn.\u00a0\u00a0\u00a0 11. XII<\/strong>\u00a0\u00a0\u00a0 g. 18.00\u00a0 \u00a0+ Franciszka D\u0105browskiego <strong>gr. 11<br \/>\n<\/strong><strong>Wt.\u00a0\u00a0 12. XII\u00a0\u00a0\u00a0 <\/strong>g.\u00a0\u00a0 7.00\u00a0\u00a0 + Franciszka D\u0105browskiego\u00a0 <strong>gr. 12<br \/>\n\u015ar.\u00a0\u00a0\u00a0 13. XII\u00a0\u00a0\u00a0 <\/strong>g. 18.00<strong>\u00a0 \u00a0+ <\/strong>Franciszka D\u0105browskiego\u00a0 <strong>gr. 13<\/strong><\/p>\n<p><strong><u>REKOLEKCJE ADWENTOWE<\/u><\/strong><\/p>\n<p><strong>Czw. 14. XII<br \/>\n<\/strong>g. 11.00\u00a0\u00a0 \u00a0Int. wolna<br \/>\ng. 18.00\u00a0\u00a0 <strong>+ <\/strong>Franciszka D\u0105browskiego\u00a0 <strong>gr. 14<br \/>\n<\/strong><strong>Pt.\u00a0\u00a0\u00a0 15. XII<br \/>\n<\/strong>g. 11.00 \u00a0\u00a0Int. zam.<br \/>\ng. 18.00 <strong>+ <\/strong>Franciszka D\u0105browskiego\u00a0 <strong>gr. 15<br \/>\n<\/strong><strong>Sob. 16. XII<\/strong><br \/>\ng. 11.00<strong>\u00a0\u00a0 + <\/strong>Franciszka D\u0105browskiego\u00a0 <strong>gr. 16<br \/>\n<\/strong>g. 18.00\u00a0\u00a0 + Aleksandra Kowalskiego w rocz. \u015bm., z rodz. Kowalskich i Karasiewicz\u00f3w.\u00a0<strong> \u00a0\u00a0\u00a0\u00a0\u00a0\u00a0\u00a0\u00a0\u00a0\u00a0\u00a0\u00a0\u00a0\u00a0\u00a0\u00a0\u00a0\u00a0\u00a0\u00a0\u00a0\u00a0\u00a0\u00a0\u00a0\u00a0\u00a0\u00a0\u00a0\u00a0\u00a0\u00a0\u00a0\u00a0\u00a0\u00a0\u00a0\u00a0\u00a0\u00a0<\/strong><\/p>\n<p><strong>\u00a0\u00a0\u00a0\u00a0 \u00a0\u00a0\u00a0Nd.\u00a0 17. XII. 2017,\u00a0\u00a0 3 Niedziela Adwentu<\/strong><\/p>\n<p>g. <strong>9.00<\/strong>\u00a0 \u00a0<strong>+ <\/strong>Leonarda i Feliks\u0119 Sosi\u0144skich;\u00a0\u00a0 Leonarda i Mari\u0119 Sosi\u0144skich<br \/>\ng. <strong>11.00 \u00a0<\/strong>+ Kazimierza Bieleckiego w 9 rocz. \u015bm.<br \/>\ng. <strong>12.00 + <\/strong>Franciszka D\u0105browskiego\u00a0 <strong>gr. 17<\/strong><\/p>\n","protected":false},"excerpt":{"rendered":"<p>Dzisiaj podczas Mszy \u015bw. o godz. 11.00, dzieci przygotowuj\u0105ce si\u0119 do I Komunii \u015bw. otrzymaj\u0105 medaliki z wizerunkiem Matki Bo\u017cej Niepokalanej. To trzeci znak w przygotowaniu do tego wa\u017cnego wydarzenia w ich \u017cyciu. Po Mszy \u015bw. spotkanie z rodzicami. W naszej diecezji dzi\u015b zbi\u00f3rka do puszek na pomoc materialn\u0105 dla [&hellip;]<\/p>\n","protected":false},"author":2,"featured_media":0,"comment_status":"closed","ping_status":"closed","sticky":false,"template":"","format":"standard","meta":[],"categories":[2],"tags":[],"_links":{"self":[{"href":"http:\/\/www.parafiakuligow.pl\/index.php\/wp-json\/wp\/v2\/posts\/960"}],"collection":[{"href":"http:\/\/www.parafiakuligow.pl\/index.php\/wp-json\/wp\/v2\/posts"}],"about":[{"href":"http:\/\/www.parafiakuligow.pl\/index.php\/wp-json\/wp\/v2\/types\/post"}],"author":[{"embeddable":true,"href":"http:\/\/www.parafiakuligow.pl\/index.php\/wp-json\/wp\/v2\/users\/2"}],"replies":[{"embeddable":true,"href":"http:\/\/www.parafiakuligow.pl\/index.php\/wp-json\/wp\/v2\/comments?post=960"}],"version-history":[{"count":2,"href":"http:\/\/www.parafiakuligow.pl\/index.php\/wp-json\/wp\/v2\/posts\/960\/revisions"}],"predecessor-version":[{"id":962,"href":"http:\/\/www.parafiakuligow.pl\/index.php\/wp-json\/wp\/v2\/posts\/960\/revisions\/962"}],"wp:attachment":[{"href":"http:\/\/www.parafiakuligow.pl\/index.php\/wp-json\/wp\/v2\/media?parent=960"}],"wp:term":[{"taxonomy":"category","embeddable":true,"href":"http:\/\/www.parafiakuligow.pl\/index.php\/wp-json\/wp\/v2\/categories?post=960"},{"taxonomy":"post_tag","embeddable":true,"href":"http:\/\/www.parafiakuligow.pl\/index.php\/wp-json\/wp\/v2\/tags?post=960"}],"curies":[{"name":"wp","href":"https:\/\/api.w.org\/{rel}","templated":true}]}}