{"id":954,"date":"2017-11-27T00:41:40","date_gmt":"2017-11-26T23:41:40","guid":{"rendered":"http:\/\/www.parafiakuligow.pl\/?p=954"},"modified":"2017-11-27T00:41:40","modified_gmt":"2017-11-26T23:41:40","slug":"26-listopad-2017-34-niedziela-uroczystosc-jezusa-chrystusa-krola-wszechswiata","status":"publish","type":"post","link":"http:\/\/www.parafiakuligow.pl\/index.php\/2017\/11\/27\/26-listopad-2017-34-niedziela-uroczystosc-jezusa-chrystusa-krola-wszechswiata\/","title":{"rendered":"26  listopad  2017 \u2013 34 Niedziela &#8211; Uroczysto\u015b\u0107  Jezusa Chrystusa Kr\u00f3la Wszech\u015bwiata"},"content":{"rendered":"<ol>\n<li>Dzisiaj w ostatni\u0105 niedziel\u0119 roku liturgicznego obchodzimy Uroczysto\u015b\u0107 Jezusa Chrystusa Kr\u00f3la Wszech\u015bwiata. Po Mszy \u015bw. o godz. 11.00 Wystawienie Naj\u015bwi\u0119tszego Sakramentu, litania do Serca Pana Jezusa i \u00a0Akt po\u015bwi\u0119cenia rodzaju ludzkiego Chrystusowi Kr\u00f3lowi. Publiczne odm\u00f3wienie tej modlitwy zwi\u0105zane jest z \u0142ask\u0105 otrzymania odpustu zupe\u0142nego.<\/li>\n<li>Po Mszy \u015bw. o godz. 11.00 \u00a0na plebanii spotkanie Rady Parafialnej.<\/li>\n<li>W czwartek 30 listopada liturgiczne \u015bwi\u0119to \u015bw. Andrzeja Aposto\u0142a.<\/li>\n<li>W pi\u0105tek 1 grudnia przypada I pi\u0105tek miesi\u0105ca. Zach\u0119cam do spowiedzi \u00a0\u00a0\u015bwi\u0119tej. Spowied\u017a przed Msz\u0105 \u015bw.<\/li>\n<li>W najbli\u017cszy pi\u0105tek 1 grudnia i sobot\u0119 2 grudnia ze wzgl\u0119du na spowied\u017a rekolekcyjn\u0105 w Za\u0142ubicach nie b\u0119dzie Mszy \u015bw. wieczornej o godz.18.00 tylko Msza \u015bw. o godz. 7.00.<\/li>\n<li>Roraty, adwentowa Msza ku czci Naj\u015bwi\u0119tszej Maryi Panny odprawiane b\u0119d\u0105 codziennie opr\u00f3cz niedziel. Zapraszamy do wsp\u00f3lnej modlitwy z lampionami. W poniedzia\u0142ki, \u015brody, pi\u0105tki i soboty o godz.18.00 zapraszam dzieci do udzia\u0142u w konkursie roratnim. W tym roku patronuje nam \u015bw. J\u00f3zef.<\/li>\n<li>Od przysz\u0142ej niedzieli b\u0119dzie mo\u017cna zaopatrzy\u0107 si\u0119 w op\u0142atki na st\u00f3\u0142 wigilijny, kt\u00f3re w tym dniu zostan\u0105 pob\u0142ogos\u0142awione dla naszej wsp\u00f3lnoty parafialnej. Mo\u017cemy r\u00f3wnie\u017c nabywa\u0107 tradycyjne \u015bwiece Caritas z kt\u00f3rych doch\u00f3d przeznaczamy na Wigilijne Dzie\u0142o Pomocy Dzieciom.<\/li>\n<li>Zach\u0119cam do czytania prasy katolickiej.<\/li>\n<\/ol>\n<p><strong>Intencje Mszalne <\/strong><\/p>\n<p><strong>26 Listopad \u2013 3 Grudzie\u0144\u00a0 2017<\/strong><\/p>\n<p><strong>Nd. 26. XI. 2017,\u00a0\u00a0 34 Niedziela &#8211; <\/strong><strong>Uroczysto\u015b\u0107\u00a0 Jezusa Chrystusa Kr\u00f3la Wszech\u015bwiata<br \/>\n<\/strong>g. <strong>9.00<\/strong>\u00a0 <strong>+ <\/strong>Ks. Feliksa Chudzika <strong>gr. 26<br \/>\n<\/strong>g. <strong>11.00 + <\/strong>Int. zam.<\/p>\n<p><strong>Pn.\u00a0\u00a0\u00a0 27. XI<\/strong>\u00a0\u00a0\u00a0 g. 18.00\u00a0\u00a0 + Ks. Feliksa Hudzika\u00a0 <strong>gr. 27<\/strong><\/p>\n<p><strong>Wt.\u00a0\u00a0 28. XI<br \/>\n<\/strong>g. 7.00\u00a0\u00a0 + Ks. Feliksa Hudzika\u00a0 <strong>gr. 28<br \/>\n<\/strong>g. 7.30\u00a0\u00a0 + Zdzis\u0142awa Czarneckiego<\/p>\n<p><strong>\u015ar.\u00a0\u00a0\u00a0 29. XI\u00a0\u00a0\u00a0 <\/strong>g. 18.00<strong>\u00a0\u00a0 <\/strong>+ Ks. Feliksa Hudzika\u00a0 <strong>gr. 29<\/strong><\/p>\n<p><strong>Czw. 30. XI\u00a0\u00a0\u00a0 <\/strong>g.\u00a0 7.00\u00a0\u00a0 <strong>+ <\/strong>Ks. Feliksa Chudzika\u00a0 <strong>gr. 30<\/strong><\/p>\n<p><strong>Pt.\u00a0\u00a0\u00a0 01. XII\u00a0\u00a0\u00a0 <\/strong>g. 7.00\u00a0\u00a0 <strong>+ <\/strong>Franciszka D\u0105browskiego\u00a0 <strong>gr. 1<\/strong><\/p>\n<p><strong>Sob.\u00a0 02. XII<\/strong>\u00a0\u00a0 g. 7.00\u00a0 <strong>+ <\/strong>Franciszka D\u0105browskiego\u00a0 <strong>gr. 2\u00a0\u00a0\u00a0\u00a0\u00a0\u00a0\u00a0\u00a0\u00a0\u00a0\u00a0\u00a0\u00a0\u00a0\u00a0\u00a0\u00a0\u00a0\u00a0\u00a0\u00a0\u00a0\u00a0\u00a0\u00a0\u00a0\u00a0\u00a0\u00a0\u00a0\u00a0\u00a0\u00a0\u00a0\u00a0\u00a0\u00a0\u00a0\u00a0\u00a0\u00a0\u00a0\u00a0 <\/strong><\/p>\n<p><strong>Nd.\u00a0 03. XII. 2017,\u00a0\u00a0 1 Niedziela Adwentu<br \/>\n<\/strong>g. <strong>9.00<\/strong>\u00a0 <strong>+ <\/strong>Stanis\u0142awa i Romana Bieleckich<br \/>\ng. <strong>11.00 + <\/strong>Franciszka D\u0105browskiego\u00a0 <strong>gr. 3<\/strong><\/p>\n","protected":false},"excerpt":{"rendered":"<p>Dzisiaj w ostatni\u0105 niedziel\u0119 roku liturgicznego obchodzimy Uroczysto\u015b\u0107 Jezusa Chrystusa Kr\u00f3la Wszech\u015bwiata. Po Mszy \u015bw. o godz. 11.00 Wystawienie Naj\u015bwi\u0119tszego Sakramentu, litania do Serca Pana Jezusa i \u00a0Akt po\u015bwi\u0119cenia rodzaju ludzkiego Chrystusowi Kr\u00f3lowi. Publiczne odm\u00f3wienie tej modlitwy zwi\u0105zane jest z \u0142ask\u0105 otrzymania odpustu zupe\u0142nego. Po Mszy \u015bw. o godz. 11.00 [&hellip;]<\/p>\n","protected":false},"author":2,"featured_media":0,"comment_status":"closed","ping_status":"closed","sticky":false,"template":"","format":"standard","meta":[],"categories":[2],"tags":[],"_links":{"self":[{"href":"http:\/\/www.parafiakuligow.pl\/index.php\/wp-json\/wp\/v2\/posts\/954"}],"collection":[{"href":"http:\/\/www.parafiakuligow.pl\/index.php\/wp-json\/wp\/v2\/posts"}],"about":[{"href":"http:\/\/www.parafiakuligow.pl\/index.php\/wp-json\/wp\/v2\/types\/post"}],"author":[{"embeddable":true,"href":"http:\/\/www.parafiakuligow.pl\/index.php\/wp-json\/wp\/v2\/users\/2"}],"replies":[{"embeddable":true,"href":"http:\/\/www.parafiakuligow.pl\/index.php\/wp-json\/wp\/v2\/comments?post=954"}],"version-history":[{"count":1,"href":"http:\/\/www.parafiakuligow.pl\/index.php\/wp-json\/wp\/v2\/posts\/954\/revisions"}],"predecessor-version":[{"id":955,"href":"http:\/\/www.parafiakuligow.pl\/index.php\/wp-json\/wp\/v2\/posts\/954\/revisions\/955"}],"wp:attachment":[{"href":"http:\/\/www.parafiakuligow.pl\/index.php\/wp-json\/wp\/v2\/media?parent=954"}],"wp:term":[{"taxonomy":"category","embeddable":true,"href":"http:\/\/www.parafiakuligow.pl\/index.php\/wp-json\/wp\/v2\/categories?post=954"},{"taxonomy":"post_tag","embeddable":true,"href":"http:\/\/www.parafiakuligow.pl\/index.php\/wp-json\/wp\/v2\/tags?post=954"}],"curies":[{"name":"wp","href":"https:\/\/api.w.org\/{rel}","templated":true}]}}