{"id":949,"date":"2017-11-14T21:09:55","date_gmt":"2017-11-14T20:09:55","guid":{"rendered":"http:\/\/www.parafiakuligow.pl\/?p=949"},"modified":"2017-11-14T21:09:55","modified_gmt":"2017-11-14T20:09:55","slug":"12-listopad-2017-32-niedziela-zwykla","status":"publish","type":"post","link":"http:\/\/www.parafiakuligow.pl\/index.php\/2017\/11\/14\/12-listopad-2017-32-niedziela-zwykla\/","title":{"rendered":"12  listopad  2017 \u2013 32 Niedziela zwyk\u0142a"},"content":{"rendered":"<ol>\n<li>Dzisiaj podczas Mszy \u015bw. o godz. 11.00 dzieci przygotowuj\u0105ce si\u0119 do I Komunii \u015bw. otrzymaj\u0105 \u00a0modlitewniki. To kolejny znak w przygotowaniu do tego wa\u017cnego wydarzenia w ich \u017cyciu. Po Mszy \u015bw. spotkanie\u00a0 z\u00a0 rodzicami.<\/li>\n<li>Dzi\u015b obchodzimy IX Dzie\u0144 Solidarno\u015bci z Ko\u015bcio\u0142em Prze\u015bladowanym pod has\u0142em \u201eOcalmy Chrze\u015bcijan na Bliskim Wschodzie\u201d. Swoj\u0105 modlitw\u0105 i ofiarami b\u0119dziemy wspiera\u0107 \u017cyj\u0105cych w tym kraju naszych braci i siostry w wierze. Po Mszy \u015bw. b\u0119dzie zbi\u00f3rka ofiar do puszek przeznaczone na ten cel.<\/li>\n<li>W przysz\u0142a niedziel\u0119 19 pa\u017adziernika ofiary sk\u0142adane na tac\u0119 w naszej diecezji przeznaczone b\u0119d\u0105 na Seminarium Duchowne.<\/li>\n<li>Wszystkim parafianom, dzia\u0142kowiczom i go\u015bciom \u017cycz\u0119\u00a0 dobrego, duchowego prze\u017cycia niedzieli\u00a0 i\u00a0 b\u0142ogos\u0142awionego tygodnia.<\/li>\n<li>Zach\u0119cam do czytania prasy katolickiej.<\/li>\n<\/ol>\n<p>&nbsp;<\/p>\n<p><strong>Intencje Mszalne <\/strong><strong>12 Listopad \u2013 19 Listopad\u00a0 2017<\/strong><\/p>\n<p><strong>Nd. 12. XI. 2017,\u00a0\u00a0 32 Niedziela zwyk\u0142a<br \/>\n<\/strong>g. <strong>9.00<\/strong>\u00a0 <strong>+ <\/strong>Ks. Feliksa Chudzika\u00a0 <strong>gr. 12<br \/>\n<\/strong>g. <strong>11.00\u00a0 + <\/strong>Leonarda D\u0105browskiego; Aleksandra i Waleri\u0119 D\u0105browskich<\/p>\n<p><strong>Pn.\u00a0\u00a0\u00a0 13. XI<\/strong>\u00a0\u00a0\u00a0 g. 18.00\u00a0\u00a0 + Ks. Feliksa Hudzika\u00a0 <strong>gr.13<\/strong><\/p>\n<p><strong>Wt.\u00a0\u00a0 14. XI\u00a0\u00a0\u00a0 <\/strong>g.\u00a0\u00a0 7.00\u00a0\u00a0 + Ks. Feliksa Hudzika\u00a0 <strong>gr.14<\/strong><\/p>\n<p><strong>\u015ar.\u00a0\u00a0\u00a0 15. XI\u00a0\u00a0\u00a0 <\/strong>g. 18.00<strong>\u00a0\u00a0 <\/strong>+ Ks. Feliksa Hudzika\u00a0 <strong>gr.15<\/strong><\/p>\n<p><strong>Czw. 16. XI\u00a0\u00a0\u00a0 <\/strong>g. 18.00\u00a0\u00a0 <strong>+ <\/strong>Ks. Feliksa Chudzika\u00a0 <strong>gr. 16<\/strong><\/p>\n<p><strong>Pt.\u00a0\u00a0\u00a0 17. XI\u00a0\u00a0\u00a0 <\/strong>g. 18.00\u00a0\u00a0 <strong>+ <\/strong>Ks. Feliksa Chudzika\u00a0 <strong>gr.17<\/strong><\/p>\n<p><strong>Sob.\u00a0 18. XI<\/strong><br \/>\ng. 16.00\u00a0\u00a0 \u015alub:<br \/>\nMiros\u0142awa Maria \u017bmijewska<br \/>\nPawe\u0142 Henryk \u00a0Kurbiel<br \/>\n18.00 + Ks. Feliksa Chudzika \u00a0<strong>gr.18<\/strong><\/p>\n<p><strong>Nd. 19. XI. 2017,\u00a0\u00a0 33\u00a0 Niedziela zwyk\u0142a<br \/>\n<\/strong>g. <strong>9.00<\/strong>\u00a0 <strong>+ <\/strong>Ks. Feliksa Chudzika \u00a0<strong>gr. 19<br \/>\n<\/strong>g. <strong>11.00 + <\/strong>Int. zam.<\/p>\n","protected":false},"excerpt":{"rendered":"<p>Dzisiaj podczas Mszy \u015bw. o godz. 11.00 dzieci przygotowuj\u0105ce si\u0119 do I Komunii \u015bw. otrzymaj\u0105 \u00a0modlitewniki. To kolejny znak w przygotowaniu do tego wa\u017cnego wydarzenia w ich \u017cyciu. Po Mszy \u015bw. spotkanie\u00a0 z\u00a0 rodzicami. Dzi\u015b obchodzimy IX Dzie\u0144 Solidarno\u015bci z Ko\u015bcio\u0142em Prze\u015bladowanym pod has\u0142em \u201eOcalmy Chrze\u015bcijan na Bliskim Wschodzie\u201d. Swoj\u0105 [&hellip;]<\/p>\n","protected":false},"author":2,"featured_media":0,"comment_status":"closed","ping_status":"closed","sticky":false,"template":"","format":"standard","meta":[],"categories":[2],"tags":[],"_links":{"self":[{"href":"http:\/\/www.parafiakuligow.pl\/index.php\/wp-json\/wp\/v2\/posts\/949"}],"collection":[{"href":"http:\/\/www.parafiakuligow.pl\/index.php\/wp-json\/wp\/v2\/posts"}],"about":[{"href":"http:\/\/www.parafiakuligow.pl\/index.php\/wp-json\/wp\/v2\/types\/post"}],"author":[{"embeddable":true,"href":"http:\/\/www.parafiakuligow.pl\/index.php\/wp-json\/wp\/v2\/users\/2"}],"replies":[{"embeddable":true,"href":"http:\/\/www.parafiakuligow.pl\/index.php\/wp-json\/wp\/v2\/comments?post=949"}],"version-history":[{"count":1,"href":"http:\/\/www.parafiakuligow.pl\/index.php\/wp-json\/wp\/v2\/posts\/949\/revisions"}],"predecessor-version":[{"id":950,"href":"http:\/\/www.parafiakuligow.pl\/index.php\/wp-json\/wp\/v2\/posts\/949\/revisions\/950"}],"wp:attachment":[{"href":"http:\/\/www.parafiakuligow.pl\/index.php\/wp-json\/wp\/v2\/media?parent=949"}],"wp:term":[{"taxonomy":"category","embeddable":true,"href":"http:\/\/www.parafiakuligow.pl\/index.php\/wp-json\/wp\/v2\/categories?post=949"},{"taxonomy":"post_tag","embeddable":true,"href":"http:\/\/www.parafiakuligow.pl\/index.php\/wp-json\/wp\/v2\/tags?post=949"}],"curies":[{"name":"wp","href":"https:\/\/api.w.org\/{rel}","templated":true}]}}