{"id":947,"date":"2017-11-08T23:51:56","date_gmt":"2017-11-08T22:51:56","guid":{"rendered":"http:\/\/www.parafiakuligow.pl\/?p=947"},"modified":"2017-11-08T23:51:56","modified_gmt":"2017-11-08T22:51:56","slug":"5-listopad-2017-31-niedziela-zwykla","status":"publish","type":"post","link":"http:\/\/www.parafiakuligow.pl\/index.php\/2017\/11\/08\/5-listopad-2017-31-niedziela-zwykla\/","title":{"rendered":"5  listopad  2017 \u2013 31 Niedziela zwyk\u0142a"},"content":{"rendered":"<ol>\n<li>Dzisiaj z racji I niedzieli miesi\u0105ca po Mszy \u015bw. o godz. 11.00 wystawienie Naj\u015bwi\u0119tszego Sakramentu i\u00a0 wsp\u00f3lna modlitwa za zmar\u0142ych.<\/li>\n<li>Do 8 listopada mo\u017cna uzyska\u0107 i ofiarowa\u0107 za dusze w czy\u015b\u0107cu cierpi\u0105ce odpust zupe\u0142ny. Mo\u017cna jeszcze swoich zmar\u0142ych do\u0142\u0105czy\u0107 do wsp\u00f3lnej modlitwy zwanej<\/li>\n<li>W przysz\u0142\u0105 niedziel\u0119 12 listopada podczas Mszy \u015bw. o godz. 11.00 dzieci przygotowuj\u0105ce si\u0119 do I Komunii \u015bw. otrzymaj\u0105 modlitewniki. To kolejny znak w przygotowaniu do tego wa\u017cnego wydarzenia w ich \u017cyciu. Po Mszy \u015bw. spotkanie z<\/li>\n<li>W sobot\u0119 11 listopada Narodowe \u015awi\u0119to Niepodleg\u0142o\u015bci. Msza \u015bw. w intencji Ojczyzny o godz. 18.00. W tym dniu liturgiczne wspomnienie \u015bw. Marcina.<\/li>\n<li>Za tydzie\u0144 12 listopada b\u0119dziemy obchodzi\u0107 IX Dzie\u0144 Solidarno\u015bci z Ko\u015bcio\u0142em Prze\u015bladowanym pod has\u0142em \u201eOcalmy Chrze\u015bcijan na Bliskim Wschodzie\u201d. Swoj\u0105 modlitw\u0105 i ofiarami b\u0119dziemy wspiera\u0107 \u017cyj\u0105cych w tym kraju naszych braci i siostry w wierze.<\/li>\n<li>Za nami miesi\u0105c modlitwy r\u00f3\u017ca\u0144cowej. Dzi\u0119kuje serdecznie tym wszystkim, kt\u00f3rzy uczestniczyli w tej pi\u0119knej modlitwie Ko\u015bcio\u0142a.<\/li>\n<li>Wszystkim parafianom, dzia\u0142kowiczom i go\u015bciom \u017cycz\u0119\u00a0 dobrego, duchowego prze\u017cycia niedzieli\u00a0 i\u00a0 b\u0142ogos\u0142awionego tygodnia.<\/li>\n<li>Zach\u0119cam do czytania prasy katolickiej.<\/li>\n<\/ol>\n<p><strong>Intencje Mszalne <\/strong><strong>5 Listopad \u2013 12 Listopad\u00a0 2017<\/strong><\/p>\n<p><strong>\u00a0<\/strong><strong>Nd. 5. XI. 2017,\u00a0\u00a0 31 Niedziela zwyk\u0142a<br \/>\n<\/strong>g. <strong>9.00<\/strong>\u00a0 <strong>+<\/strong> Jadwig\u0119 So\u0142owiej w 3 rocz. \u015bm.<br \/>\ng. <strong>11.00\u00a0 + <\/strong>Paw\u0142a \u017bochowskiego<br \/>\ng. <strong>12.00 + <\/strong>Ks. Feliksa Hudzika\u00a0 <strong>gr.5<\/strong><\/p>\n<p><strong>Pn.\u00a0\u00a0\u00a0 06. XI<\/strong>\u00a0\u00a0\u00a0 g. 18.00 \u00a0\u00a0+ Ks. Feliksa Hudzika\u00a0 <strong>gr.6<br \/>\n<\/strong><strong>Wt.\u00a0\u00a0 07. XI\u00a0\u00a0\u00a0 <\/strong>g. \u00a0\u00a07.00 \u00a0\u00a0+ Ks. Feliksa Hudzika\u00a0 <strong>gr.7<br \/>\n<\/strong><strong>\u015ar.\u00a0\u00a0\u00a0 08. XI\u00a0\u00a0\u00a0 <\/strong>g. 18.00<strong>\u00a0 \u00a0<\/strong>+ Ks. Feliksa Hudzika\u00a0 <strong>gr.8<br \/>\n<\/strong><strong>Czw. 09. XI\u00a0\u00a0\u00a0 <\/strong>g. 7.00\u00a0 <strong>+ <\/strong>Ks. Feliksa Chudzika <strong>gr. 9<br \/>\n<\/strong><strong>Pt.\u00a0\u00a0\u00a0 10. XI\u00a0\u00a0\u00a0 <\/strong>g. 18.00 <strong>+ <\/strong>Ks. Feliksa Chudzika <strong>gr.10<br \/>\n<\/strong><strong>Sob.\u00a0 11. XI<\/strong><br \/>\ng. 18.00\u00a0\u00a0\u00a0 W int. Ojczyzny<br \/>\ng. 18.45 + Ks. Feliksa Chudzika <strong>gr.11<br \/>\n<\/strong>g. 19.15 <strong>+ <\/strong>Franciszka i Mariann\u0119 D\u0105browskich; El\u017cbiet\u0119 Gajewsk\u0105<\/p>\n<p><strong>Nd. 12. XI. 2017,\u00a0\u00a0 32\u00a0 Niedziela zwyk\u0142a<br \/>\n<\/strong>g. <strong>9.00<\/strong>\u00a0 <strong>+ <\/strong>Ks. Feliksa Chudzika <strong>gr. 12<br \/>\n<\/strong>g. <strong>11.00 + <\/strong>Leonarda D\u0105browskiego; Aleksandra i Waleri\u0119 D\u0105browskich<\/p>\n<p>&nbsp;<\/p>\n","protected":false},"excerpt":{"rendered":"<p>Dzisiaj z racji I niedzieli miesi\u0105ca po Mszy \u015bw. o godz. 11.00 wystawienie Naj\u015bwi\u0119tszego Sakramentu i\u00a0 wsp\u00f3lna modlitwa za zmar\u0142ych. Do 8 listopada mo\u017cna uzyska\u0107 i ofiarowa\u0107 za dusze w czy\u015b\u0107cu cierpi\u0105ce odpust zupe\u0142ny. Mo\u017cna jeszcze swoich zmar\u0142ych do\u0142\u0105czy\u0107 do wsp\u00f3lnej modlitwy zwanej W przysz\u0142\u0105 niedziel\u0119 12 listopada podczas Mszy [&hellip;]<\/p>\n","protected":false},"author":2,"featured_media":0,"comment_status":"closed","ping_status":"closed","sticky":false,"template":"","format":"standard","meta":[],"categories":[2],"tags":[],"_links":{"self":[{"href":"http:\/\/www.parafiakuligow.pl\/index.php\/wp-json\/wp\/v2\/posts\/947"}],"collection":[{"href":"http:\/\/www.parafiakuligow.pl\/index.php\/wp-json\/wp\/v2\/posts"}],"about":[{"href":"http:\/\/www.parafiakuligow.pl\/index.php\/wp-json\/wp\/v2\/types\/post"}],"author":[{"embeddable":true,"href":"http:\/\/www.parafiakuligow.pl\/index.php\/wp-json\/wp\/v2\/users\/2"}],"replies":[{"embeddable":true,"href":"http:\/\/www.parafiakuligow.pl\/index.php\/wp-json\/wp\/v2\/comments?post=947"}],"version-history":[{"count":1,"href":"http:\/\/www.parafiakuligow.pl\/index.php\/wp-json\/wp\/v2\/posts\/947\/revisions"}],"predecessor-version":[{"id":948,"href":"http:\/\/www.parafiakuligow.pl\/index.php\/wp-json\/wp\/v2\/posts\/947\/revisions\/948"}],"wp:attachment":[{"href":"http:\/\/www.parafiakuligow.pl\/index.php\/wp-json\/wp\/v2\/media?parent=947"}],"wp:term":[{"taxonomy":"category","embeddable":true,"href":"http:\/\/www.parafiakuligow.pl\/index.php\/wp-json\/wp\/v2\/categories?post=947"},{"taxonomy":"post_tag","embeddable":true,"href":"http:\/\/www.parafiakuligow.pl\/index.php\/wp-json\/wp\/v2\/tags?post=947"}],"curies":[{"name":"wp","href":"https:\/\/api.w.org\/{rel}","templated":true}]}}