{"id":933,"date":"2017-10-16T08:31:39","date_gmt":"2017-10-16T06:31:39","guid":{"rendered":"http:\/\/www.parafiakuligow.pl\/?p=933"},"modified":"2017-10-16T08:33:01","modified_gmt":"2017-10-16T06:33:01","slug":"15-pazdziernik-2017-28-niedziela-zwykla","status":"publish","type":"post","link":"http:\/\/www.parafiakuligow.pl\/index.php\/2017\/10\/16\/15-pazdziernik-2017-28-niedziela-zwykla\/","title":{"rendered":"15 pa\u017adziernik 2017 \u2013 28 Niedziela zwyk\u0142a"},"content":{"rendered":"<ol>\n<li>Dzisiaj po Mszy \u015bw. o godz. 11.00 spotkanie z Rad\u0105 Parafialn\u0105.<\/li>\n<li>Tak\u017ce dzisiaj w polskich ko\u015bcio\u0142ach tradycyjnie liczymy wiernych.<\/li>\n<li>W \u015brod\u0119 18 pa\u017adziernika \u015bwi\u0119to \u015bw. \u0141ukasza Ewangelisty;<br \/>\nw czwartek 19 pa\u017adziernika liturgiczne wspomnienie ks. Jerzego Popie\u0142uszki;<br \/>\nw sobot\u0119 21 pa\u017adziernika wspomnienie \u015bw. Jana Paw\u0142a II papie\u017ca.<\/li>\n<li>W przysz\u0142\u0105 niedziel\u0119 przypada niedziela misyjna. Ofiary sk\u0142adane na tac\u0119 b\u0119d\u0105 przeznaczone na misje.<\/li>\n<li>Przyjmujemy ju\u017c na wypominki na kolejny rok. Wypominki roczne obejmuj\u0105 modlitw\u0119 za zmar\u0142ych w ka\u017cd\u0105 niedziel\u0119 przed godz. 11.00, oraz Msze \u015bw.\u00a0 odprawiane przez ca\u0142y rok, w ka\u017cd\u0105 pierwsz\u0105 \u015brod\u0119 miesi\u0105ca. Wypominki\u00a0\u00a0 jednorazowe s\u0105 modlitw\u0105 odmawian\u0105\u00a0 w <strong>Uroczysto\u015b\u0107 Wszystkich \u015awi\u0119tych <\/strong><strong>1 listopada<\/strong> w czasie procesji na cmentarzu w Za\u0142ubicach i we <strong>Wspomnienie<\/strong><strong>\u00a0\u00a0 Wszystkich Wiernych Zmar\u0142ych <\/strong>( Dzie\u0144 Zaduszny) <strong>2 listopada\u00a0 <\/strong>podczas<strong>\u00a0\u00a0 <\/strong>Mszy \u015bw<strong>. <\/strong>w Kuligowie. Ogarniaj\u0105c modlitw\u0105 zmar\u0142ych sk\u0142adamy dobrowolne ofiary wpisuj\u0105c imiona i nazwiska zmar\u0142ych. Mo\u017cemy wykorzysta\u0107 kartki wy\u0142o\u017cone przy wyj\u015bciu z ko\u015bcio\u0142a.<br \/>\nW Uroczysto\u015b\u0107 Wszystkich \u015awi\u0119tych 1 listopada, Msze \u015bw. w naszej parafii o godz. 9.00 i 10.00. Procesja na cmentarzu w Za\u0142ubicach o godz. 11.30, a po niej Msza \u015bwi\u0119ta o godz. 12.00.<\/li>\n<li>Wszystkim naszym parafianom, dzia\u0142kowiczom i go\u015bciom \u017cycz\u0119\u00a0 dobrej\u00a0 niedzieli\u00a0 i\u00a0 b\u0142ogos\u0142awionego tygodnia.<\/li>\n<li>Zach\u0119cam do czytania prasy katolickiej.<\/li>\n<\/ol>\n<p><strong>Intencje Mszalne <\/strong><\/p>\n<p><strong>15 pa\u017adziernik &#8211; 22 pa\u017adziernik 2017<\/strong><\/p>\n<p><strong><span style=\"color: #ff0000;\">Nd. 15. X. 2017,\u00a0\u00a0 28 Niedziela zwyk\u0142a<br \/>\n<\/span><\/strong>g. <strong>9.00<\/strong>\u00a0 <strong>+<\/strong> Jadwig\u0119\u00a0 z\u00a0 racji\u00a0 imienin\u00a0 i\u00a0 Romana\u00a0 Kostrzew\u00f3w<br \/>\ng. <strong>11.00 + <\/strong>Teres\u0119\u00a0 Krysik<br \/>\n<strong>Pn. 16. X <\/strong>g. 18.00 <strong>+<\/strong> Wojciecha\u00a0 Krawczy\u0144skiego ( int. od ucz. pog.)<br \/>\n<strong>Wt. 17.X <\/strong>g. 7.00 <strong>\u00a0\u00a0+<\/strong> Bogdana \u00a0Korneman ( int. od ucz. pog.)<br \/>\n<strong>\u015ar. 18. X <\/strong>g. 18.00 <strong>+ <\/strong>Bogdana \u00a0Korneman w m-c od pogrzebu<br \/>\n<strong>Czw. 19. X <\/strong>g.\u00a0 7.00 <strong>+<\/strong> Bogdana \u00a0Korneman ( int. od ucz. pog.)<br \/>\n<strong>Pt. 20.X <\/strong>g. 18.00 <strong>+ <\/strong>Bogdana Korneman ( int. od ucz. pog.)<br \/>\n<strong>Sob. 21. X<\/strong><br \/>\ng. 17.30 + Teres\u0119 Dzwonkowsk\u0105; Barbar\u0119 i Zygmunta Ga\u0144ko<br \/>\ng. 18.00 <strong>+<\/strong> Zenona Czapli\u0144skiego<br \/>\n<strong><span style=\"color: #ff0000;\">Nd. 22. X. 2017,\u00a0\u00a0 29\u00a0 Niedziela zwyk\u0142a<br \/>\n<\/span><\/strong>g. <strong>9.00<\/strong>\u00a0 <strong>+<\/strong> Bogdana Korneman ( int. od ucz. pog.)<br \/>\ng. <strong>11.00 + <\/strong>Int. zam.<\/p>\n","protected":false},"excerpt":{"rendered":"<p>Dzisiaj po Mszy \u015bw. o godz. 11.00 spotkanie z Rad\u0105 Parafialn\u0105. Tak\u017ce dzisiaj w polskich ko\u015bcio\u0142ach tradycyjnie liczymy wiernych. W \u015brod\u0119 18 pa\u017adziernika \u015bwi\u0119to \u015bw. \u0141ukasza Ewangelisty; w czwartek 19 pa\u017adziernika liturgiczne wspomnienie ks. Jerzego Popie\u0142uszki; w sobot\u0119 21 pa\u017adziernika wspomnienie \u015bw. Jana Paw\u0142a II papie\u017ca. W przysz\u0142\u0105 niedziel\u0119 przypada [&hellip;]<\/p>\n","protected":false},"author":2,"featured_media":0,"comment_status":"closed","ping_status":"closed","sticky":false,"template":"","format":"standard","meta":[],"categories":[2],"tags":[],"_links":{"self":[{"href":"http:\/\/www.parafiakuligow.pl\/index.php\/wp-json\/wp\/v2\/posts\/933"}],"collection":[{"href":"http:\/\/www.parafiakuligow.pl\/index.php\/wp-json\/wp\/v2\/posts"}],"about":[{"href":"http:\/\/www.parafiakuligow.pl\/index.php\/wp-json\/wp\/v2\/types\/post"}],"author":[{"embeddable":true,"href":"http:\/\/www.parafiakuligow.pl\/index.php\/wp-json\/wp\/v2\/users\/2"}],"replies":[{"embeddable":true,"href":"http:\/\/www.parafiakuligow.pl\/index.php\/wp-json\/wp\/v2\/comments?post=933"}],"version-history":[{"count":3,"href":"http:\/\/www.parafiakuligow.pl\/index.php\/wp-json\/wp\/v2\/posts\/933\/revisions"}],"predecessor-version":[{"id":936,"href":"http:\/\/www.parafiakuligow.pl\/index.php\/wp-json\/wp\/v2\/posts\/933\/revisions\/936"}],"wp:attachment":[{"href":"http:\/\/www.parafiakuligow.pl\/index.php\/wp-json\/wp\/v2\/media?parent=933"}],"wp:term":[{"taxonomy":"category","embeddable":true,"href":"http:\/\/www.parafiakuligow.pl\/index.php\/wp-json\/wp\/v2\/categories?post=933"},{"taxonomy":"post_tag","embeddable":true,"href":"http:\/\/www.parafiakuligow.pl\/index.php\/wp-json\/wp\/v2\/tags?post=933"}],"curies":[{"name":"wp","href":"https:\/\/api.w.org\/{rel}","templated":true}]}}