{"id":923,"date":"2017-09-26T21:58:28","date_gmt":"2017-09-26T19:58:28","guid":{"rendered":"http:\/\/www.parafiakuligow.pl\/?p=923"},"modified":"2017-09-26T22:00:04","modified_gmt":"2017-09-26T20:00:04","slug":"24-wrzesien-2017-25-niedziela-zwykla","status":"publish","type":"post","link":"http:\/\/www.parafiakuligow.pl\/index.php\/2017\/09\/26\/24-wrzesien-2017-25-niedziela-zwykla\/","title":{"rendered":"24 wrzesie\u0144 2017 \u2013 25 Niedziela zwyk\u0142a"},"content":{"rendered":"<ol>\n<li>Dzisiaj po Mszy \u015bw. o godz. 11.00 spotkanie organizacyjne dla rodzic\u00f3w i dzieci przygotowuj\u0105cych si\u0119 do sakramentu I Komunii \u015awi\u0119tej.<\/li>\n<li>W najbli\u017csz\u0105 niedziel\u0119 1 pa\u017adziernika rozpoczynamy nabo\u017ce\u0144stwa r\u00f3\u017ca\u0144cowe w naszej parafii. R\u00f3\u017caniec w tygodniu codziennie po Mszy \u015bw., a w niedziel\u0119 po Mszy \u015bw. o godz. 11.00. Wsp\u00f3lne pobo\u017cne odm\u00f3wienie r\u00f3\u017ca\u0144ca po\u0142\u0105czone z rozwa\u017caniem tajemnic przy spe\u0142nieniu zwyk\u0142ych warunk\u00f3w umo\u017cliwia zyskanie odpustu zupe\u0142nego.<\/li>\n<li>Tak jak w poprzednich latach od 1 pa\u017adziernika zmienia si\u0119 organizacja S\u0142u\u017cby Bo\u017cej w naszym ko\u015bciele z cyklu letniego na zimowy. W niedziel\u0119 nie b\u0119dzie Mszy \u015bw. o godz. 15.00, tylko o godz. 9.00 i 11.00. W tygodniu Msza \u015bw. we wtorki i czwartki o godz. 7.00, a w pozosta\u0142e dni o godz. 18.00.<\/li>\n<li>Od przysz\u0142ej niedzieli b\u0119dzie ju\u017c ksi\u0105\u017cka intencji mszalnych na przysz\u0142y rok. B\u0119dzie mo\u017cna zamawia\u0107 Msze \u015bw. na 2018 rok.<\/li>\n<li>Wszystkim naszym parafianom i dzia\u0142kowiczom odpoczywaj\u0105cym w Kuligowie \u017cycz\u0119 dobrej\u00a0 niedzieli\u00a0 i\u00a0 b\u0142ogos\u0142awionego tygodnia.<\/li>\n<li>Zach\u0119cam do czytania prasy katolickiej<\/li>\n<\/ol>\n<p><strong>Intencje Mszalne <\/strong><strong>24 wrzesie\u0144\u00a0 &#8211; 01 pa\u017adziernik 2017<\/strong><\/p>\n<p><strong><span style=\"color: #ff0000;\">Nd. 24. IX. 2017, 25 Niedziela zwyk\u0142a<\/span><\/strong><br \/>\ng. <strong>9.00<\/strong>\u00a0 + Wojciecha Krawczy\u0144skiego ( int. od ucz. pog.)<br \/>\ng. <strong>11.00 + <\/strong>Aniel\u0119 i Wac\u0142awa Ga\u0142eckich<br \/>\ng. <strong>15.00 + <\/strong>Zdzis\u0142awa Karasiewicza ( int. od ucz. pog.)<\/p>\n<p><strong>Pn.\u00a0 25. IX<\/strong>\u00a0\u00a0\u00a0\u00a0\u00a0\u00a0 g. 19.00 + Stanis\u0142awa Sulejewskiego w 17 r. \u015bm.<br \/>\n<strong>Wt. 26. IX<\/strong>\u00a0\u00a0\u00a0\u00a0\u00a0\u00a0 g.7.00\u00a0\u00a0 + Zdzis\u0142awa Karasiewicza ( int. od ucz. \u00a0pog.)<br \/>\n<strong>\u015ar.\u00a0 27. IX <\/strong>\u00a0\u00a0\u00a0\u00a0\u00a0\u00a0g. 19.00 + Zdzis\u0142awa Karasiewicza ( int. od ucz. pog.)<br \/>\n<strong>Czw. 28. IX<\/strong>\u00a0\u00a0\u00a0\u00a0 g. 7.00 + Zdzis\u0142awa Karasiewicza ( int. od ucz. pog.)<br \/>\n<strong>Pt.\u00a0 29. IX <\/strong>\u00a0\u00a0\u00a0\u00a0\u00a0\u00a0\u00a0g.19.00 + Kazimierza, Kazimier\u0119, El\u017cbiet\u0119, Tadeusza, Zenona, Zdzis\u0142awa, Mariusza Ma\u0142kiewicz<br \/>\n<strong>Sob. 30. IX<\/strong>\u00a0\u00a0\u00a0\u00a0\u00a0 g. 19.00\u00a0 + Zdzis\u0142awa Karasiewicza ( int. od ucz. pog.)<\/p>\n<p><strong><span style=\"color: #ff0000;\">Nd. 1. X. 2017<\/span><\/strong><br \/>\ng. <strong>9.00<\/strong>\u00a0 + int. zam.<br \/>\ng. <strong>11.00 + <\/strong>Aniel\u0119 i Aleksandra Py\u015bkiewicz\u00f3w<\/p>\n","protected":false},"excerpt":{"rendered":"<p>Dzisiaj po Mszy \u015bw. o godz. 11.00 spotkanie organizacyjne dla rodzic\u00f3w i dzieci przygotowuj\u0105cych si\u0119 do sakramentu I Komunii \u015awi\u0119tej. W najbli\u017csz\u0105 niedziel\u0119 1 pa\u017adziernika rozpoczynamy nabo\u017ce\u0144stwa r\u00f3\u017ca\u0144cowe w naszej parafii. R\u00f3\u017caniec w tygodniu codziennie po Mszy \u015bw., a w niedziel\u0119 po Mszy \u015bw. o godz. 11.00. Wsp\u00f3lne pobo\u017cne odm\u00f3wienie [&hellip;]<\/p>\n","protected":false},"author":2,"featured_media":0,"comment_status":"closed","ping_status":"closed","sticky":false,"template":"","format":"standard","meta":[],"categories":[2],"tags":[],"_links":{"self":[{"href":"http:\/\/www.parafiakuligow.pl\/index.php\/wp-json\/wp\/v2\/posts\/923"}],"collection":[{"href":"http:\/\/www.parafiakuligow.pl\/index.php\/wp-json\/wp\/v2\/posts"}],"about":[{"href":"http:\/\/www.parafiakuligow.pl\/index.php\/wp-json\/wp\/v2\/types\/post"}],"author":[{"embeddable":true,"href":"http:\/\/www.parafiakuligow.pl\/index.php\/wp-json\/wp\/v2\/users\/2"}],"replies":[{"embeddable":true,"href":"http:\/\/www.parafiakuligow.pl\/index.php\/wp-json\/wp\/v2\/comments?post=923"}],"version-history":[{"count":3,"href":"http:\/\/www.parafiakuligow.pl\/index.php\/wp-json\/wp\/v2\/posts\/923\/revisions"}],"predecessor-version":[{"id":926,"href":"http:\/\/www.parafiakuligow.pl\/index.php\/wp-json\/wp\/v2\/posts\/923\/revisions\/926"}],"wp:attachment":[{"href":"http:\/\/www.parafiakuligow.pl\/index.php\/wp-json\/wp\/v2\/media?parent=923"}],"wp:term":[{"taxonomy":"category","embeddable":true,"href":"http:\/\/www.parafiakuligow.pl\/index.php\/wp-json\/wp\/v2\/categories?post=923"},{"taxonomy":"post_tag","embeddable":true,"href":"http:\/\/www.parafiakuligow.pl\/index.php\/wp-json\/wp\/v2\/tags?post=923"}],"curies":[{"name":"wp","href":"https:\/\/api.w.org\/{rel}","templated":true}]}}