{"id":919,"date":"2017-09-17T00:32:56","date_gmt":"2017-09-16T22:32:56","guid":{"rendered":"http:\/\/www.parafiakuligow.pl\/?p=919"},"modified":"2017-09-17T00:32:56","modified_gmt":"2017-09-16T22:32:56","slug":"17-wrzesien-2017-24-niedziela-zwykla","status":"publish","type":"post","link":"http:\/\/www.parafiakuligow.pl\/index.php\/2017\/09\/17\/17-wrzesien-2017-24-niedziela-zwykla\/","title":{"rendered":"17 wrzesie\u0144 2017 \u2013 24 Niedziela zwyk\u0142a"},"content":{"rendered":"<ol>\n<li>Go\u015bcimy dzisiaj w naszej parafii ks. Jerzego Guga\u0142a ze Stowarzyszenia Apostolstwa Katolickiego &#8211; ks. Pallotyni. Ks. Jerzy wyg\u0142osi do nas S\u0142owo Bo\u017ce. Otoczmy swoj\u0105 modlitw\u0105 jego osob\u0119 i pos\u0142ug\u0119 misyjn\u0105 dla Ko\u015bcio\u0142a \u015bwi\u0119tego<\/li>\n<li>W poniedzia\u0142ek 18 wrze\u015bnia przypada liturgiczne \u015bwi\u0119to \u015bw. Stanis\u0142awa Kostki patrona dzieci i m\u0142odzie\u017cy. Msza \u015bw. o godz.19.00.<\/li>\n<li>W czwartek 21 wrze\u015bnia liturgiczne \u015bwi\u0119to \u015bw. Mateusza Aposto\u0142a Ewangelisty. Msza \u015bw. o godz. 19.00.<\/li>\n<li>W przysz\u0142\u0105 niedziel\u0119 24 wrze\u015bnia po Mszy \u015bw. o godz. 11.00 spotkanie dla rodzic\u00f3w i dzieci przygotowuj\u0105cych si\u0119 do pierwszej komunii \u015bwi\u0119tej.<\/li>\n<li>Wszystkim naszym parafianom i dzia\u0142kowiczom odpoczywaj\u0105cym w Kuligowie \u017cycz\u0119 dobrej niedzieli i b\u0142ogos\u0142awionego tygodnia.<\/li>\n<li>Zach\u0119cam do czytania prasy katolickiej.<\/li>\n<\/ol>\n<p><strong>Intencje Mszalne 17 &#8211; 24 sierpie\u0144 2017<\/strong><\/p>\n<p><strong><span style=\"color: #ff0000;\">Nd. 17. IX. 2017, 24 Niedziela zwyk\u0142a<\/span><\/strong><\/p>\n<p>g. 9.00 + Zdzis\u0142awa Karasiewicza ( int. od ucz. pog.)<br \/>\ng. 11.00 + Mariann\u0119 i Apolinarego \u0141aszcz; Czes\u0142awa Szpadkiewicza<br \/>\ng. 15.00 + Ann\u0119 Zofi\u0119 Juliana Jusi\u0144skich; Tadeusz Jusi\u0144skiego,<br \/>\nzm. z rodz. Jusi\u0144skich<\/p>\n<p>Pn. 18. IX g. 19.00 + Zdzis\u0142awa Karasiewicza ( int. od ucz. pog.)<br \/>\nWt. 19. IX g. 7.00 + Za dusze w czy\u015b\u0107cu cierpi\u0105ce<br \/>\n\u015ar. 20. IX g. 19.00 + Zdzis\u0142awa Karasiewicza ( int. od ucz. pog.)<br \/>\nCzw. 21. IX g. 19.00 + Zdzis\u0142awa Karasiewicza ( int. od ucz. pog.)<br \/>\nPt. 22. IX g. 19.00. + El\u017cbiet\u0119 Zofi\u0119 Kapeck\u0105 ( int. od ucz. pog.)<br \/>\nSob. 23. IX g. 19.00 + Macieja Jaszewskiego<\/p>\n<p><strong><span style=\"color: #ff0000;\">Nd. 24. IX. 2017, 25 Niedziela zwyk\u0142a<\/span><\/strong><\/p>\n<p>g. 9.00 + Wojciecha Krawczy\u0144skiego ( int. od ucz. pog.)<br \/>\ng. 11.00 + Aniel\u0119 i Wac\u0142awa Ga\u0142eckich<br \/>\ng. 15.00 + Zdzis\u0142awa Karasiewicz ( int. od ucz. pog.)<\/p>\n","protected":false},"excerpt":{"rendered":"<p>Go\u015bcimy dzisiaj w naszej parafii ks. Jerzego Guga\u0142a ze Stowarzyszenia Apostolstwa Katolickiego &#8211; ks. Pallotyni. Ks. Jerzy wyg\u0142osi do nas S\u0142owo Bo\u017ce. Otoczmy swoj\u0105 modlitw\u0105 jego osob\u0119 i pos\u0142ug\u0119 misyjn\u0105 dla Ko\u015bcio\u0142a \u015bwi\u0119tego W poniedzia\u0142ek 18 wrze\u015bnia przypada liturgiczne \u015bwi\u0119to \u015bw. Stanis\u0142awa Kostki patrona dzieci i m\u0142odzie\u017cy. Msza \u015bw. o [&hellip;]<\/p>\n","protected":false},"author":2,"featured_media":0,"comment_status":"closed","ping_status":"closed","sticky":false,"template":"","format":"standard","meta":[],"categories":[2],"tags":[],"_links":{"self":[{"href":"http:\/\/www.parafiakuligow.pl\/index.php\/wp-json\/wp\/v2\/posts\/919"}],"collection":[{"href":"http:\/\/www.parafiakuligow.pl\/index.php\/wp-json\/wp\/v2\/posts"}],"about":[{"href":"http:\/\/www.parafiakuligow.pl\/index.php\/wp-json\/wp\/v2\/types\/post"}],"author":[{"embeddable":true,"href":"http:\/\/www.parafiakuligow.pl\/index.php\/wp-json\/wp\/v2\/users\/2"}],"replies":[{"embeddable":true,"href":"http:\/\/www.parafiakuligow.pl\/index.php\/wp-json\/wp\/v2\/comments?post=919"}],"version-history":[{"count":1,"href":"http:\/\/www.parafiakuligow.pl\/index.php\/wp-json\/wp\/v2\/posts\/919\/revisions"}],"predecessor-version":[{"id":920,"href":"http:\/\/www.parafiakuligow.pl\/index.php\/wp-json\/wp\/v2\/posts\/919\/revisions\/920"}],"wp:attachment":[{"href":"http:\/\/www.parafiakuligow.pl\/index.php\/wp-json\/wp\/v2\/media?parent=919"}],"wp:term":[{"taxonomy":"category","embeddable":true,"href":"http:\/\/www.parafiakuligow.pl\/index.php\/wp-json\/wp\/v2\/categories?post=919"},{"taxonomy":"post_tag","embeddable":true,"href":"http:\/\/www.parafiakuligow.pl\/index.php\/wp-json\/wp\/v2\/tags?post=919"}],"curies":[{"name":"wp","href":"https:\/\/api.w.org\/{rel}","templated":true}]}}