{"id":911,"date":"2017-09-11T12:22:28","date_gmt":"2017-09-11T10:22:28","guid":{"rendered":"http:\/\/www.parafiakuligow.pl\/?p=911"},"modified":"2017-09-11T12:24:27","modified_gmt":"2017-09-11T10:24:27","slug":"10-wrzesien-2017-23-niedziela-zwykla","status":"publish","type":"post","link":"http:\/\/www.parafiakuligow.pl\/index.php\/2017\/09\/11\/10-wrzesien-2017-23-niedziela-zwykla\/","title":{"rendered":"10 wrzesie\u0144 2017 \u2013 23 Niedziela zwyk\u0142a"},"content":{"rendered":"<ol>\n<li>W ubieg\u0142y wtorek parafia nasza prze\u017cywa\u0142a nawiedzenie Matki Bo\u017cej w kopii cudownego wizerunku Pani Jasnog\u00f3rskiej. Serdecznie dzi\u0119kuj\u0119 tym osobom, kt\u00f3re zaanga\u017cowa\u0142y si\u0119 w przygotowanie tej Uroczysto\u015bci.<\/li>\n<li>Dzisiaj na Mszy \u015bw. o godz. 11.00 po\u015bwi\u0119cenie przybor\u00f3w szkolnych.<\/li>\n<li>Dzisiejsze ofiary sk\u0142adane na tac\u0119 w ca\u0142ej naszej diecezji przeznaczone s\u0105 na Seminarium Duchowne.<\/li>\n<li>W przysz\u0142\u0105 niedziel\u0119 przyb\u0119dzie do naszej Parafii i wyg\u0142osi s\u0142owo Bo\u017ce ks. Jerzy Guga\u0142a ze Stowarzyszenia Apostolstwa Katolickiego ( Pallotyni).<\/li>\n<li>W czwartek 14 wrze\u015bnia przypada \u015awi\u0119to Podwy\u017cszenia Krzy\u017ca \u015awi\u0119tego. Msza \u015bw. o godz.19.00. W D\u0105br\u00f3wce odpust parafialny.<\/li>\n<li>Pierwsze powakacyjne spotkanie S\u0142u\u017cby Liturgicznej O\u0142tarza w najbli\u017csz\u0105 sobot\u0119 o godzinie 9.00. Zapraszam wszystkich ch\u0119tnych ch\u0142opc\u00f3w zw\u0142aszcza tych, \u00a0\u00a0\u00a0kt\u00f3rzy w tym roku przyj\u0119li\u00a0 I\u00a0 Komuni\u0119 \u015bw. oraz m\u0142odzie\u0144c\u00f3w.<\/li>\n<li>24 wrze\u015bnia po Mszy \u015bw. o godz. 11.00 spotkanie dla rodzic\u00f3w dzieci przygotowuj\u0105cych si\u0119 do pierwszej komunii \u015bwi\u0119tej<\/li>\n<li>Serdecznie dzi\u0119kuj\u0119 wszystkim parafianom i go\u015bciom, kt\u00f3rzy zasilili nasz fundusz przeznaczony na sprz\u0105tanie i dekoracj\u0119 Ko\u015bcio\u0142a. Zach\u0119cam r\u00f3wnie\u017c te rodziny i osoby, kt\u00f3re jeszcze tego nie uczyni\u0142y, a kt\u00f3rych sytuacja materialna na to pozwala.<\/li>\n<li>Od pa\u017adziernika tak, jak w latach poprzednich zmieni si\u0119 organizacja S\u0142u\u017cby Bo\u017cej w naszej parafii. W niedziel\u0119 pozostan\u0105 dwie Msze \u015bw. o godz. 9.00 i 11.00 \u2013 nie b\u0119dzie Mszy \u015bw. o godz. 15.00. W dni powszednie Msza \u015bw. wieczorna b\u0119dzie odprawiana o godzin\u0119 wcze\u015bniej tzn. nie o 19.00, ale o godz. 18.00. We wtorki i czwartki Msza \u015bw. b\u0119dzie odprawiana o godz. 7.00.<br \/>\n<strong>Nowy porz\u0105dek Mszy \u015bw. od pocz\u0105tku pa\u017adziernika<\/strong> do ko\u0144ca maja b\u0119dzie przedstawia\u0142 si\u0119 nast\u0119puj\u0105co:<br \/>\nNiedziela\u00a0\u00a0\u00a0\u00a0\u00a0\u00a0\u00a0\u00a0 godz.\u00a0\u00a0 9.00 i 11.00<br \/>\nPoniedzia\u0142ek\u00a0\u00a0\u00a0 godz.\u00a0 18.00<br \/>\nWtorek\u00a0\u00a0\u00a0\u00a0\u00a0\u00a0\u00a0\u00a0\u00a0\u00a0\u00a0 godz.\u00a0\u00a0 7.00<br \/>\n\u015aroda\u00a0\u00a0\u00a0\u00a0\u00a0\u00a0\u00a0\u00a0\u00a0\u00a0\u00a0\u00a0\u00a0 godz.\u00a0 18.00<br \/>\nCzwartek\u00a0\u00a0\u00a0\u00a0\u00a0\u00a0\u00a0\u00a0 godz.\u00a0\u00a0 7.00<br \/>\nPi\u0105tek\u00a0\u00a0\u00a0\u00a0\u00a0\u00a0\u00a0\u00a0\u00a0\u00a0\u00a0\u00a0\u00a0 godz. 18.00<br \/>\nSobota\u00a0\u00a0\u00a0\u00a0\u00a0\u00a0\u00a0\u00a0\u00a0\u00a0\u00a0\u00a0 godz. 18.00<\/li>\n<li>Wszystkim naszym parafianom i dzia\u0142kowiczom odpoczywaj\u0105cym w Kuligowie \u017cycz\u0119 dobrej\u00a0 niedzieli\u00a0 i\u00a0 b\u0142ogos\u0142awionego tygodnia.<\/li>\n<li>Zach\u0119cam do czytania prasy katolickiej.<\/li>\n<\/ol>\n<p><strong>Intencje Mszalne 10\u00a0 &#8211; 17 wrzesie\u0144 2017<\/strong><\/p>\n<p><strong><span style=\"color: #ff0000;\">Nd. 10. IX. 2017, 23 niedziela zwyk\u0142a<br \/>\n<\/span><\/strong>g. 9.00\u00a0 + Helen\u0119 Podg\u00f3rsk\u0105<br \/>\ng. 11.00 + W\u0142odzimierza Piwowarskiego ( int. od ucz. pog.)<br \/>\ng. 15.00 + El\u017cbiet\u0119 Zofi\u0119 Kapeck\u0105 ( int. od ucz. pog.)<\/p>\n<p><strong>Pn.\u00a0 11. IX<\/strong>\u00a0\u00a0\u00a0\u00a0\u00a0\u00a0 g. 18.00 + W\u0142odzimierza Piwowarskiego ( int. od ucz. pog.)<br \/>\n<strong>Wt. 12. IX<\/strong>\u00a0\u00a0\u00a0\u00a0\u00a0\u00a0\u00a0 g. 7.00\u00a0\u00a0 + El\u017cbiet\u0119 Zofi\u0119 Kapeck\u0105 ( int. od ucz. pog.)<br \/>\n<strong>\u015ar.\u00a0 13. IX <\/strong>\u00a0\u00a0\u00a0\u00a0\u00a0\u00a0 g. 18.00 + El\u017cbiet\u0119 Zofi\u0119 Kapeck\u0105 ( int. od ucz. pog.)<br \/>\n<strong>Czw. 24. IX<\/strong>\u00a0\u00a0\u00a0\u00a0 g. 7.00\u00a0\u00a0 + Za dusze w czy\u015b\u0107cu cierpi\u0105ce<br \/>\n<strong>Pt.\u00a0 15. IX <\/strong>\u00a0\u00a0\u00a0\u00a0\u00a0\u00a0 g. 18.00. + El\u017cbiet\u0119 Zofi\u0119 Kapeck\u0105 ( int. od ucz. pog.)<br \/>\n<strong>Sob. 16. IX<\/strong><br \/>\ng. 17.00\u00a0 \u015alub: Adrianna Natalia\u00a0 Czerwi\u0144ska i Arkadiusz Wi\u015bniewski<br \/>\ng.18.00 + Boles\u0142awa i Boles\u0142awa Sikora<\/p>\n<p><strong><span style=\"color: #ff0000;\">Nd. 17. IX. 2017,\u00a0\u00a0 24 Niedziela zwyk\u0142a<br \/>\n<\/span><\/strong>g. 9.00\u00a0 + Zdzis\u0142awa Karasiewicza ( int. od ucz. pog.)<br \/>\ng. 11.00 + Mariann\u0119 i Apolinarego \u0141aszcz; Czes\u0142awa Szpadkiewicza<br \/>\ng. 15.00 Int. zam.<\/p>\n<p>&nbsp;<\/p>\n","protected":false},"excerpt":{"rendered":"<p>W ubieg\u0142y wtorek parafia nasza prze\u017cywa\u0142a nawiedzenie Matki Bo\u017cej w kopii cudownego wizerunku Pani Jasnog\u00f3rskiej. Serdecznie dzi\u0119kuj\u0119 tym osobom, kt\u00f3re zaanga\u017cowa\u0142y si\u0119 w przygotowanie tej Uroczysto\u015bci. Dzisiaj na Mszy \u015bw. o godz. 11.00 po\u015bwi\u0119cenie przybor\u00f3w szkolnych. Dzisiejsze ofiary sk\u0142adane na tac\u0119 w ca\u0142ej naszej diecezji przeznaczone s\u0105 na Seminarium Duchowne. [&hellip;]<\/p>\n","protected":false},"author":2,"featured_media":0,"comment_status":"closed","ping_status":"closed","sticky":false,"template":"","format":"standard","meta":[],"categories":[2],"tags":[],"_links":{"self":[{"href":"http:\/\/www.parafiakuligow.pl\/index.php\/wp-json\/wp\/v2\/posts\/911"}],"collection":[{"href":"http:\/\/www.parafiakuligow.pl\/index.php\/wp-json\/wp\/v2\/posts"}],"about":[{"href":"http:\/\/www.parafiakuligow.pl\/index.php\/wp-json\/wp\/v2\/types\/post"}],"author":[{"embeddable":true,"href":"http:\/\/www.parafiakuligow.pl\/index.php\/wp-json\/wp\/v2\/users\/2"}],"replies":[{"embeddable":true,"href":"http:\/\/www.parafiakuligow.pl\/index.php\/wp-json\/wp\/v2\/comments?post=911"}],"version-history":[{"count":4,"href":"http:\/\/www.parafiakuligow.pl\/index.php\/wp-json\/wp\/v2\/posts\/911\/revisions"}],"predecessor-version":[{"id":915,"href":"http:\/\/www.parafiakuligow.pl\/index.php\/wp-json\/wp\/v2\/posts\/911\/revisions\/915"}],"wp:attachment":[{"href":"http:\/\/www.parafiakuligow.pl\/index.php\/wp-json\/wp\/v2\/media?parent=911"}],"wp:term":[{"taxonomy":"category","embeddable":true,"href":"http:\/\/www.parafiakuligow.pl\/index.php\/wp-json\/wp\/v2\/categories?post=911"},{"taxonomy":"post_tag","embeddable":true,"href":"http:\/\/www.parafiakuligow.pl\/index.php\/wp-json\/wp\/v2\/tags?post=911"}],"curies":[{"name":"wp","href":"https:\/\/api.w.org\/{rel}","templated":true}]}}