{"id":890,"date":"2017-08-26T10:20:40","date_gmt":"2017-08-26T08:20:40","guid":{"rendered":"http:\/\/www.parafiakuligow.pl\/?p=890"},"modified":"2017-08-31T22:43:26","modified_gmt":"2017-08-31T20:43:26","slug":"27-sierpien-2017-21-niedziela-zwykla","status":"publish","type":"post","link":"http:\/\/www.parafiakuligow.pl\/index.php\/2017\/08\/26\/27-sierpien-2017-21-niedziela-zwykla\/","title":{"rendered":"27 sierpie\u0144 2017 \u2013 21 niedziela zwyk\u0142a"},"content":{"rendered":"<ol>\n<li>Do Sakramentu Ma\u0142\u017ce\u0144stwa przygotowuj\u0105 si\u0119 nast\u0119puj\u0105ce osoby:<br \/>\n<strong>Marcin Augustyniak<\/strong>, kawaler z parafii Podwy\u017cszenia Krzy\u017ca \u015aw. D\u0105br\u00f3wka<br \/>\n<strong>Dagmara Grze\u015bkiewicz<\/strong>, panna z parafii tutejszej, <strong>zapowied\u017a II.<br \/>\n<\/strong>Kto by wiedzia\u0142 o przeszkodach zachodz\u0105cych mi\u0119dzy tymi osobami, proszony jest o poinformowanie w kancelarii\u00a0 parafialnej. Polecamy tych narzeczonych modlitwie wiernych.<\/li>\n<li>Serdeczne dzi\u0119kuj\u0119 za udzia\u0142 w uroczysto\u015bci odpustowej, kt\u00f3r\u0105 obchodzili\u015bmy w minion\u0105 niedziel\u0119: szczeg\u00f3lnie tym osobom, kt\u00f3re zatroszczy\u0142y si\u0119 o wystr\u00f3j naszej \u015bwi\u0105tyni.<\/li>\n<li>W najbli\u017csza sobot\u0119 2 wrze\u015bnia, doroczna procesja dzi\u0119kczynna do krzy\u017cy<br \/>\nw Kuligowie. Rozpoczniemy Msz\u0105 \u015bw. o godz. 17.00, po czy wyruszymy<br \/>\ndo pierwszego krzy\u017ca na rogu ul. Kr\u0119tej i Ko\u015bcielnej, a zako\u0144czymy przy Krzy\u017cu na placu przy Ko\u015bciele. Zadbajmy o dekoracje naszych Krzy\u017cy. Niech b\u0119d\u0105 wyrazem naszej wiary.<\/li>\n<li>W sobot\u0119 2 wrze\u015bnia o\u00a0 12.00 \u00a0na placu przed Kolegiat\u0105 Przemienienia Pa\u0144skiego w Radzyminie &#8211; inauguracja Peregrynacji Obrazu Matki Bo\u017cej Cz\u0119stochowskiej w\u00a0Diecezji Warszawsko-Praskiej. O godz. 17.00 rozpocz\u0119cie nawiedzenia Parafii Przemienia Pa\u0144skiego w\u00a0Radzyminie.<\/li>\n<li>Rekolekcje parafialne przed peregrynacj\u0105 obrazu Matki Bo\u017cej w Kuligowie odb\u0119d\u0105 si\u0119 w terminie 31 sierpnia \u2013 03 wrze\u015bnia br.<br \/>\n&#8211; w dniach <strong>31.08, 1.09<\/strong> \u00a0b\u0119d\u0105 odprawiane Msze \u015bw. o godz. 11.00 i 19.00;<br \/>\n&#8211; w sobot\u0119 <strong>2.09<\/strong> o godz. 11.00 i 17.00.<br \/>\n&#8211; w niedziel\u0119 <strong>3.09<\/strong> Msze \u015bw. w\/g porz\u0105dku\u00a0 niedzielnego.<br \/>\nRekolekcje wyg\u0142osi O. Artur Piwowarczyk ze Zgromadzenia Misjonarzy Oblaci Maryi Niepokalanej. Spowied\u017a 1 i 2 wrze\u015bnia na p\u00f3\u0142 godziny przed Msz\u0105 \u015bw. oraz podczas Mszy \u015bw.<\/li>\n<li>1-go wrze\u015bnia przypada 78 rocznica wybuchu II wojny \u015bwiatowej. W swoich modlitwach pami\u0119tajmy o tych, kt\u00f3rzy oddali swoje \u017cycie w obronie Ojczyzny.<\/li>\n<li>W tym tygodniu przypada pierwszy pi\u0105tek i sobota miesi\u0105ca.<\/li>\n<li>W przysz\u0142\u0105 niedziel\u0119 3 wrze\u015bnia z racji I niedzieli miesi\u0105ca adoracja Naj\u015bwi\u0119tszego Sakramentu o godz. 10.30.<\/li>\n<li>Wszystkim naszym parafianom i go\u015bciom odpoczywaj\u0105 w Kuligowie \u017cycz\u0119\u00a0 dobrej\u00a0 niedzieli\u00a0 i\u00a0 b\u0142ogos\u0142awionego tygodnia.<\/li>\n<li>W niedziel\u0119 po Mszach \u015bw. b\u0119dzie zbierana ofiara na Katolicki O\u015brodek Adopcyjny.<\/li>\n<li>\u00a0Zach\u0119cam do czytania prasy katolickiej.<\/li>\n<\/ol>\n<p>&nbsp;<\/p>\n<p><strong>Intencje Mszalne 27\u00a0 &#8211; 03 sierpie\u0144 2017<\/strong><\/p>\n<p><strong><span style=\"color: #ff0000;\">Nd. 27. VIII 2017, 21 niedziela zwyk\u0142a <\/span><\/strong><br \/>\ng. <strong>9.00<\/strong>\u00a0 + Kazimierza Bieleckiego oraz Bogdana Ga\u0142eckiego<br \/>\ng. <strong>11.00\u00a0 + <\/strong>Leonarda Sumi\u0142a<br \/>\ng. <strong>15.00\u00a0 + <\/strong>int. wolna<\/p>\n<p><strong>Pn.\u00a0 28. VIII<\/strong>\u00a0\u00a0\u00a0 g. 19.00\u00a0 + Zdzis\u0142awa Czarneckiego ( int. od ucz. pog.)<br \/>\n<strong>Wt. 29. VIII<\/strong>\u00a0\u00a0\u00a0\u00a0 g. 7.00\u00a0\u00a0\u00a0 + Zdzis\u0142awa Czarneckiego ( int. od ucz. pog.)<br \/>\n<strong>\u015ar.\u00a0 30. VIII<\/strong>\u00a0\u00a0\u00a0\u00a0 g. 19.00 \u00a0+ Zdzis\u0142awa Czarneckiego ( int. od ucz. pog.)<\/p>\n<p><strong>REKOLEKCJE\u00a0 PARAFIALNE<\/strong><\/p>\n<p><strong>Czw. 31. VIII<\/strong><br \/>\ng. 11.00 + W\u0142odzimierza Piwowarskiego ( int. od ucz. pog.)<br \/>\ng. 19.00 + Zdzis\u0142awa Czarneckiego ( int. od ucz. pog.)<br \/>\n<strong>Pt.\u00a0 1. IX <\/strong><br \/>\ng. 11.00 + Zdzis\u0142awa Karasiewicza w 30 dzie\u0144 po \u015bm.<br \/>\ng. 19.00 + El\u017cbiet\u0119 Zofi\u0119 Kapeck\u0105 ( int. od ucz. pog.)<br \/>\n<strong>Sob. 2. IX<\/strong><br \/>\ng. 11.00 + W\u0142odzimierza Piwowarskiego ( int. od ucz. pog.)<br \/>\ng.17.00 \u00a0+ El\u017cbiet\u0119 Zofi\u0119 Kapeck\u0105 ( int. od ucz. pog.)<\/p>\n<p><strong><span style=\"color: #ff0000;\">Nd. 2. IX 2017, 22 niedziela zwyk\u0142a <\/span><\/strong><br \/>\ng. <strong>9.00<\/strong>\u00a0 + Int. zam.<br \/>\ng. <strong>11.00\u00a0 + <\/strong>Stefana i Stefani\u0119 Za\u0142\u0119ckich<br \/>\ng. <strong>15.00\u00a0 + <\/strong>Stanis\u0142aw\u0105 Jusi\u0144skiego<\/p>\n","protected":false},"excerpt":{"rendered":"<p>Do Sakramentu Ma\u0142\u017ce\u0144stwa przygotowuj\u0105 si\u0119 nast\u0119puj\u0105ce osoby: Marcin Augustyniak, kawaler z parafii Podwy\u017cszenia Krzy\u017ca \u015aw. D\u0105br\u00f3wka Dagmara Grze\u015bkiewicz, panna z parafii tutejszej, zapowied\u017a II. Kto by wiedzia\u0142 o przeszkodach zachodz\u0105cych mi\u0119dzy tymi osobami, proszony jest o poinformowanie w kancelarii\u00a0 parafialnej. Polecamy tych narzeczonych modlitwie wiernych. Serdeczne dzi\u0119kuj\u0119 za udzia\u0142 w [&hellip;]<\/p>\n","protected":false},"author":2,"featured_media":0,"comment_status":"closed","ping_status":"closed","sticky":false,"template":"","format":"standard","meta":[],"categories":[2],"tags":[],"_links":{"self":[{"href":"http:\/\/www.parafiakuligow.pl\/index.php\/wp-json\/wp\/v2\/posts\/890"}],"collection":[{"href":"http:\/\/www.parafiakuligow.pl\/index.php\/wp-json\/wp\/v2\/posts"}],"about":[{"href":"http:\/\/www.parafiakuligow.pl\/index.php\/wp-json\/wp\/v2\/types\/post"}],"author":[{"embeddable":true,"href":"http:\/\/www.parafiakuligow.pl\/index.php\/wp-json\/wp\/v2\/users\/2"}],"replies":[{"embeddable":true,"href":"http:\/\/www.parafiakuligow.pl\/index.php\/wp-json\/wp\/v2\/comments?post=890"}],"version-history":[{"count":7,"href":"http:\/\/www.parafiakuligow.pl\/index.php\/wp-json\/wp\/v2\/posts\/890\/revisions"}],"predecessor-version":[{"id":898,"href":"http:\/\/www.parafiakuligow.pl\/index.php\/wp-json\/wp\/v2\/posts\/890\/revisions\/898"}],"wp:attachment":[{"href":"http:\/\/www.parafiakuligow.pl\/index.php\/wp-json\/wp\/v2\/media?parent=890"}],"wp:term":[{"taxonomy":"category","embeddable":true,"href":"http:\/\/www.parafiakuligow.pl\/index.php\/wp-json\/wp\/v2\/categories?post=890"},{"taxonomy":"post_tag","embeddable":true,"href":"http:\/\/www.parafiakuligow.pl\/index.php\/wp-json\/wp\/v2\/tags?post=890"}],"curies":[{"name":"wp","href":"https:\/\/api.w.org\/{rel}","templated":true}]}}