{"id":881,"date":"2017-08-18T20:59:42","date_gmt":"2017-08-18T18:59:42","guid":{"rendered":"http:\/\/www.parafiakuligow.pl\/?p=881"},"modified":"2017-08-21T10:40:10","modified_gmt":"2017-08-21T08:40:10","slug":"20-sierpien-2017-20-niedziela-zwykla","status":"publish","type":"post","link":"http:\/\/www.parafiakuligow.pl\/index.php\/2017\/08\/18\/20-sierpien-2017-20-niedziela-zwykla\/","title":{"rendered":"20 sierpie\u0144 2017 \u2013 20 niedziela zwyk\u0142a  \u00a0"},"content":{"rendered":"<p>&nbsp;<\/p>\n<ol>\n<li>Do Sakramentu Ma\u0142\u017ce\u0144stwa przygotowuj\u0105 si\u0119 nast\u0119puj\u0105ce osoby:<br \/>\n<strong>Marcin Augustyniak<\/strong>, kawaler z parafii Podwy\u017cszenia Krzy\u017ca \u015aw. D\u0105br\u00f3wka<br \/>\n<strong>Dagmara Grze\u015bkiewicz<\/strong>, panna z parafii tutejszej, <strong><strong>zapowied\u017a I.<br \/>\n<\/strong><\/strong>Kto by wiedzia\u0142 o przeszkodach zachodz\u0105cych mi\u0119dzy tymi osobami, proszony jest o poinformowanie w kancelarii\u00a0 parafialnej. Polecamy tych narzeczonych modlitwie wiernych.<\/li>\n<\/ol>\n<ol start=\"2\">\n<li>W dniu dzisiejszym obchodzimy odpust ku czci Matki Bo\u017cej Loreta\u0144skiej. Sum\u0119 odpustow\u0105 o godz. 11.00 odprawi i kazanie wyg\u0142osi ks. Profesor Wies\u0142aw Bo\u017cejewicz z Warszawy. Po Mszy \u015bw. uroczysta procesja. Do wsp\u00f3lnej modlitwy i orszaku procesyjnego zapraszam asyst\u0119 liturgiczn\u0105, Ochotnicz\u0105 Stra\u017c Po\u017carn\u0105, dzieci, m\u0142odzie\u017c, parafian i wszystkich go\u015bci.<\/li>\n<li>W sobot\u0119 26 sierpnia przypada Uroczysto\u015b\u0107 NMP Cz\u0119stochowskiej. Msza \u015bw. w naszej parafii o godzinie 19.00.<\/li>\n<li>Tegoroczne do\u017cynki Diecezji Warszawsko &#8211; Praskiej odb\u0119d\u0105 si\u0119 w Wo\u0142ominie27 sierpnia o godz. 13.30 na terenie O\u015brodka Sportu i Rekreacji \u201e Huragan\u201d. Uroczyst\u0105 Msz\u0105 \u015bw. podzi\u0119kujemy Bogu za tegoroczne zbiory.<\/li>\n<li>Doroczna, dzi\u0119kczynna procesja do Krzy\u017cy w Kuligowie odb\u0119dzie si\u0119 w sobot\u0119 2 wrze\u015bnia w ramach rekolekcji przed peregrynacj\u0105 Obrazu Matki Bo\u017cej. Wydarzenie to rozpoczniemy Msz\u0105 \u015bw. w Ko\u015bciele o godz. 17.00.<\/li>\n<li>Zgodnie z zapowiedzi\u0105, dzi\u015b zbieramy ofiary do puszek na rzecz pomocy w odbudowie i odrestaurowaniu katedry diecezji Zielonog\u00f3rsko &#8211; Gorzowskiej.<\/li>\n<li>Wszystkim naszym parafianom i go\u015bciom odpoczywaj\u0105 w Kuligowie \u017cycz\u0119\u00a0 dobrej\u00a0 niedzieli\u00a0 i\u00a0 b\u0142ogos\u0142awionego tygodnia.<\/li>\n<li>Zach\u0119cam do czytania prasy katolickiej.<\/li>\n<\/ol>\n<p>&nbsp;<\/p>\n<p><strong>Intencje Mszalne 20\u00a0 &#8211; 27 sierpie\u0144 2017<\/strong><\/p>\n<p><strong><span style=\"color: #ff0000;\">Nd. 20. VIII 2017, 20 niedziela zwyk\u0142a \/ODPUST\/<\/span><\/strong><\/p>\n<p>g.<strong> 9.00<\/strong>\u00a0 + int. zam.<br \/>\ng.<strong> 11.00\u00a0 + <\/strong>Za Parafian (Suma Odpustowa)<br \/>\ng.<strong> 15.00\u00a0 + <\/strong>Halin\u0119 Buta<\/p>\n<p><strong>Pn.\u00a0 21. VIII<\/strong>\u00a0\u00a0\u00a0\u00a0\u00a0\u00a0 g. 19.00\u00a0 + Za\u00a0 dusze w czy\u015b\u0107cu cierpi\u0105ce<br \/>\n<strong>Wt. 22. VIII<\/strong>\u00a0\u00a0\u00a0\u00a0\u00a0\u00a0 g. 7.00\u00a0\u00a0\u00a0 + Zdzis\u0142awa Czarneckiego ( int. od ucz. pog.)<br \/>\n<strong>\u015ar.\u00a0 23. VIII<\/strong>\u00a0\u00a0\u00a0\u00a0\u00a0\u00a0\u00a0 g. 19.00 + W\u0142odzimierza Piwowarskiego ( int. od ucz. pog.)<br \/>\n<strong>Czw. 24. VIII<\/strong> \u00a0\u00a0\u00a0 g. 7.00\u00a0\u00a0 + Zdzis\u0142awa Czarneckiego ( int. od ucz. pog.)<br \/>\n<strong>Pt.\u00a0 25. VIII<\/strong> \u00a0\u00a0\u00a0\u00a0\u00a0 g. 19.00. + Zdzis\u0142awa Czarneckiego ( int. od ucz. pog.)<br \/>\n<strong>Sob. 26. VIII<\/strong> \u00a0\u00a0\u00a0\u00a0 g. 19.00\u00a0 + Stanis\u0142awa Karasiewicza w 17 r. \u015bm. i \u00a0Leokadi\u0119 Karasiewicz<\/p>\n<p><strong><span style=\"color: #ff0000;\">Nd. 27. VIII 2017, 21 niedziela zwyk\u0142a <\/span><\/strong><\/p>\n<p>g.<strong> 9.00<\/strong>\u00a0 + Kazimierza Bieleckiego oraz Bogdana Ga\u0142eckiego<br \/>\ng.<strong> 11.00\u00a0 + <\/strong>Leonarda Sumi\u0142a<br \/>\ng.<strong> 15.00\u00a0 + <\/strong>int. zam.<\/p>\n","protected":false},"excerpt":{"rendered":"<p>&nbsp; Do Sakramentu Ma\u0142\u017ce\u0144stwa przygotowuj\u0105 si\u0119 nast\u0119puj\u0105ce osoby: Marcin Augustyniak, kawaler z parafii Podwy\u017cszenia Krzy\u017ca \u015aw. D\u0105br\u00f3wka Dagmara Grze\u015bkiewicz, panna z parafii tutejszej, zapowied\u017a I. Kto by wiedzia\u0142 o przeszkodach zachodz\u0105cych mi\u0119dzy tymi osobami, proszony jest o poinformowanie w kancelarii\u00a0 parafialnej. Polecamy tych narzeczonych modlitwie wiernych. W dniu dzisiejszym obchodzimy [&hellip;]<\/p>\n","protected":false},"author":2,"featured_media":0,"comment_status":"closed","ping_status":"closed","sticky":false,"template":"","format":"standard","meta":[],"categories":[2],"tags":[],"_links":{"self":[{"href":"http:\/\/www.parafiakuligow.pl\/index.php\/wp-json\/wp\/v2\/posts\/881"}],"collection":[{"href":"http:\/\/www.parafiakuligow.pl\/index.php\/wp-json\/wp\/v2\/posts"}],"about":[{"href":"http:\/\/www.parafiakuligow.pl\/index.php\/wp-json\/wp\/v2\/types\/post"}],"author":[{"embeddable":true,"href":"http:\/\/www.parafiakuligow.pl\/index.php\/wp-json\/wp\/v2\/users\/2"}],"replies":[{"embeddable":true,"href":"http:\/\/www.parafiakuligow.pl\/index.php\/wp-json\/wp\/v2\/comments?post=881"}],"version-history":[{"count":6,"href":"http:\/\/www.parafiakuligow.pl\/index.php\/wp-json\/wp\/v2\/posts\/881\/revisions"}],"predecessor-version":[{"id":889,"href":"http:\/\/www.parafiakuligow.pl\/index.php\/wp-json\/wp\/v2\/posts\/881\/revisions\/889"}],"wp:attachment":[{"href":"http:\/\/www.parafiakuligow.pl\/index.php\/wp-json\/wp\/v2\/media?parent=881"}],"wp:term":[{"taxonomy":"category","embeddable":true,"href":"http:\/\/www.parafiakuligow.pl\/index.php\/wp-json\/wp\/v2\/categories?post=881"},{"taxonomy":"post_tag","embeddable":true,"href":"http:\/\/www.parafiakuligow.pl\/index.php\/wp-json\/wp\/v2\/tags?post=881"}],"curies":[{"name":"wp","href":"https:\/\/api.w.org\/{rel}","templated":true}]}}