{"id":875,"date":"2017-08-12T09:29:57","date_gmt":"2017-08-12T07:29:57","guid":{"rendered":"http:\/\/www.parafiakuligow.pl\/?p=875"},"modified":"2017-08-12T22:39:12","modified_gmt":"2017-08-12T20:39:12","slug":"ogloszenia-parafialne-13-sierpien-2017-19-niedziela-zwykla","status":"publish","type":"post","link":"http:\/\/www.parafiakuligow.pl\/index.php\/2017\/08\/12\/ogloszenia-parafialne-13-sierpien-2017-19-niedziela-zwykla\/","title":{"rendered":"Og\u0142oszenia Parafialne 13 sierpie\u0144 2017 \u2013 19 niedziela zwyk\u0142a"},"content":{"rendered":"<p>&nbsp;<\/p>\n<ol>\n<li>W przysz\u0142\u0105 niedziel\u0119 20 sierpnia w naszej parafii b\u0119dziemy prze\u017cywa\u0107 uroczysto\u015b\u0107 odpustow\u0105. Sum\u0119 odpustow\u0105 o godz.11.00 odprawi i kazanie wyg\u0142osi ks. Profesor Wies\u0142aw Bo\u017cejewicz z Warszawy. Po Mszy \u015bw. Procesja. Do orszaku procesyjnego zapraszam ministrant\u00f3w, bielanki, dzieci, m\u0142odzie\u017c, doros\u0142ych parafian i go\u015bci. Po Mszy \u015bw. organizatorzy zapraszaj\u0105 na piknik rodzinny. Jest to wydarzenie dla ka\u017cdego z nas radosne. Obok zewn\u0119trznego wymiaru tego dnia, pragniemy w spos\u00f3b szczeg\u00f3lny prze\u017cy\u0107 ten czas w \u0142\u0105czno\u015bci z Bogiem na Eucharystii, do\u015bwiadczaj\u0105c Jego mi\u0142osierdzia.<\/li>\n<li>We wtorek 15 sierpnia przypada Uroczysto\u015b\u0107 Wniebowzi\u0119cia NMP, Matki Bo\u017cej Zwyci\u0119skiej Patronki Diecezji i \u015awi\u0119to Wojska polskiego. Msze \u015bw. jak w ka\u017cd\u0105 niedziel\u0119 o godz. 9.00, 11.00 i 15.00. Na ka\u017cdej Mszy \u015bw. po\u015bwi\u0119cenie zi\u00f3\u0142 i kwiat\u00f3w.<\/li>\n<li>Dnia 22 sierpnia w Sanktuarium \u015bw. Jana Paw\u0142a II w Radzyminie podczas Mszy \u015bw. o godz. 18.00 Ks. Abp Henryk Hoser dokona Koronacja figury Matki Bo\u017cej Fatimskiej koron\u0105 papiesk\u0105.<\/li>\n<li>Doroczna, dzi\u0119kczynna procesja do Krzy\u017cy w Kuligowie odb\u0119dzie si\u0119 w sobot\u0119 2 wrze\u015bnia w ramach rekolekcji przed peregrynacj\u0105 Obrazu Matki Bo\u017cej. Wydarzenie rozpoczniemy Msz\u0105 \u015bw. w Ko\u015bciele o godz. 17.00. Tradycyjnie zatroszczmy si\u0119 o odnowienie i dekoracj\u0119 naszych krzy\u017cy. Wyrazimy w ten spos\u00f3b nasze \u015bwiadectwo wiary.<\/li>\n<li>Wszystkim naszym parafianom i go\u015bciom odpoczywaj\u0105 w Kuligowie\u00a0\u017cycz\u0119 dobrej niedzieli i b\u0142ogos\u0142awionego tygodnia.<\/li>\n<li>Zach\u0119cam do czytania prasy katolickiej.<\/li>\n<\/ol>\n<p><strong>Intencje Mszalne 13 &#8211; 20 sierpie\u0144 2017<\/strong><\/p>\n<p><strong><span style=\"color: #ff0000;\">Nd. 13. VIII 2017, 19 niedziela zwyk\u0142a<\/span><\/strong><\/p>\n<p>g.<strong> 9.00<\/strong>\u00a0 int. zam.<br \/>\ng. <strong>11.00 + <\/strong>Adama Wieteska w 10 r. \u015bm.; Zdzis\u0142awa Czarneckiego\u00a0 w m-c od pogrzebu<br \/>\ng. <strong>15.00\u00a0 + <\/strong>Stanis\u0142aw\u0119 i Romana Bieleckich<\/p>\n<p><strong>Pn. 14. VIII<\/strong>\u00a0\u00a0\u00a0\u00a0\u00a0\u00a0 g. 19.00\u00a0 + Zdzis\u0142awa Czarneckiego ( int.\u00a0 od ucz. pog.)<br \/>\n<strong><span style=\"color: #ff0000;\">Wt. 15. VIII\u00a02017 Wniebowzi\u0119cie Naj\u015bwi\u0119tszej Marii Panny<\/span><\/strong><br \/>\ng. 9.00\u00a0\u00a0\u00a0 + Mariann\u0119 Jaworsk\u0105 z okazji imienin<br \/>\ng.11.00\u00a0 + Salomei i Boles\u0142awa Mianowskiego<br \/>\ng.15.00\u00a0 + Stanis\u0142awa, Jana, Grzegorza Nyczke; Franciszk\u0119,\u00a0Edmunda i Bart\u0142omieja Krawu\u015b<\/p>\n<p><strong>\u015ar. 16. VIII<\/strong>\u00a0\u00a0\u00a0\u00a0\u00a0\u00a0\u00a0 g. 19.00\u00a0 + Za dusze w czy\u015b\u0107cu cierpi\u0105ce<br \/>\n<strong>Czw. 17. VIII<\/strong> \u00a0\u00a0\u00a0 g. 7.00 + Wojciecha Horody\u0144skiego w 5 rocz. \u015am.<br \/>\n<strong>Pt. 18. VIII<\/strong><br \/>\ng. 18.30. + Jerzego Kornowskiego w 4 rocz. \u015bm.<br \/>\ng.19.00 + Zdzis\u0142awa Czarneckiego ( int. od ucz. pog.)<br \/>\n<strong>Sob. 19. VIII<\/strong> \u00a0\u00a0\u00a0\u00a0 g. 19.00\u00a0 + Dariusz B\u0142aszczuka<\/p>\n<p><strong><span style=\"color: #ff0000;\">Nd. 20. VIII 2017, 20 niedziela zwyk\u0142a \/ODPUST\/<\/span><\/strong><\/p>\n<p>g.<strong>9.00<\/strong>\u00a0 + Int. zam.<br \/>\ng.<strong>11.00 + <\/strong>Za Parafian<br \/>\ng.<strong>15.00<\/strong> + Int. zam.<\/p>\n<p><strong>\u00a0 <\/strong><\/p>\n","protected":false},"excerpt":{"rendered":"<p>&nbsp; W przysz\u0142\u0105 niedziel\u0119 20 sierpnia w naszej parafii b\u0119dziemy prze\u017cywa\u0107 uroczysto\u015b\u0107 odpustow\u0105. Sum\u0119 odpustow\u0105 o godz.11.00 odprawi i kazanie wyg\u0142osi ks. Profesor Wies\u0142aw Bo\u017cejewicz z Warszawy. Po Mszy \u015bw. Procesja. Do orszaku procesyjnego zapraszam ministrant\u00f3w, bielanki, dzieci, m\u0142odzie\u017c, doros\u0142ych parafian i go\u015bci. Po Mszy \u015bw. organizatorzy zapraszaj\u0105 na piknik [&hellip;]<\/p>\n","protected":false},"author":2,"featured_media":0,"comment_status":"closed","ping_status":"closed","sticky":false,"template":"","format":"standard","meta":[],"categories":[2],"tags":[],"_links":{"self":[{"href":"http:\/\/www.parafiakuligow.pl\/index.php\/wp-json\/wp\/v2\/posts\/875"}],"collection":[{"href":"http:\/\/www.parafiakuligow.pl\/index.php\/wp-json\/wp\/v2\/posts"}],"about":[{"href":"http:\/\/www.parafiakuligow.pl\/index.php\/wp-json\/wp\/v2\/types\/post"}],"author":[{"embeddable":true,"href":"http:\/\/www.parafiakuligow.pl\/index.php\/wp-json\/wp\/v2\/users\/2"}],"replies":[{"embeddable":true,"href":"http:\/\/www.parafiakuligow.pl\/index.php\/wp-json\/wp\/v2\/comments?post=875"}],"version-history":[{"count":5,"href":"http:\/\/www.parafiakuligow.pl\/index.php\/wp-json\/wp\/v2\/posts\/875\/revisions"}],"predecessor-version":[{"id":880,"href":"http:\/\/www.parafiakuligow.pl\/index.php\/wp-json\/wp\/v2\/posts\/875\/revisions\/880"}],"wp:attachment":[{"href":"http:\/\/www.parafiakuligow.pl\/index.php\/wp-json\/wp\/v2\/media?parent=875"}],"wp:term":[{"taxonomy":"category","embeddable":true,"href":"http:\/\/www.parafiakuligow.pl\/index.php\/wp-json\/wp\/v2\/categories?post=875"},{"taxonomy":"post_tag","embeddable":true,"href":"http:\/\/www.parafiakuligow.pl\/index.php\/wp-json\/wp\/v2\/tags?post=875"}],"curies":[{"name":"wp","href":"https:\/\/api.w.org\/{rel}","templated":true}]}}