{"id":856,"date":"2017-07-21T20:32:13","date_gmt":"2017-07-21T18:32:13","guid":{"rendered":"http:\/\/www.parafiakuligow.pl\/?p=856"},"modified":"2017-07-24T09:51:14","modified_gmt":"2017-07-24T07:51:14","slug":"23-lipiec-2017-16-niedziela-zwykla","status":"publish","type":"post","link":"http:\/\/www.parafiakuligow.pl\/index.php\/2017\/07\/21\/23-lipiec-2017-16-niedziela-zwykla\/","title":{"rendered":"23 lipiec 2017 \u2013 16 niedziela zwyk\u0142a"},"content":{"rendered":"<ol>\n<li>Do sakramentu Ma\u0142\u017ce\u0144stwa przygotowuj\u0105 si\u0119\u00a0 nast\u0119puj\u0105ce osoby:<\/li>\n<\/ol>\n<p><strong>Arkadiusz\u00a0 Wi\u015bniewski, kawaler<br \/>\n<\/strong><strong>Adrianna Natalia Czerwi\u0144ska, panna <\/strong><\/p>\n<p>obydwoje z parafii tutejszej, <strong>zapowied\u017a I<\/strong>. Kto by wiedzia\u0142 o przeszkodach zachodz\u0105cych mi\u0119dzy tymi osobami, proszony jest\u00a0\u00a0 o poinformowanie w kancelarii\u00a0 parafialnej. Polecamy tych narzeczonych modlitwie wiernych.<\/p>\n<ol start=\"2\">\n<li>W dniu dzisiejszym po ka\u017cdej Mszy \u015bw. b\u0142ogos\u0142awie\u0144stwo kierowc\u00f3w i po\u015bwi\u0119cenie pojazd\u00f3w z racji \u015bw. Krzysztofa patrona podr\u00f3\u017cuj\u0105cych. Dzi\u0119kuj\u0105c Panu Bogu za Jego opiek\u0119 mo\u017cemy wesprze\u0107 polskich misjonarzy ofiar\u0105 na zakup transportu.<\/li>\n<li>25 lipca przypada liturgiczne \u015bwi\u0119to \u015bw. Jakuba apostola. 26 lipca wspomnienie \u015awi\u0119tych Joachima i Anny , rodzic\u00f3w N M Panny.<\/li>\n<li>Przypominam, \u017ce zwyczajem lat ubieg\u0142ych w okresie wakacyjnym od<br \/>\n1 czerwca do 30 wrze\u015bnia wieczorna Msza \u015bw. w dni powszednie b\u0119dzie odprawiana godzin\u0119 p\u00f3\u017aniej, o godzinie 19.00. W niedziel\u0119 dodatkowa Msza \u015bw. o godzinie 15.00.<\/li>\n<li>Spotkanie przedstawicieli wsp\u00f3lnot modlitewnych w zwi\u0105zku z nawiedzeniem kopii cudownego obrazu Matki Bo\u017cej Cz\u0119stochowskiej odb\u0119dzie si\u0119 w przysz\u0142\u0105 niedziel\u0119 tj. 30 lipca po Mszy \u015bw. o godz. 11.00 w ko\u015bciele.<\/li>\n<li>Dzi\u0119kuj\u0119 wszystkim osobom i rodzinom, kt\u00f3rym zale\u017cy na czysto\u015bci i wystroju naszej \u015bwi\u0105tyni i wok\u00f3\u0142 niej, wspomagaj\u0105c finansowo.<\/li>\n<li>Wszystkim naszym parafianom i go\u015bciom odpoczywaj\u0105 w Kuligowie \u017cycz\u0119 dobrej\u00a0 niedzieli\u00a0 i\u00a0 b\u0142ogos\u0142awionego tygodnia.<\/li>\n<li>Zach\u0119cam do nabywania i czytania prasy katolickiej<\/li>\n<\/ol>\n<p><strong>Intencje Mszalne 23 lipiec &#8211; 30 lipiec 2017<\/strong><\/p>\n<p><strong><span style=\"color: #ff0000;\">Nd. 23. VII 2017, 16 niedziela zwyk\u0142a<\/span><\/strong><\/p>\n<p><strong>g. 9.00<\/strong>\u00a0 + Mariann\u0119\u00a0 i Feliksa\u00a0 Piwowarskich, W\u0142odzimierza Kazimierza Piwowarskiego<br \/>\n<strong>g. 11.00\u00a0 + <\/strong>Czes\u0142aw\u0119\u00a0 Mianowsk\u0105<br \/>\n<strong>g. 15.00\u00a0 + <\/strong>Leokadi\u0119\u00a0 Karasiewicz<\/p>\n<p><strong>Pn. 24. VII<\/strong>\u00a0\u00a0\u00a0\u00a0\u00a0\u00a0\u00a0\u00a0 g. 19.00\u00a0\u00a0 int. wolna<\/p>\n<p><strong>Wt. 25. VII<\/strong>\u00a0\u00a0\u00a0\u00a0\u00a0\u00a0\u00a0\u00a0 g. 7.00\u00a0\u00a0\u00a0\u00a0 int. zam.<\/p>\n<p><strong>\u015ar. 26. VII<\/strong> g. 19.00\u00a0\u00a0 + Iren\u0119\u00a0 i\u00a0 Mariana\u00a0 D\u0119bskich oraz \u00a0syna \u00a0Lechos\u0142awa<\/p>\n<p><strong>Czw. 27. VII<\/strong> \u00a0\u00a0\u00a0\u00a0 \u00a0g. 7.00\u00a0\u00a0 Za dusze w czy\u015b\u0107cu cierpi\u0105ce<\/p>\n<p><strong>Pt. 28. VII<\/strong><br \/>\ng. 17.00\u00a0 <strong>\u015alub<\/strong>: Paulina Ukleja &#8211; \u0141ukasz Szpinder<br \/>\ng. 19.00 Dzi\u0119kczynna z pro\u015bb\u0105 o potrzebne \u0142aski dla Marty z racji\u00a0 imienin.<\/p>\n<p><strong>Sob. 29. VII<\/strong><br \/>\ng. 17.00 \u00a0<strong>\u015alub<\/strong>: Andrzej S\u0142o\u0144ski \u2013 Ewelina Augustyniak<br \/>\ng. 19.00 + El\u017cbiet\u0119 Zofi\u0119 Kapeck\u0105<\/p>\n<p><strong><span style=\"color: #ff0000;\">Nd. 30. VII 2017, 17 niedziela zwyk\u0142a<\/span><\/strong><\/p>\n<p><strong>g. 9.00<\/strong>\u00a0 + Ann\u0119\u00a0 Karasiewicz<br \/>\n<strong>g. 11.00\u00a0 + <\/strong>Int<strong>. <\/strong>zam.<br \/>\n<strong>g. 15.00\u00a0 + <\/strong>Rodzic\u00f3w Janin\u0119 i\u00a0 Kazimierza Ma\u0144k<strong>, <\/strong>J\u00f3zef\u0119, Aleksandra i Tadeusza Wi\u0119cek<\/p>\n","protected":false},"excerpt":{"rendered":"<p>Do sakramentu Ma\u0142\u017ce\u0144stwa przygotowuj\u0105 si\u0119\u00a0 nast\u0119puj\u0105ce osoby: Arkadiusz\u00a0 Wi\u015bniewski, kawaler Adrianna Natalia Czerwi\u0144ska, panna obydwoje z parafii tutejszej, zapowied\u017a I. Kto by wiedzia\u0142 o przeszkodach zachodz\u0105cych mi\u0119dzy tymi osobami, proszony jest\u00a0\u00a0 o poinformowanie w kancelarii\u00a0 parafialnej. Polecamy tych narzeczonych modlitwie wiernych. W dniu dzisiejszym po ka\u017cdej Mszy \u015bw. b\u0142ogos\u0142awie\u0144stwo kierowc\u00f3w [&hellip;]<\/p>\n","protected":false},"author":2,"featured_media":0,"comment_status":"closed","ping_status":"closed","sticky":false,"template":"","format":"standard","meta":[],"categories":[2],"tags":[],"_links":{"self":[{"href":"http:\/\/www.parafiakuligow.pl\/index.php\/wp-json\/wp\/v2\/posts\/856"}],"collection":[{"href":"http:\/\/www.parafiakuligow.pl\/index.php\/wp-json\/wp\/v2\/posts"}],"about":[{"href":"http:\/\/www.parafiakuligow.pl\/index.php\/wp-json\/wp\/v2\/types\/post"}],"author":[{"embeddable":true,"href":"http:\/\/www.parafiakuligow.pl\/index.php\/wp-json\/wp\/v2\/users\/2"}],"replies":[{"embeddable":true,"href":"http:\/\/www.parafiakuligow.pl\/index.php\/wp-json\/wp\/v2\/comments?post=856"}],"version-history":[{"count":5,"href":"http:\/\/www.parafiakuligow.pl\/index.php\/wp-json\/wp\/v2\/posts\/856\/revisions"}],"predecessor-version":[{"id":861,"href":"http:\/\/www.parafiakuligow.pl\/index.php\/wp-json\/wp\/v2\/posts\/856\/revisions\/861"}],"wp:attachment":[{"href":"http:\/\/www.parafiakuligow.pl\/index.php\/wp-json\/wp\/v2\/media?parent=856"}],"wp:term":[{"taxonomy":"category","embeddable":true,"href":"http:\/\/www.parafiakuligow.pl\/index.php\/wp-json\/wp\/v2\/categories?post=856"},{"taxonomy":"post_tag","embeddable":true,"href":"http:\/\/www.parafiakuligow.pl\/index.php\/wp-json\/wp\/v2\/tags?post=856"}],"curies":[{"name":"wp","href":"https:\/\/api.w.org\/{rel}","templated":true}]}}