{"id":852,"date":"2017-07-16T23:42:30","date_gmt":"2017-07-16T21:42:30","guid":{"rendered":"http:\/\/www.parafiakuligow.pl\/?p=852"},"modified":"2017-07-16T23:43:59","modified_gmt":"2017-07-16T21:43:59","slug":"16-lipiec-2017-15-niedziela-zwykla","status":"publish","type":"post","link":"http:\/\/www.parafiakuligow.pl\/index.php\/2017\/07\/16\/16-lipiec-2017-15-niedziela-zwykla\/","title":{"rendered":"16 lipiec 2017 \u2013 15 niedziela zwyk\u0142a."},"content":{"rendered":"<ol>\n<li>Zwyczajem lat ubieg\u0142ych w okresie wakacyjnym od 1 czerwca\u00a0 do\u00a0 30 wrze\u015bnia wieczorna\u00a0 Msza \u015bw. w dni powszednie jest odprawiana godzin\u0119 p\u00f3\u017aniej,\u00a0 o godzinie 19.00. W niedziel\u0119 dodatkowa Msza \u015bw. o godzinie 15.00.<\/li>\n<li>Po\u015bwi\u0119cenie pojazd\u00f3w i b\u0142ogos\u0142awie\u0144stwo kierowc\u00f3w z racji<br \/>\n\u015bw. Krzysztofa patrona podr\u00f3\u017cuj\u0105cych odb\u0119dzie si\u0119 w naszej parafii<br \/>\nw niedziel\u0119 23 lipca po ka\u017cdej Mszy \u015bw.<\/li>\n<li>Gdyby kto\u015b z naszych dzia\u0142kowicz\u00f3w czy wakacyjnych parafian pragn\u0105\u0142 zyska\u0107 Bo\u017ce b\u0142ogos\u0142awie\u0144stwo dla domu i rodziny lub zwyczajnie spotka\u0107 si\u0119 z ksi\u0119dzem na swojej dzia\u0142ce prosz\u0119 o informacj\u0119 w tej sprawie. Mo\u017cliwo\u015b\u0107 takiego indywidualnego spotkania b\u0119dzie przez ca\u0142y lipiec i sierpie\u0144. Ch\u0119tnych serdecznie zapraszam.<\/li>\n<li>Wszystkich m\u0119\u017cczyzn i ch\u0142opc\u00f3w kt\u00f3rzy pragn\u0119liby zosta\u0107 ministrantami zapraszamy do liturgicznej s\u0142u\u017cby o\u0142tarza.<\/li>\n<li>Dzi\u0119kuj\u0119 wszystkim osob\u0105 i rodzinom , kt\u00f3rym zale\u017cy na czysto\u015bci<br \/>\ni wystroju naszej \u015bwi\u0105tyni i wok\u00f3\u0142 niej, wspomagaj\u0105c finansowo.<\/li>\n<li>Wszystkim naszym parafianom i go\u015bciom odpoczywaj\u0105cym<br \/>\nw Kuligowie \u017cycz\u0119 mi\u0142ej niedzieli oraz dobrego i b\u0142ogos\u0142awionego tygodnia.<\/li>\n<li>Zach\u0119cam do czytania prasy katolickiej.<\/li>\n<\/ol>\n<p><strong>Intencje Mszalne 16 lipiec &#8211; 23 lipiec 2017<\/strong><\/p>\n<p><strong><span style=\"color: #ff0000;\">Nd. 16. VII 2017, 15 niedziela zwyk\u0142a<\/span><\/strong><\/p>\n<p>g.<strong> 9.00<\/strong>\u00a0 + Leokadi\u0119 i Aleksandra Jaworskich; Ann\u0119\u00a0 i W\u0142adys\u0142awa\u00a0\u00a0\u00a0\u00a0\u00a0\u00a0\u00a0\u00a0\u00a0\u00a0\u00a0\u00a0\u00a0\u00a0\u00a0\u00a0\u00a0\u00a0\u00a0\u00a0\u00a0 \u00a0 Wardak<br \/>\ng.<strong> 11.00<br \/>\n<\/strong>g. <strong>15.00<\/strong>\u00a0 + Paw\u0142a w 20 rocz. \u015bm. I Jadwigi w 5 rocz, \u015bm. S\u0142o\u0144skich, dziadk\u00f3w \u015a\u0142o\u0144skich i Kowalskich.<\/p>\n<p><strong>\u00a0<\/strong><strong>Pn. 17. VII<\/strong>\u00a0\u00a0\u00a0\u00a0\u00a0\u00a0 g. 19.00 \u00a0int. wolna<\/p>\n<p><strong>Wt. 18. VII<\/strong>\u00a0\u00a0\u00a0\u00a0\u00a0 g. 7.00 \u00a0int. wolna<\/p>\n<p><strong>\u015ar. 19. VII<\/strong>\u00a0\u00a0\u00a0\u00a0\u00a0\u00a0\u00a0\u00a0 g. 19.00 int. wolna<\/p>\n<p><strong>Czw. 20. VII<\/strong> \u00a0\u00a0 \u00a0g. 7.00 \u00a0za parafian<\/p>\n<p><strong>Pt. 21. VII<\/strong> \u00a0\u00a0\u00a0\u00a0\u00a0\u00a0 g. 19.00 \u00a0za dusze w czy\u015b\u0107cu cierpi\u0105ce<\/p>\n<p><strong>Sob. 22. VII<\/strong> \u00a0\u00a0\u00a0 g. 19.00 \u00a0int. wolna<\/p>\n<p>&nbsp;<\/p>\n<p><strong><span style=\"color: #ff0000;\">Nd. 23. VII 2017, 16 niedziela zwyk\u0142a<\/span><\/strong><\/p>\n<p>g.<strong> 9.00<\/strong>\u00a0 + Mariann\u0119 i Feliksa Piwowarskich<br \/>\ng. <strong>11.00\u00a0\u00a0 <\/strong>+Czes\u0142aw\u0119 Mianowsk\u0105<br \/>\ng. <strong>15.00<\/strong>\u00a0 +Leokadi\u0119 Karasiewicz<\/p>\n","protected":false},"excerpt":{"rendered":"<p>Zwyczajem lat ubieg\u0142ych w okresie wakacyjnym od 1 czerwca\u00a0 do\u00a0 30 wrze\u015bnia wieczorna\u00a0 Msza \u015bw. w dni powszednie jest odprawiana godzin\u0119 p\u00f3\u017aniej,\u00a0 o godzinie 19.00. W niedziel\u0119 dodatkowa Msza \u015bw. o godzinie 15.00. Po\u015bwi\u0119cenie pojazd\u00f3w i b\u0142ogos\u0142awie\u0144stwo kierowc\u00f3w z racji \u015bw. Krzysztofa patrona podr\u00f3\u017cuj\u0105cych odb\u0119dzie si\u0119 w naszej parafii w [&hellip;]<\/p>\n","protected":false},"author":2,"featured_media":0,"comment_status":"closed","ping_status":"closed","sticky":false,"template":"","format":"standard","meta":[],"categories":[2],"tags":[],"_links":{"self":[{"href":"http:\/\/www.parafiakuligow.pl\/index.php\/wp-json\/wp\/v2\/posts\/852"}],"collection":[{"href":"http:\/\/www.parafiakuligow.pl\/index.php\/wp-json\/wp\/v2\/posts"}],"about":[{"href":"http:\/\/www.parafiakuligow.pl\/index.php\/wp-json\/wp\/v2\/types\/post"}],"author":[{"embeddable":true,"href":"http:\/\/www.parafiakuligow.pl\/index.php\/wp-json\/wp\/v2\/users\/2"}],"replies":[{"embeddable":true,"href":"http:\/\/www.parafiakuligow.pl\/index.php\/wp-json\/wp\/v2\/comments?post=852"}],"version-history":[{"count":3,"href":"http:\/\/www.parafiakuligow.pl\/index.php\/wp-json\/wp\/v2\/posts\/852\/revisions"}],"predecessor-version":[{"id":855,"href":"http:\/\/www.parafiakuligow.pl\/index.php\/wp-json\/wp\/v2\/posts\/852\/revisions\/855"}],"wp:attachment":[{"href":"http:\/\/www.parafiakuligow.pl\/index.php\/wp-json\/wp\/v2\/media?parent=852"}],"wp:term":[{"taxonomy":"category","embeddable":true,"href":"http:\/\/www.parafiakuligow.pl\/index.php\/wp-json\/wp\/v2\/categories?post=852"},{"taxonomy":"post_tag","embeddable":true,"href":"http:\/\/www.parafiakuligow.pl\/index.php\/wp-json\/wp\/v2\/tags?post=852"}],"curies":[{"name":"wp","href":"https:\/\/api.w.org\/{rel}","templated":true}]}}