{"id":843,"date":"2017-07-09T02:52:35","date_gmt":"2017-07-09T00:52:35","guid":{"rendered":"http:\/\/www.parafiakuligow.pl\/?p=843"},"modified":"2017-07-09T03:00:00","modified_gmt":"2017-07-09T01:00:00","slug":"ogloszenia-parafialne-9-lipiec-2017-14-niedziela-zwykla","status":"publish","type":"post","link":"http:\/\/www.parafiakuligow.pl\/index.php\/2017\/07\/09\/ogloszenia-parafialne-9-lipiec-2017-14-niedziela-zwykla\/","title":{"rendered":"9 lipiec 2017, 14 niedziela zwyk\u0142a."},"content":{"rendered":"<ol>\n<li>We wtorek 11 lipca przypada liturgiczne \u015bwi\u0119to \u015bw. Benedykta, Patrona Europy.<\/li>\n<li>Zwyczajem lat ubieg\u0142ych w okresie wakacyjnym od 1 czerwca\u00a0 do\u00a0 30 wrze\u015bnia wieczorna\u00a0 Msza \u015bw. w dni powszednie b\u0119dzie odprawiana\u00a0 godzin\u0119 p\u00f3\u017aniej,\u00a0 o godzinie 19.00. W niedziel\u0119 dodatkowa Msza \u015bw. o godzinie 15.00.<\/li>\n<li>Gdyby kto\u015b z naszych dzia\u0142kowicz\u00f3w czy wakacyjnych parafian pragn\u0105\u0142 zyska\u0107 Bo\u017ce b\u0142ogos\u0142awie\u0144stwo dla domu i rodziny lub zwyczajnie spotka\u0107 si\u0119 z ksi\u0119dzem na swojej dzia\u0142ce prosz\u0119 o informacj\u0119 w tej sprawie. Mo\u017cliwo\u015b\u0107 takiego indywidualnego spotkania b\u0119dzie przez ca\u0142y lipiec i sierpie\u0144. Ch\u0119tnych serdecznie zapraszam.<\/li>\n<li>Po\u015bwi\u0119cenie pojazd\u00f3w i b\u0142ogos\u0142awie\u0144stwo kierowc\u00f3w z racji \u015bw. Krzysztofa patrona podr\u00f3\u017cuj\u0105cych odb\u0119dzie si\u0119 w naszej parafii w niedziel\u0119 23 lipca po ka\u017cdej Mszy \u015bw.<\/li>\n<li>W dniach 29-30 lipca br, organizowana jest pielgrzymka z Warszawy do Ostr\u00f3wka w ramach 9-cio letniej nowenny w intencji powo\u0142a\u0144 do kap\u0142a\u0144stwa i \u017cycia konsekrowanego. W tym roku to ju\u017c czwarta pielgrzymka. Szczeg\u00f3\u0142y na plakacie umieszczonym w gablocie.<\/li>\n<li>Dzi\u0119kuj\u0119 wszystkim osob\u0105 i rodzinom , kt\u00f3rym zale\u017cy na czysto\u015bci i wystroju naszej \u015bwi\u0105tyni i wok\u00f3\u0142 niej, wspomagaj\u0105c finansowo.<\/li>\n<li>Wszystkim naszym parafianom i go\u015bciom odpoczywaj\u0105cym w Kuligowie \u017cycz\u0119 mi\u0142ej niedzieli oraz dobrego i b\u0142ogos\u0142awionego tygodnia.<\/li>\n<li>Spotkanie przedstawicieli wsp\u00f3lnot modlitewnych w zwi\u0105zku z nawiedzeniem kopii cudownego obrazu Matki Bo\u017cej Cz\u0119stochowskiej odb\u0119dzie si\u0119 w przysz\u0142\u0105 niedziel\u0119 tj. 16 lipca po Mszy \u015bw. o godz. 11.00.<\/li>\n<li>Spotkanie kandydat\u00f3w do Sakramentu Bierzmowania odb\u0119dzie si\u0119 w niedziele 16 lipca Mszy \u015bwi\u0119tej o godz. 9.00<\/li>\n<li>Zach\u0119camy do czytania prasy katolickiej.<\/li>\n<\/ol>\n<p><strong>Intencje Mszalne 9 lipiec &#8211; 16 lipiec 2017<\/strong><\/p>\n<p><span style=\"color: #ff0000;\"><strong>Ndz. 9. VII\u00a0 2017, 14 niedziela zwyk\u0142a<\/strong><br \/>\n<\/span>g. 9.00\u00a0 + Ew\u0119 Diakowsk\u0105<br \/>\ng. 11.00 + Aleksandr\u0119, Sabin\u0119 Py\u015bkiewicz.<br \/>\ng. 15.00\u00a0 + Marka Mianowskiego w 12 rocz. \u015bm.<\/p>\n<p><strong>Pn. 10. VII<br \/>\n<\/strong>g. 19.00 int. wolna<br \/>\n<strong>Wt 11. VII<\/strong><br \/>\ng. 7.00 int. wolna<br \/>\n<strong>\u015ar 12. VII<\/strong><br \/>\ng. 19.00 int. wolna<br \/>\n<strong>Czw. 13. VII<\/strong><br \/>\ng. 7.00 za Parafian<br \/>\n<strong>Pt. 14. VII<\/strong><br \/>\ng. 19.00 za dusze w czy\u015b\u0107cu cierpi\u0105ce<br \/>\n<strong>Sob. 15. VII<\/strong><br \/>\ng. 19.00 int. wolna<\/p>\n<p><strong><span style=\"color: #ff0000;\">Nd. 16. VII 2017,\u00a0\u00a0\u00a0 15 niedziela zwyk\u0142a<\/span><\/strong><br \/>\ng. 9.00\u00a0 + Leokadi\u0119 i Aleksandra Jaworskich; Ann\u0119\u00a0 i W\u0142adys\u0142awa Wardak<br \/>\ng. 11.00\u00a0\u00a0 int. wolna<br \/>\ng. 15.00\u00a0 + Paw\u0142a w 20 rocz. \u015bm. I Jadwigi w 5 rocz, \u015bm. S\u0142o\u0144skich, dziadk\u00f3w \u015a\u0142o\u0144skich i Kowalskich.<\/p>\n<p>&nbsp;<\/p>\n","protected":false},"excerpt":{"rendered":"<p>We wtorek 11 lipca przypada liturgiczne \u015bwi\u0119to \u015bw. Benedykta, Patrona Europy. Zwyczajem lat ubieg\u0142ych w okresie wakacyjnym od 1 czerwca\u00a0 do\u00a0 30 wrze\u015bnia wieczorna\u00a0 Msza \u015bw. w dni powszednie b\u0119dzie odprawiana\u00a0 godzin\u0119 p\u00f3\u017aniej,\u00a0 o godzinie 19.00. W niedziel\u0119 dodatkowa Msza \u015bw. o godzinie 15.00. Gdyby kto\u015b z naszych dzia\u0142kowicz\u00f3w czy [&hellip;]<\/p>\n","protected":false},"author":2,"featured_media":0,"comment_status":"closed","ping_status":"closed","sticky":false,"template":"","format":"standard","meta":[],"categories":[2],"tags":[],"_links":{"self":[{"href":"http:\/\/www.parafiakuligow.pl\/index.php\/wp-json\/wp\/v2\/posts\/843"}],"collection":[{"href":"http:\/\/www.parafiakuligow.pl\/index.php\/wp-json\/wp\/v2\/posts"}],"about":[{"href":"http:\/\/www.parafiakuligow.pl\/index.php\/wp-json\/wp\/v2\/types\/post"}],"author":[{"embeddable":true,"href":"http:\/\/www.parafiakuligow.pl\/index.php\/wp-json\/wp\/v2\/users\/2"}],"replies":[{"embeddable":true,"href":"http:\/\/www.parafiakuligow.pl\/index.php\/wp-json\/wp\/v2\/comments?post=843"}],"version-history":[{"count":7,"href":"http:\/\/www.parafiakuligow.pl\/index.php\/wp-json\/wp\/v2\/posts\/843\/revisions"}],"predecessor-version":[{"id":845,"href":"http:\/\/www.parafiakuligow.pl\/index.php\/wp-json\/wp\/v2\/posts\/843\/revisions\/845"}],"wp:attachment":[{"href":"http:\/\/www.parafiakuligow.pl\/index.php\/wp-json\/wp\/v2\/media?parent=843"}],"wp:term":[{"taxonomy":"category","embeddable":true,"href":"http:\/\/www.parafiakuligow.pl\/index.php\/wp-json\/wp\/v2\/categories?post=843"},{"taxonomy":"post_tag","embeddable":true,"href":"http:\/\/www.parafiakuligow.pl\/index.php\/wp-json\/wp\/v2\/tags?post=843"}],"curies":[{"name":"wp","href":"https:\/\/api.w.org\/{rel}","templated":true}]}}