{"id":802,"date":"2017-06-25T00:35:12","date_gmt":"2017-06-24T22:35:12","guid":{"rendered":"http:\/\/www.parafiakuligow.pl\/?p=802"},"modified":"2017-06-25T00:36:05","modified_gmt":"2017-06-24T22:36:05","slug":"25-czerwiec-2017-12-niedziela-zwykla","status":"publish","type":"post","link":"http:\/\/www.parafiakuligow.pl\/index.php\/2017\/06\/25\/25-czerwiec-2017-12-niedziela-zwykla\/","title":{"rendered":"25 czerwiec 2017, 12 niedziela zwyk\u0142a"},"content":{"rendered":"<ol>\n<li>Sakramentalny zwi\u0105zek ma\u0142\u017ce\u0144ski maj\u0105 zamiar zawrze\u0107 nast\u0119puj\u0105ce osoby:<br \/>\nRafa\u0142 Py\u015bkiewicz, kawaler z par. tut. oraz Anna Kornacka, panna z par. Przemienienia Pa\u0144skiego w Radzyminie zapowied\u017a I.\u00a0 \u0141ukasz Marcin Szpinder, kawaler z par. Wniebowst\u0105pienia Pa\u0144skiego w Warszawie oraz Paulina Aleksandra Ukleja panna z par. Zmartwychwstania Pa\u0144skiego w Warszawie zapowied\u017a I. Andrzej S\u0142o\u0144ski, kawaler z par. D\u0105br\u00f3wka oraz Ewelina Augustyniak panna z par. tut. zapowied\u017a II. Polecamy tych narzeczonych modlitwie wiernych. Gdyby kto\u015b zna\u0142 przeszkody mi\u0119dzy nimi istniej\u0105ce proszony jest o zg\u0142oszenie si\u0119 do kancelarii parafialnej.<\/li>\n<li>Z racji zako\u0144czenia roku szkolnego wszystkim dzieciom, m\u0142odzie\u017cy, nauczycielom<br \/>\ni rodzicom sk\u0142adamy serdeczne gratulacje i \u017cyczymy dobrego odpoczynku, mi\u0142ych wakacji i udanych urlop\u00f3w.<\/li>\n<li>W poniedzia\u0142ek 26 czerwca o godz. 19.00 Msza \u015bw. dzi\u0119kczynna w intencji<br \/>\nks. Proboszcza z racji zako\u0144czenia pracy duszpasterskiej w Kuligowie.<\/li>\n<li>W \u015brod\u0119 zmiana godziny Mszy \u015bw. Zamiast Mszy wieczornej b\u0119dzie Msza poranna o godz. 7.00.<\/li>\n<li>W czwartek 29 czerwca Uroczysto\u015b\u0107 \u015awi\u0119tych Aposto\u0142\u00f3w Piotra i Paw\u0142a.<br \/>\nTaca z tego dnia przeznaczona jest na konserwacj\u0119 Bazyliki \u015bw. Piotra w Rzymie, oraz na dzia\u0142alno\u015b\u0107 charytatywn\u0105 Stolicy Apostolskiej.<\/li>\n<li>W sobot\u0119 1 lipca przypada I sobota miesi\u0105ca. O 18.30 wsp\u00f3lny r\u00f3\u017caniec, a o 19.00 Msza \u015bw. o Matce Bo\u017cej Fatimskiej.<\/li>\n<li>W przysz\u0142\u0105 niedziel\u0119 2 lipca pos\u0142ug\u0119 duszpastersk\u0105 w Kuligowie rozpocznie nowy proboszcz ks. Piotr Milewski. Otoczmy go naszym \u017cyczliwym wsparciem<br \/>\ni serdeczn\u0105 modlitw\u0105.<\/li>\n<li>Solenizantkom i solenizantom tego tygodnia \u017cyczymy du\u017co zdrowia, Bo\u017cego b\u0142ogos\u0142awie\u0144stwa i opieki \u015bw. patron\u00f3w, a naszym parafianom, dzia\u0142kowiczom<br \/>\ni go\u015bciom dobrego odpoczynku, udanej niedzieli i b\u0142ogos\u0142awionego tygodnia.<\/li>\n<\/ol>\n<p><strong>Intencje mszalne \u00a025 czerwiec \u2013 2 lipiec 2017<\/strong><\/p>\n<p><span style=\"color: #ff0000;\">Ndz \u00a025. VI \u00a02017, 12 niedziela zwyk\u0142a<br \/>\n<\/span><span style=\"color: #000000;\">g. 9.00<\/span>\u00a0 + Jana Getka<br \/>\ng. 11.00 + Janiny i Ireneusza Rudzkich oraz Wandy Chmielewskiej z racji<br \/>\ng. 15.00\u00a0 rez. A. \u017bmijewska<\/p>\n<p>Pn 26. VI<br \/>\ng. 19.00\u00a0 Msza \u015bw. dzi\u0119kczynna w intencji ks. Proboszcza z racji zako\u0144czenia pracy duszpasterskiej w Kuligowie.<\/p>\n<p>Wt 27. VI<br \/>\ng. 7.00\u00a0\u00a0 + Edwarda Nasi\u0142owskiego w 3 r. \u015bm. oraz S\u0142awomira Wilkowskiego z racji rocznicy urodzin<\/p>\n<p>\u015ar 28. VI<br \/>\ng. 7.00 \u00a0za Parafian<\/p>\n<p><span style=\"color: #ff0000;\">Czw 29. VI Uroczysto\u015b\u0107 \u015awi\u0119tych Aposto\u0142\u00f3w Piotra i Paw\u0142a<br \/>\n<\/span>g. 7.00 za Parafian<\/p>\n<p>Pt 30. VI<br \/>\ng. 19.00\u00a0 W intencji uczestnik\u00f3w nabo\u017ce\u0144stw czerwcowych<\/p>\n<p>Sob 1. VI<br \/>\ng. 19.00\u00a0 + Henryka Garbacz<\/p>\n<p><span style=\"color: #ff0000;\">Ndz 2. VII \u00a02017, 13 niedziela zwyk\u0142a<br \/>\n<\/span>g. 9.00\u00a0 + Wandy i Aleksandra Augustyniak, Mieczys\u0142awa, Teresy, Ryszarda Banasiak, dziadk\u00f3w Augustyniak\u00f3w i Szczepanik\u00f3w<br \/>\ng. 11.00 + Leokadii i Jana Baranowskich, dziadk\u00f3w Baranowskich i Jusi\u0144skich, Natalii i Piota Czajkowskich<br \/>\ng. 15.00\u00a0 + Kazimierza \u0141azickiego, Adama Getka, Adama Bogus\u0142awskiego<\/p>\n","protected":false},"excerpt":{"rendered":"<p>Sakramentalny zwi\u0105zek ma\u0142\u017ce\u0144ski maj\u0105 zamiar zawrze\u0107 nast\u0119puj\u0105ce osoby: Rafa\u0142 Py\u015bkiewicz, kawaler z par. tut. oraz Anna Kornacka, panna z par. Przemienienia Pa\u0144skiego w Radzyminie zapowied\u017a I.\u00a0 \u0141ukasz Marcin Szpinder, kawaler z par. Wniebowst\u0105pienia Pa\u0144skiego w Warszawie oraz Paulina Aleksandra Ukleja panna z par. Zmartwychwstania Pa\u0144skiego w Warszawie zapowied\u017a I. Andrzej [&hellip;]<\/p>\n","protected":false},"author":1,"featured_media":0,"comment_status":"closed","ping_status":"closed","sticky":false,"template":"","format":"standard","meta":[],"categories":[2],"tags":[],"_links":{"self":[{"href":"http:\/\/www.parafiakuligow.pl\/index.php\/wp-json\/wp\/v2\/posts\/802"}],"collection":[{"href":"http:\/\/www.parafiakuligow.pl\/index.php\/wp-json\/wp\/v2\/posts"}],"about":[{"href":"http:\/\/www.parafiakuligow.pl\/index.php\/wp-json\/wp\/v2\/types\/post"}],"author":[{"embeddable":true,"href":"http:\/\/www.parafiakuligow.pl\/index.php\/wp-json\/wp\/v2\/users\/1"}],"replies":[{"embeddable":true,"href":"http:\/\/www.parafiakuligow.pl\/index.php\/wp-json\/wp\/v2\/comments?post=802"}],"version-history":[{"count":2,"href":"http:\/\/www.parafiakuligow.pl\/index.php\/wp-json\/wp\/v2\/posts\/802\/revisions"}],"predecessor-version":[{"id":804,"href":"http:\/\/www.parafiakuligow.pl\/index.php\/wp-json\/wp\/v2\/posts\/802\/revisions\/804"}],"wp:attachment":[{"href":"http:\/\/www.parafiakuligow.pl\/index.php\/wp-json\/wp\/v2\/media?parent=802"}],"wp:term":[{"taxonomy":"category","embeddable":true,"href":"http:\/\/www.parafiakuligow.pl\/index.php\/wp-json\/wp\/v2\/categories?post=802"},{"taxonomy":"post_tag","embeddable":true,"href":"http:\/\/www.parafiakuligow.pl\/index.php\/wp-json\/wp\/v2\/tags?post=802"}],"curies":[{"name":"wp","href":"https:\/\/api.w.org\/{rel}","templated":true}]}}