{"id":790,"date":"2017-06-17T22:14:19","date_gmt":"2017-06-17T20:14:19","guid":{"rendered":"http:\/\/www.parafiakuligow.pl\/?p=790"},"modified":"2017-06-17T22:21:23","modified_gmt":"2017-06-17T20:21:23","slug":"18-czerwiec-2017-11-niedziela-zwykla","status":"publish","type":"post","link":"http:\/\/www.parafiakuligow.pl\/index.php\/2017\/06\/17\/18-czerwiec-2017-11-niedziela-zwykla\/","title":{"rendered":"18 czerwiec 2017, 11 niedziela zwyk\u0142a"},"content":{"rendered":"<ol>\n<li>Zapowiedzi przedma\u0142\u017ce\u0144skie: sakramentalny zwi\u0105zek ma\u0142\u017ce\u0144ski maj\u0105 zamiar zawrze\u0107 nast\u0119puj\u0105ce osoby: Andrzej S\u0142o\u0144ski, kawaler z par. D\u0105br\u00f3wka oraz Ewelina Augustyniak panna z par. tut. zapowied\u017a I. Polecamy tych narzeczonych modlitwie wiernych. Gdyby kto\u015b zna\u0142 przeszkody mi\u0119dzy nimi istniej\u0105ce proszony jest o zg\u0142oszenie si\u0119 do kancelarii parafialnej.<\/li>\n<li>Bardzo dzi\u0119kuj\u0119 wszystkim, kt\u00f3rzy w jakikolwiek spos\u00f3b przyczynili si\u0119 do organizacji i pi\u0119knego przebiegu Uroczysto\u015bci Bo\u017cego Cia\u0142a. Dzi\u0119kuj\u0119 tym, kt\u00f3ry ofiarowali sw\u00f3j czas, prac\u0119, zdolno\u015bci, a tak\u017ce \u015brodki materialne.<br \/>\nNa ten cel zebrali\u015bmy do puszek 610 z\u0142otych.<\/li>\n<li>Po Mszy \u015bw. o godz. 11.00 ostatnie przed wakacjami spotkanie kandydat\u00f3w do sakramentu bierzmowania.<\/li>\n<li>Dzi\u015b o godz. 12.15 w budynku OSP zebranie cz\u0142onk\u00f3w Wsp\u00f3lnoty Gruntowej wsi Kulig\u00f3w.<\/li>\n<li>W poniedzia\u0142ek i \u015brod\u0119 zmiana godziny Mszy \u015bw. Zamiast Mszy wieczornej b\u0119dzie Msza poranna o godz. 7.00<\/li>\n<li>W pi\u0105tek 23 czerwca Uroczysto\u015b\u0107 Naj\u015bwi\u0119tszego Serca Pana Jezusa.<br \/>\nZ racji uroczysto\u015bci mo\u017cna spo\u017cywa\u0107 pokarmy mi\u0119sne. Jednocze\u015bnie<br \/>\nto Dzie\u0144 Ojca i zako\u0144czenie roku szkolnego. Msza \u015bw. o godz. 19.00.<\/li>\n<li>W sobot\u0119 24 czerwca Uroczysto\u015b\u0107 Narodzenia \u015bw. Jana Chrzciciela. Wieczorna Msza \u015bw. z uroczysto\u015bci.<\/li>\n<li>Msza \u015bw. dzi\u0119kczynna w intencji ks. Proboszcza z racji zako\u0144czenia pracy duszpasterskiej w Kuligowie zostanie odprawiona w poniedzia\u0142ek 26 czerwca o godz. 19.00.<\/li>\n<li>Solenizantkom i solenizantom tego tygodnia \u017cyczymy du\u017co zdrowia, Bo\u017cego b\u0142ogos\u0142awie\u0144stwa i opieki \u015bw. patron\u00f3w, a naszym parafianom, dzia\u0142kowiczom i go\u015bciom dobrego odpoczynku, udanej niedzieli i b\u0142ogos\u0142awionego tygodnia.<\/li>\n<\/ol>\n<p><strong>Intencje mszalne \u00a018 \u2013 25 czerwiec 2017<\/strong><\/p>\n<p><span style=\"color: #ff0000;\">Ndz 18. VI 2017, 11 niedziela zwyk\u0142a<br \/>\n<\/span>g. 9.00\u00a0 + Ludwiki i W\u0142adys\u0142awa Oleszkiewicz, Karoliny i Jana Wi\u0119ch<br \/>\ng. 11.00 + Kazimierza \u017bochowskiego w 6 r. \u015bm.<br \/>\ng. 13.00\u00a0 Intencja dzi\u0119kczynna pa\u0144stwa Heleny i Stanis\u0142awa Czajkowskich w 50 rocznic\u0119 \u015blubu z pro\u015bb\u0105 o zdrowie, b\u0142ogos\u0142awie\u0144stwo Bo\u017ce i potrzebne si\u0142y dla jubilat\u00f3w w \u017cyciu ma\u0142\u017ce\u0144skim i rodzinnym<br \/>\ngodz. 15.00 rez. C. Kuligowski<\/p>\n<p>Pn 19. VI<br \/>\ng. 7.00 za Parafian<\/p>\n<p>Wt 20. VI<br \/>\ng. 7.00 za Parafian<\/p>\n<p>\u015ar 21. VI<br \/>\ng. 7.00 za Parafian<\/p>\n<p>Czw 22. VI<br \/>\ng. 7.00\u00a0 \u00a0za Parafian<\/p>\n<p><strong>Pt 23. VI, Uroczysto\u015b\u0107 Naj\u015bwi\u0119tszego Serca Pana Jezusa<br \/>\n<\/strong>g. 19.00\u00a0 +\u00a0 Jana Tymi\u0144skiego<\/p>\n<p><strong>Sob 24. VI, Uroczysto\u015b\u0107 Narodzenia \u015bw. Jana Chrzciciela<br \/>\n<\/strong>g. \u00a013.00 \u00a0Msza \u015bw. z sakramentem chrztu<br \/>\ng. 17.00\u00a0 Intencja \u015blubna\u00a0 Ewelina Kuligowska \u2013 Micha\u0142 Lusa<br \/>\ng. 19.00\u00a0 + Jana Rusowicza, Janiny Wi\u015bniewskiej<\/p>\n<p><span style=\"color: #ff0000;\">Ndz 25. VI 2017, 12 niedziela zwyk\u0142a<br \/>\n<\/span>g. 9.00\u00a0 + Jana Getka<br \/>\ng. 11.00 + Janiny i Ireneusza Rudzkich oraz Wandy Chmielewskiej z racji imienin<br \/>\ng. 15.00\u00a0 rez. A. \u017bmijewska<\/p>\n","protected":false},"excerpt":{"rendered":"<p>Zapowiedzi przedma\u0142\u017ce\u0144skie: sakramentalny zwi\u0105zek ma\u0142\u017ce\u0144ski maj\u0105 zamiar zawrze\u0107 nast\u0119puj\u0105ce osoby: Andrzej S\u0142o\u0144ski, kawaler z par. D\u0105br\u00f3wka oraz Ewelina Augustyniak panna z par. tut. zapowied\u017a I. Polecamy tych narzeczonych modlitwie wiernych. Gdyby kto\u015b zna\u0142 przeszkody mi\u0119dzy nimi istniej\u0105ce proszony jest o zg\u0142oszenie si\u0119 do kancelarii parafialnej. Bardzo dzi\u0119kuj\u0119 wszystkim, kt\u00f3rzy w [&hellip;]<\/p>\n","protected":false},"author":1,"featured_media":0,"comment_status":"closed","ping_status":"closed","sticky":false,"template":"","format":"standard","meta":[],"categories":[2],"tags":[],"_links":{"self":[{"href":"http:\/\/www.parafiakuligow.pl\/index.php\/wp-json\/wp\/v2\/posts\/790"}],"collection":[{"href":"http:\/\/www.parafiakuligow.pl\/index.php\/wp-json\/wp\/v2\/posts"}],"about":[{"href":"http:\/\/www.parafiakuligow.pl\/index.php\/wp-json\/wp\/v2\/types\/post"}],"author":[{"embeddable":true,"href":"http:\/\/www.parafiakuligow.pl\/index.php\/wp-json\/wp\/v2\/users\/1"}],"replies":[{"embeddable":true,"href":"http:\/\/www.parafiakuligow.pl\/index.php\/wp-json\/wp\/v2\/comments?post=790"}],"version-history":[{"count":7,"href":"http:\/\/www.parafiakuligow.pl\/index.php\/wp-json\/wp\/v2\/posts\/790\/revisions"}],"predecessor-version":[{"id":797,"href":"http:\/\/www.parafiakuligow.pl\/index.php\/wp-json\/wp\/v2\/posts\/790\/revisions\/797"}],"wp:attachment":[{"href":"http:\/\/www.parafiakuligow.pl\/index.php\/wp-json\/wp\/v2\/media?parent=790"}],"wp:term":[{"taxonomy":"category","embeddable":true,"href":"http:\/\/www.parafiakuligow.pl\/index.php\/wp-json\/wp\/v2\/categories?post=790"},{"taxonomy":"post_tag","embeddable":true,"href":"http:\/\/www.parafiakuligow.pl\/index.php\/wp-json\/wp\/v2\/tags?post=790"}],"curies":[{"name":"wp","href":"https:\/\/api.w.org\/{rel}","templated":true}]}}