{"id":785,"date":"2017-06-13T10:42:44","date_gmt":"2017-06-13T08:42:44","guid":{"rendered":"http:\/\/www.parafiakuligow.pl\/?p=785"},"modified":"2017-06-13T10:54:01","modified_gmt":"2017-06-13T08:54:01","slug":"oltarze-na-boze-cialo-kuligow-2017-teksty-rozwazan","status":"publish","type":"post","link":"http:\/\/www.parafiakuligow.pl\/index.php\/2017\/06\/13\/oltarze-na-boze-cialo-kuligow-2017-teksty-rozwazan\/","title":{"rendered":"O\u0142tarze na Bo\u017ce Cia\u0142o Kulig\u00f3w 2017 \u2013 teksty rozwa\u017ca\u0144"},"content":{"rendered":"<p>O\u0142tarz I<\/p>\n<p>Z Chrystusem obecnym w Eucharystii idziemy miedzy nasze domy i zagrody. Przez parafi\u0119, diecezj\u0119, Polsk\u0119 i \u015bwiat. W\u0119dr\u00f3wka uczy odpowiedzialno\u015bci, zauwa\u017cania innych i wsp\u00f3\u0142pracy. Przy pierwszym o\u0142tarzu widzimy s\u0142owa hymnu stra\u017cackiego;<br \/>\n<u>Bro\u0144 nas od \u017caru zawi\u015bci <\/u>! Od 70 lat tu w Kuligowie razem ze stra\u017cakami Ochotniczej Stra\u017cy Po\u017carnej wzywamy na ratunek \u015bw. Floriana. Wzywanie pomocy \u2013 sygna\u0142 SOS &#8211; \u00a0to jakby modlitwa. Dos\u0142ownie znaczy przecie\u017c: ratuj nasze dusze ! Za ka\u017cd\u0105 pomoc<br \/>\ni ka\u017cdy ratunek trzeba dzi\u0119kowa\u0107. Dzi\u0119kowa\u0107 Bogu i tym ludziom, kt\u00f3rzy nam go nios\u0105. A d\u0142ug wdzi\u0119czno\u015bci najlepiej sp\u0142aca\u0107 pomagaj\u0105c innym przez wzajemn\u0105 solidarno\u015b\u0107. Woln\u0105 od zawi\u015bci i okazywan\u0105 w codziennych sprawach. Od \u015bw. Floriana uczmy si\u0119 tej postawy wobec siebie nawzajem.<\/p>\n<p>O\u0142tarz II<\/p>\n<p>Przy drugim o\u0142tarzu spotykamy Matk\u0119 Bo\u017c\u0105 w cz\u0119stochowskim wizerunku. \u00a0To znaczy, \u017ce mo\u017ce i dla nas powt\u00f3rzy\u0107 si\u0119 cud z Kany Galilejskiej. Tak przecie\u017c Jan Pawe\u0142 II nazywa\u0142 Jasn\u0105 G\u00f3r\u0119 \u2013 polsk\u0105 Kan\u0105. Maryja jako or\u0119downiczka m\u00f3wi Jezusowi: zobacz czego te moje dzieci nie maj\u0105. A nam m\u00f3wi: <u>zr\u00f3bcie wszystko cokolwiek On, Chrystus wam powie.<\/u> Czy ta wymiana dar\u00f3w mi\u0119dzy niebem a ziemi\u0105 mo\u017ce si\u0119 powt\u00f3rzy\u0107<br \/>\nz moim udzia\u0142em ? Wkr\u00f3tce w naszej diecezji rozpocznie si\u0119 nawiedzenie kopii cudownego obrazu. W naszej parafii w Kuligowie nast\u0105pi to 5 wrze\u015bnia. To jakby Matka Bo\u017ca zjawi\u0142a si\u0119 tu, mi\u0119dzy nami osobi\u015bcie. Co w takiej sytuacji robi\u0107 ? \u00a0Zr\u00f3bmy wszystko, cokolwiek nam powie.<\/p>\n<p>O\u0142tarz III<\/p>\n<p>Przy trzecim o\u0142tarzu naszym horyzontem jest ca\u0142a Polska. Spotykamy tu \u00a0\u015bw. brata Alberta Chmielowskiego &#8211; patrona obecnego roku. Cz\u0142owiek \u015bwi\u0119ty, to \u017cywy znak dany od Boga, drogowskaz w my\u015bleniu i dzia\u0142aniu. W\u0142a\u015bnie On. Brat Albert. Nie celebryta, nie artysta, nie cz\u0142owiek sukcesu. Brat. Albert Chmielowski jest wielki, bo rezygnuj\u0105c<br \/>\nz kariery sta\u0142 si\u0119 bratem najbiedniejszych. Krak\u00f3w najpierw go wy\u015bmiewa\u0142, potem podziwia\u0142, na ko\u0144cu czci\u0142. W czasach,\u00a0gdy cz\u0142owiek cz\u0142owiekowi wilkiem on sta\u0142 si\u0119 dla innych Bratem. Postanowi\u0142 by\u0107 dobry jak chleb. W\u0142a\u015bnie tak, pod postaci\u0105 chleba przychodzi do nas B\u00f3g.<\/p>\n<p>O\u0142tarz IV<\/p>\n<p>Co widzimy patrz\u0105c na wsp\u00f3\u0142czesny \u015bwiat ? Czego najbardziej potrzeba ? Nikt nie wie tego lepiej od Matki. Czwarty o\u0142tarz kieruje nasze oczy i my\u015bli do Fatimy. Od 100 lat bije tu \u017ar\u00f3d\u0142o ratunku i nadziei. Odmawiajcie r\u00f3\u017caniec ! Maryja daje nam cudowne lekarstwo. A zarazem najskuteczniejsz\u0105 bro\u0144 na drodze do zbawienia. Ona nie mo\u017ce milcze\u0107 gdy chodzi o nasze \u017cycie. \u0141ucja, Franciszek i Hiacynta podj\u0119li t\u0119 misj\u0119 otrzyman\u0105 od Kr\u00f3lowej pokoju. Czy nam wystarczy m\u0105dro\u015bci, aby dor\u00f3wna\u0107 tr\u00f3jce fatimskich dzieci ? Je\u015bli nie, to na nic nasze wykszta\u0142cenie, pieni\u0105dze i umiej\u0119tno\u015bci&#8230; Kr\u00f3lowa \u015bwiata prosi: <u>odmawiajcie r\u00f3\u017caniec w intencji pokoju ! <\/u><\/p>\n<p>M\u00f3dl si\u0119 za nami \u015bwi\u0119ta Bo\u017ca Rodzicielko \u2013 aby\u015bmy si\u0119 stali godnymi obietnic Chrystusowych.<\/p>\n","protected":false},"excerpt":{"rendered":"<p>O\u0142tarz I Z Chrystusem obecnym w Eucharystii idziemy miedzy nasze domy i zagrody. Przez parafi\u0119, diecezj\u0119, Polsk\u0119 i \u015bwiat. W\u0119dr\u00f3wka uczy odpowiedzialno\u015bci, zauwa\u017cania innych i wsp\u00f3\u0142pracy. Przy pierwszym o\u0142tarzu widzimy s\u0142owa hymnu stra\u017cackiego; Bro\u0144 nas od \u017caru zawi\u015bci ! Od 70 lat tu w Kuligowie razem ze stra\u017cakami Ochotniczej Stra\u017cy [&hellip;]<\/p>\n","protected":false},"author":1,"featured_media":0,"comment_status":"closed","ping_status":"closed","sticky":false,"template":"","format":"standard","meta":[],"categories":[2],"tags":[],"_links":{"self":[{"href":"http:\/\/www.parafiakuligow.pl\/index.php\/wp-json\/wp\/v2\/posts\/785"}],"collection":[{"href":"http:\/\/www.parafiakuligow.pl\/index.php\/wp-json\/wp\/v2\/posts"}],"about":[{"href":"http:\/\/www.parafiakuligow.pl\/index.php\/wp-json\/wp\/v2\/types\/post"}],"author":[{"embeddable":true,"href":"http:\/\/www.parafiakuligow.pl\/index.php\/wp-json\/wp\/v2\/users\/1"}],"replies":[{"embeddable":true,"href":"http:\/\/www.parafiakuligow.pl\/index.php\/wp-json\/wp\/v2\/comments?post=785"}],"version-history":[{"count":4,"href":"http:\/\/www.parafiakuligow.pl\/index.php\/wp-json\/wp\/v2\/posts\/785\/revisions"}],"predecessor-version":[{"id":789,"href":"http:\/\/www.parafiakuligow.pl\/index.php\/wp-json\/wp\/v2\/posts\/785\/revisions\/789"}],"wp:attachment":[{"href":"http:\/\/www.parafiakuligow.pl\/index.php\/wp-json\/wp\/v2\/media?parent=785"}],"wp:term":[{"taxonomy":"category","embeddable":true,"href":"http:\/\/www.parafiakuligow.pl\/index.php\/wp-json\/wp\/v2\/categories?post=785"},{"taxonomy":"post_tag","embeddable":true,"href":"http:\/\/www.parafiakuligow.pl\/index.php\/wp-json\/wp\/v2\/tags?post=785"}],"curies":[{"name":"wp","href":"https:\/\/api.w.org\/{rel}","templated":true}]}}