{"id":782,"date":"2017-06-10T18:38:25","date_gmt":"2017-06-10T16:38:25","guid":{"rendered":"http:\/\/www.parafiakuligow.pl\/?p=782"},"modified":"2017-06-10T18:38:25","modified_gmt":"2017-06-10T16:38:25","slug":"11-czerwiec-2017-uroczystosc-najswietszej-trojcy","status":"publish","type":"post","link":"http:\/\/www.parafiakuligow.pl\/index.php\/2017\/06\/10\/11-czerwiec-2017-uroczystosc-najswietszej-trojcy\/","title":{"rendered":"11 czerwiec 2017, Uroczysto\u015b\u0107 Naj\u015bwi\u0119tszej Tr\u00f3jcy"},"content":{"rendered":"<ol>\n<li>W ramach przygotowa\u0144 do uroczysto\u015bci Bo\u017cego Cia\u0142a przedstawiciele Rady Parafialnej b\u0119d\u0105 dzi\u015b po Mszach \u015bw. zbiera\u0107 ofiary na dekoracje i kwiaty do czterech o\u0142tarzy.<\/li>\n<li>Po Mszy \u015bw. o godz. 11.00 na plebanii spotkanie Rady Parafialnej.<\/li>\n<li>O godz. 12.45 z Placu Trzech Krzy\u017cy w Warszawie pod has\u0142em CZAS NA RODZIN\u0118 wyruszy XII Marsz dla \u017bycia i Rodziny. W imieniu organizator\u00f3w zapraszam<br \/>\ndo udzia\u0142u w Marszu wszystkich,\u00a0 a szczeg\u00f3lnie rodziny z dzie\u0107mi. Wi\u0119cej informacji na plakacie w gablocie. Mo\u017cemy te\u017c zabra\u0107 do domu ulotki, kt\u00f3re s\u0105 z ty\u0142u ko\u015bcio\u0142a.<\/li>\n<li>Zapraszamy na nabo\u017ce\u0144stwa czerwcowe z litani\u0105 do NSPJ, kt\u00f3re odprawiane<br \/>\ns\u0105 bezpo\u015brednio po Mszy \u015bw. W niedziele i \u015bwi\u0119ta po Mszy o godz. 11.00.<\/li>\n<li>W najbli\u017cszy czwartek 15 czerwca <strong>Uroczysto\u015b\u0107 Naj\u015bwi\u0119tszego Cia\u0142a i Krwi Chrystusa.<\/strong> Msze \u015bw. o godz. 9.00, ok.godz.11.00 \/ bezpo\u015brednio po zako\u0144czeniu procesji \/ i dodatkowa Msza \u015bw. o godz.14.00. Po Mszy \u015bw. o 9.00 wyruszy uroczysta Procesja Eucharystyczne do czterech o\u0142tarzy. Za pobo\u017cny udzia\u0142 w tej procesji mo\u017cna zyska\u0107 odpust zupe\u0142ny. Bardzo serdecznie prosz\u0119 o przygotowanie i udekorowanie nie tylko o\u0142tarzy, ale i naszych dom\u00f3w i posesji szczeg\u00f3lnie tych, kt\u00f3re znajduj\u0105 si\u0119 na trasie procesji. Do udzia\u0142u w procesji zapraszam ministrant\u00f3w, bielanki, stra\u017cak\u00f3w, dzieci I komunijne, dzia\u0142kowicz\u00f3w, m\u0142odzie\u017c i doros\u0142ych, Wsp\u00f3\u0142tworzenie tej procesji to dla nas wielki zaszczyt i przywilej. To \u015bwiadectwo naszej wiary i radosnego jej prze\u017cywania.<\/li>\n<li>W sobot\u0119 17 czerwca liturgiczne wspomnienia patrona tego roku \u00a0\u2013 \u015bw. Brata Alberta Chmielowskiego.<\/li>\n<li>W przysz\u0142\u0105 niedziel\u0119 18 czerwca po Mszy \u015bw. o godz. 11.00 ostatnie przed wakacjami spotkanie kandydat\u00f3w do sakramentu bierzmowania.<\/li>\n<li>Zarz\u0105d Wsp\u00f3lnoty Gruntowej wsi Kulig\u00f3w zwo\u0142uje zwyczajne, og\u00f3lne zebranie cz\u0142onk\u00f3w Wsp\u00f3lnoty w dniu 18.06.2017 o godz. 12.15 w budynku OSP w Kuligowie.<\/li>\n<li>Wszystkim naszym parafianom i go\u015bciom \u017cyczymy dobrego odpoczynku, udanej niedzieli i b\u0142ogos\u0142awionego tygodnia.<\/li>\n<\/ol>\n<p><strong>Intencje mszalne \u00a011 &#8211; 18 czerwiec 2017<\/strong><\/p>\n<p><span style=\"color: #ff0000;\">Ndz 11.VI 2017, Uroczysto\u015b\u0107 Tr\u00f3jcy Przenaj\u015bwi\u0119tszej<\/span><br \/>\ng. 9.00\u00a0 + Teresy Krysik<br \/>\ng. 11.00 + J\u00f3zefa Karasiewicza<br \/>\ng. 15.00 + Basi Czarneckiej, Wac\u0142awy i Juliana Pawlak, zmar\u0142ych z cr. Pawlak\u00f3w i Czarneckich<\/p>\n<p><span style=\"color: #000080;\">Pn 12. VI<\/span><br \/>\ng. 19.00 za Parafian<\/p>\n<p><span style=\"color: #000080;\">Wt 13. VI<br \/>\n<\/span>g. 7.00\u00a0\u00a0 + Bronis\u0142awy Zaka\u0142a \/ przez wstawiennictwo \u015bw. Micha\u0142a Archanio\u0142a \/<\/p>\n<p><span style=\"color: #000080;\">\u015ar \u00a014. VI<br \/>\n<\/span>g. 19.00 za Parafian<\/p>\n<p><span style=\"color: #ff0000;\">Czw \u00a015. VI,\u00a0Uroczysto\u015b\u0107 Naj\u015bwi\u0119tszego Cia\u0142a i Krwi Chrystusa\u00a0\u00a0\u00a0\u00a0\u00a0\u00a0<\/span>\u00a0 \u00a0\u00a0\u00a0\u00a0\u00a0\u00a0\u00a0\u00a0\u00a0\u00a0\u00a0\u00a0\u00a0\u00a0\u00a0\u00a0\u00a0\u00a0\u00a0\u00a0\u00a0\u00a0\u00a0\u00a0\u00a0 \u00a0\u00a0\u00a0\u00a0\u00a0\u00a0 g. \u00a09.00\u00a0 rez. p. A. \u017bmijewska Procesja Eucharystyczna do czterech o\u0142tarzy<br \/>\ng.\u00a0 11.00 \/po procesji \/\u00a0 za Parafian<br \/>\ng. 14.00\u00a0\u00a0 Msza \u015bw. z chrztem Lilianny Graczy\u0144skiej<\/p>\n<p><span style=\"color: #000080;\">Pt 16. VI<br \/>\n<\/span>g. 19.00\u00a0 +\u00a0 Leokadii Karasiewicz w 30 dni po \u015bmierci \/ intencja od uczestnik\u00f3w pogrzebu \/<\/p>\n<p><span style=\"color: #000080;\">Sob 17. VI<\/span><br \/>\ng. 19.00\u00a0\u00a0 rez. p. G. Sta\u0144czak<\/p>\n<p><span style=\"color: #ff0000;\">Ndz\u00a0\u00a0 18. VI\u00a0 2017, 11 niedziela zwyk\u0142a<\/span><br \/>\ng. 9.00\u00a0 + Ludwiki i W\u0142adys\u0142awa Oleszkiewicz, Karoliny i Jana Wi\u0119ch<br \/>\ng. 11.00 + Kazimierza \u017bochowskiego w 6 r. \u015bm. \/ na Mszy \u015bw. chrzest Adama Przybysza \/<br \/>\ng. 13.00 rez. G. Sta\u0144czak<br \/>\ng. 15.00 rez. C. Kuligowski<\/p>\n","protected":false},"excerpt":{"rendered":"<p>W ramach przygotowa\u0144 do uroczysto\u015bci Bo\u017cego Cia\u0142a przedstawiciele Rady Parafialnej b\u0119d\u0105 dzi\u015b po Mszach \u015bw. zbiera\u0107 ofiary na dekoracje i kwiaty do czterech o\u0142tarzy. Po Mszy \u015bw. o godz. 11.00 na plebanii spotkanie Rady Parafialnej. O godz. 12.45 z Placu Trzech Krzy\u017cy w Warszawie pod has\u0142em CZAS NA RODZIN\u0118 wyruszy [&hellip;]<\/p>\n","protected":false},"author":1,"featured_media":0,"comment_status":"closed","ping_status":"closed","sticky":false,"template":"","format":"standard","meta":[],"categories":[2],"tags":[],"_links":{"self":[{"href":"http:\/\/www.parafiakuligow.pl\/index.php\/wp-json\/wp\/v2\/posts\/782"}],"collection":[{"href":"http:\/\/www.parafiakuligow.pl\/index.php\/wp-json\/wp\/v2\/posts"}],"about":[{"href":"http:\/\/www.parafiakuligow.pl\/index.php\/wp-json\/wp\/v2\/types\/post"}],"author":[{"embeddable":true,"href":"http:\/\/www.parafiakuligow.pl\/index.php\/wp-json\/wp\/v2\/users\/1"}],"replies":[{"embeddable":true,"href":"http:\/\/www.parafiakuligow.pl\/index.php\/wp-json\/wp\/v2\/comments?post=782"}],"version-history":[{"count":1,"href":"http:\/\/www.parafiakuligow.pl\/index.php\/wp-json\/wp\/v2\/posts\/782\/revisions"}],"predecessor-version":[{"id":783,"href":"http:\/\/www.parafiakuligow.pl\/index.php\/wp-json\/wp\/v2\/posts\/782\/revisions\/783"}],"wp:attachment":[{"href":"http:\/\/www.parafiakuligow.pl\/index.php\/wp-json\/wp\/v2\/media?parent=782"}],"wp:term":[{"taxonomy":"category","embeddable":true,"href":"http:\/\/www.parafiakuligow.pl\/index.php\/wp-json\/wp\/v2\/categories?post=782"},{"taxonomy":"post_tag","embeddable":true,"href":"http:\/\/www.parafiakuligow.pl\/index.php\/wp-json\/wp\/v2\/tags?post=782"}],"curies":[{"name":"wp","href":"https:\/\/api.w.org\/{rel}","templated":true}]}}