{"id":768,"date":"2017-06-04T00:38:53","date_gmt":"2017-06-03T22:38:53","guid":{"rendered":"http:\/\/www.parafiakuligow.pl\/?p=768"},"modified":"2017-06-04T15:34:10","modified_gmt":"2017-06-04T13:34:10","slug":"4-czerwiec-2017-zeslanie-ducha-swietego","status":"publish","type":"post","link":"http:\/\/www.parafiakuligow.pl\/index.php\/2017\/06\/04\/4-czerwiec-2017-zeslanie-ducha-swietego\/","title":{"rendered":"4 czerwiec 2017, Zes\u0142anie Ducha \u015awi\u0119tego"},"content":{"rendered":"<ol>\n<li>Dzisiejsza niedziela ko\u0144czy okres wielkanocny i czas Komunii \u015awi\u0119tej wielkanocnej. Od jutra w liturgii okres zwyk\u0142y.<\/li>\n<li>Pierwsza niedziela czerwca to jednocze\u015bnie \u015awi\u0119to Dzi\u0119kczynienia Bo\u017cej Opatrzno\u015bci. St\u0105d dzi\u015b po Mszach \u015bw. zbi\u00f3rka do puszek na budow\u0119 \u015awi\u0105tyni Opatrzno\u015bci Bo\u017cej.<\/li>\n<li>Jutro 5 czerwca po Mszy wieczornej i nabo\u017ce\u0144stwie spotkanie dla rodzic\u00f3w tych dzieci, kt\u00f3re w przysz\u0142ym, 2018 roku b\u0119d\u0105 przyst\u0119powa\u0107 do I komunii \u015bwi\u0119tej.<\/li>\n<li>Zapraszamy na nabo\u017ce\u0144stwa czerwcowe z litani\u0105 do NSPJ, kt\u00f3re odprawiane s\u0105 bezpo\u015brednio po Mszy \u015bw. W niedziele i \u015bwi\u0119ta po Mszy o godz. 11.00<\/li>\n<li>W tym tygodniu dwa \u015bwi\u0119ta ko\u015bcielne: w poniedzia\u0142ek \u015bwi\u0119to MNP Matki Ko\u015bcio\u0142a, a w czwartek \u015bwi\u0119to Jezusa Chrystusa Najwy\u017cszego i Wiecznego Kap\u0142ana.<\/li>\n<li>W \u015brod\u0119 z racji I \u015brody miesi\u0105ca Msza \u015bw. za wszystkich zmar\u0142ych poleconych w wypominkach.<\/li>\n<li>W przysz\u0142\u0105 niedziel\u0119 po Mszy \u015bw. o godz. 11.00. spotkanie Rady Parafialnej.<\/li>\n<li>W ko\u015bciele zosta\u0142 zamontowany nowy system wy\u015bwietlania tekstu \u015bpiewanych pie\u015bni. Mam nadziej\u0119 \u017ce to u\u0142atwi i jeszcze bardziej zach\u0119ci nas do wsp\u00f3lnej modlitwy. By\u0142o to mo\u017cliwe dzi\u0119ki finansowemu wsparciu ks. Pra\u0142ata Zygmunta Wirkowskiego proboszcza parafii MB Nieustaj\u0105cej Pomocy na Saskiej K\u0119pie, kt\u00f3ry w 80 % sfinansowa\u0142 to przedsi\u0119wzi\u0119cie. Bardzo serdecznie ks. Pra\u0142atowi za taki dar dzi\u0119kujemy.<\/li>\n<li>Przed nami Uroczysto\u015b\u0107 Bo\u017cego Cia\u0142a. Bardzo prosz\u0119, by\u015bmy poczuli si\u0119 odpowiedzialni za przygotowanie i organizacj\u0119 procesji. Aby u\u0142atwi\u0107 t\u0119 odpowiedzialno\u015b\u0107 w wymiarze materialnym w przysz\u0142\u0105 niedziel\u0119 przedstawiciele Rady Parafialnej b\u0119d\u0105 po Mszach \u015bw. zbiera\u0107 ofiar\u0119 na dekoracje i kwiaty do czterech o\u0142tarzy.<\/li>\n<li>Wszystkim naszym parafianom i go\u015bciom \u017cyczymy dobrego odpoczynku, udanej niedzieli i b\u0142ogos\u0142awionego tygodnia.<strong>\u00a0<\/strong>&nbsp;\n<p><strong>Intencje mszalne \u00a04 &#8211; 11 czerwiec 2017<\/strong><\/li>\n<\/ol>\n<p><span style=\"color: #ff0000;\">Ndz 4. VI 2017, Uroczysto\u015b\u0107 Zes\u0142ania Ducha \u015awi\u0119tego<br \/>\n<\/span>g. 9.00 \u00a0 rez. M. Mianowska<br \/>\ng. 11.00 \u00a0+ Tadeusza Bartoszuk<br \/>\ng. 15.00 \u00a0+ Anny Piwnickiej \/ z racji urodzin \/<\/p>\n<p>Pn 5. VI<br \/>\ng. 19.00 \u00a0za Parafian<\/p>\n<p>Wt 6. VI<br \/>\ng. 7.00\u00a0\u00a0 za Parafian<\/p>\n<p>\u015ar \u00a07. VI<br \/>\ng. 19.00 \u00a0\u00a0+ za wszystkich zmar\u0142ych poleconych w wypominkach \/ z racji I \u015brody miesi\u0105ca \/<\/p>\n<p>Czw 8. VI<br \/>\ng. 7.00\u00a0\u00a0 za Parafian<\/p>\n<p>Pt 9. VI<br \/>\ng. \u00a07.00 \u00a0 O szcz\u0119\u015bliw\u0105 operacj\u0119 dla Szymona<br \/>\ng. 19.00 \u00a0za Parafian<\/p>\n<p>Sob 10. VI<br \/>\ng. \u00a017.00 \u00a0intencja \u015blubna Beaty Ole\u015bkiewicz i Roberta Klimka<br \/>\ng. 19.00 \u00a0+ Krystyny Zemlak w 5 r. \u015bm., Beatki i Eugeniusza Zemlak<\/p>\n<p><span style=\"color: #ff0000;\">Ndz 11. VI 2017,\u00a0Uroczysto\u015b\u0107 Tr\u00f3jcy Przenaj\u015bwi\u0119tszej<br \/>\n<\/span>g. 9.00\u00a0 + Teresy Krysik<br \/>\ng. 11.00 + J\u00f3zefa Karasiewicza<br \/>\ng. 15.00 + Basi Czarneckiej, Wac\u0142awy i Juliana Pawlak, zmar\u0142ych z r. Pawlak\u00f3w i Czarneckich<\/p>\n","protected":false},"excerpt":{"rendered":"<p>Dzisiejsza niedziela ko\u0144czy okres wielkanocny i czas Komunii \u015awi\u0119tej wielkanocnej. Od jutra w liturgii okres zwyk\u0142y. Pierwsza niedziela czerwca to jednocze\u015bnie \u015awi\u0119to Dzi\u0119kczynienia Bo\u017cej Opatrzno\u015bci. St\u0105d dzi\u015b po Mszach \u015bw. zbi\u00f3rka do puszek na budow\u0119 \u015awi\u0105tyni Opatrzno\u015bci Bo\u017cej. Jutro 5 czerwca po Mszy wieczornej i nabo\u017ce\u0144stwie spotkanie dla rodzic\u00f3w tych [&hellip;]<\/p>\n","protected":false},"author":1,"featured_media":0,"comment_status":"closed","ping_status":"closed","sticky":false,"template":"","format":"standard","meta":[],"categories":[2],"tags":[],"_links":{"self":[{"href":"http:\/\/www.parafiakuligow.pl\/index.php\/wp-json\/wp\/v2\/posts\/768"}],"collection":[{"href":"http:\/\/www.parafiakuligow.pl\/index.php\/wp-json\/wp\/v2\/posts"}],"about":[{"href":"http:\/\/www.parafiakuligow.pl\/index.php\/wp-json\/wp\/v2\/types\/post"}],"author":[{"embeddable":true,"href":"http:\/\/www.parafiakuligow.pl\/index.php\/wp-json\/wp\/v2\/users\/1"}],"replies":[{"embeddable":true,"href":"http:\/\/www.parafiakuligow.pl\/index.php\/wp-json\/wp\/v2\/comments?post=768"}],"version-history":[{"count":12,"href":"http:\/\/www.parafiakuligow.pl\/index.php\/wp-json\/wp\/v2\/posts\/768\/revisions"}],"predecessor-version":[{"id":780,"href":"http:\/\/www.parafiakuligow.pl\/index.php\/wp-json\/wp\/v2\/posts\/768\/revisions\/780"}],"wp:attachment":[{"href":"http:\/\/www.parafiakuligow.pl\/index.php\/wp-json\/wp\/v2\/media?parent=768"}],"wp:term":[{"taxonomy":"category","embeddable":true,"href":"http:\/\/www.parafiakuligow.pl\/index.php\/wp-json\/wp\/v2\/categories?post=768"},{"taxonomy":"post_tag","embeddable":true,"href":"http:\/\/www.parafiakuligow.pl\/index.php\/wp-json\/wp\/v2\/tags?post=768"}],"curies":[{"name":"wp","href":"https:\/\/api.w.org\/{rel}","templated":true}]}}