{"id":676,"date":"2017-05-21T01:39:14","date_gmt":"2017-05-20T23:39:14","guid":{"rendered":"http:\/\/www.parafiakuligow.pl\/?p=676"},"modified":"2017-05-21T01:40:02","modified_gmt":"2017-05-20T23:40:02","slug":"21-maj-2017-vi-niedziela-wielkanocna","status":"publish","type":"post","link":"http:\/\/www.parafiakuligow.pl\/index.php\/2017\/05\/21\/21-maj-2017-vi-niedziela-wielkanocna\/","title":{"rendered":"21 maj 2017, VI Niedziela Wielkanocna"},"content":{"rendered":"<ol>\n<li>Sakramentalny zwi\u0105zek ma\u0142\u017ce\u0144ski maj\u0105 zamiar zawrze\u0107 nast\u0119puj\u0105ce osoby: Micha\u0142 Lusa, kawaler z parafii tutejszej oraz Ewelina Anna Kuligowska, panna z parafii tutejszej zapowied\u017a I. Polecamy tych narzeczonych i wszystkich przygotowuj\u0105cych si\u0119 do ma\u0142\u017ce\u0144stwa modlitwie wiernych.<\/li>\n<li>Dzi\u015b na Mszy \u015bw. o godz. 11.00 uroczysto\u015b\u0107. I Komunii \u015bw. dla siedmiorga dzieci oraz ich rodzin.<\/li>\n<li>Ze wzgl\u0119du na Bia\u0142y Tydzie\u0144 w najbli\u017cszy wtorek i w czwartek Msze \u015bw. b\u0119d\u0105 odprawiane tak, jak w pozosta\u0142e dni tygodnia tzn. o godz. 19.00. Po ka\u017cdej Mszy \u015bw. zapraszamy na\u00a0 nabo\u017ce\u0144stwo majowe.<\/li>\n<li>W \u015brod\u0119 liturgiczne wspomnienie NMP Wspomo\u017cycielki Wiernych.<\/li>\n<li>W przysz\u0142\u0105 niedziel\u0119 28 maja b\u0119dziemy obchodzi\u0107 Uroczysto\u015b\u0107 Wniebowst\u0105pienia Pa\u0144skiego.<\/li>\n<li>Za tydzie\u0144 tak\u017ce po Mszy \u015bw. o godz. 11.00 spotkanie kandydat\u00f3w do sakramentu bierzmowania.<\/li>\n<li>Od pierwszej niedzieli czerwca tak, jak w latach minionych w okresie wakacyjnym b\u0119dzie w naszym ko\u015bciele trzecia niedzielna Msza \u015bwi\u0119ta o godz. 15.00.<\/li>\n<li>Bardzo dzi\u0119kuj\u0119 dwom naszym parafiankom za wykonane przy ko\u015bciele prace ogrodnicze, a rodzicom dzieci I komunijnych za pi\u0119kne kwiaty ofiarowane na dzisiejsz\u0105 uroczysto\u015b\u0107.<\/li>\n<li>Wszystkim naszym parafianom i go\u015bciom \u017cyczymy dobrego odpoczynku, udanej niedzieli i b\u0142ogos\u0142awionego tygodnia.<\/li>\n<\/ol>\n<p><strong>Intencje mszalne \u00a021 \u2013 28 maj \u00a02017<\/strong><\/p>\n<p><span style=\"color: #ff0000;\">Ndz\u00a0 21. V 2017, VI Niedziela Wielkanocna<\/span><br \/>\ng. 9. 00\u00a0\u00a0\u00a0 + \u00a0Jadwigi i Romana Kostrzew\u00f3w<br \/>\ng. 11.00 \u00a0\u00a0\u00a0Uroczysto\u015b\u0107 I Komunii \u015awi\u0119ta,\u00a0Msza \u015bw. w intencji dzieci oraz ich rodzin<br \/>\ng. 15.00 \u00a0 + Jacka Taracha w 30 dni po \u015bmierci<\/p>\n<p><span style=\"color: #ff0000;\">Bia\u0142y Tydzie\u0144 dla dzieci I komunijnych<br \/>\n<\/span><span style=\"color: #0000ff;\">Pn 22. V<\/span><br \/>\ng. 19.00 Intencja dzi\u0119kczynno \u2013 b\u0142agalna w 24 rocznic\u0119 \u015bwi\u0119ce\u0144 \u00a0 \u00a0 \u00a0 \u00a0 \u00a0 \u00a0 \u00a0 \u00a0 \u00a0 \u00a0 \u00a0 \u00a0 \u00a0 \u00a0 \u00a0kap\u0142a\u0144skich ks. Proboszcza<\/p>\n<p><span style=\"color: #0000ff;\">Wt 23. V<\/span><br \/>\ng. 19.00\u00a0\u00a0 + J\u00f3zefa Mika<\/p>\n<p><span style=\"color: #0000ff;\">\u015ar 24. V<\/span><br \/>\ng. 19.00 \u00a0\u00a0+ J\u00f3zefa Mika<\/p>\n<p><span style=\"color: #0000ff;\">Czw 25. V<\/span><br \/>\ng. 19.00\u00a0\u00a0 + J\u00f3zefa Mika<\/p>\n<p><span style=\"color: #0000ff;\">Pt 26. V<\/span><br \/>\ng. 19.00\u00a0 \u00a0+ Zofii Czerwi\u0144skiej<\/p>\n<p><span style=\"color: #0000ff;\">Sob 27. V<\/span><br \/>\ng. 19.00\u00a0\u00a0 + Marianny i Jana Karasiewicz, Stanis\u0142awa i Henryka\u00a0\u00a0\u00a0\u00a0\u00a0\u00a0\u00a0\u00a0\u00a0\u00a0\u00a0\u00a0\u00a0\u00a0 \u00a0\u00a0\u00a0\u00a0\u00a0\u00a0\u00a0\u00a0 \u00a0\u00a0\u00a0\u00a0\u00a0\u00a0 Karasiewicz<\/p>\n<p><span style=\"color: #ff0000;\">Ndz \u00a028. V 2017 \u00a0Uroczysto\u015b\u0107 Wniebowst\u0105pienia Pa\u0144skiego<br \/>\n<\/span>g. 9.00\u00a0 + Henryka i Leokadii Ole\u015bkiewicz<br \/>\ng. 11.00 + Stanis\u0142awa i Sabiny Py\u015bkiewicz\u00a0\/ chrzest Julia Nied\u017awiecka \/<\/p>\n","protected":false},"excerpt":{"rendered":"<p>Sakramentalny zwi\u0105zek ma\u0142\u017ce\u0144ski maj\u0105 zamiar zawrze\u0107 nast\u0119puj\u0105ce osoby: Micha\u0142 Lusa, kawaler z parafii tutejszej oraz Ewelina Anna Kuligowska, panna z parafii tutejszej zapowied\u017a I. Polecamy tych narzeczonych i wszystkich przygotowuj\u0105cych si\u0119 do ma\u0142\u017ce\u0144stwa modlitwie wiernych. Dzi\u015b na Mszy \u015bw. o godz. 11.00 uroczysto\u015b\u0107. I Komunii \u015bw. dla siedmiorga dzieci oraz [&hellip;]<\/p>\n","protected":false},"author":1,"featured_media":0,"comment_status":"closed","ping_status":"closed","sticky":false,"template":"","format":"standard","meta":[],"categories":[2],"tags":[],"_links":{"self":[{"href":"http:\/\/www.parafiakuligow.pl\/index.php\/wp-json\/wp\/v2\/posts\/676"}],"collection":[{"href":"http:\/\/www.parafiakuligow.pl\/index.php\/wp-json\/wp\/v2\/posts"}],"about":[{"href":"http:\/\/www.parafiakuligow.pl\/index.php\/wp-json\/wp\/v2\/types\/post"}],"author":[{"embeddable":true,"href":"http:\/\/www.parafiakuligow.pl\/index.php\/wp-json\/wp\/v2\/users\/1"}],"replies":[{"embeddable":true,"href":"http:\/\/www.parafiakuligow.pl\/index.php\/wp-json\/wp\/v2\/comments?post=676"}],"version-history":[{"count":3,"href":"http:\/\/www.parafiakuligow.pl\/index.php\/wp-json\/wp\/v2\/posts\/676\/revisions"}],"predecessor-version":[{"id":679,"href":"http:\/\/www.parafiakuligow.pl\/index.php\/wp-json\/wp\/v2\/posts\/676\/revisions\/679"}],"wp:attachment":[{"href":"http:\/\/www.parafiakuligow.pl\/index.php\/wp-json\/wp\/v2\/media?parent=676"}],"wp:term":[{"taxonomy":"category","embeddable":true,"href":"http:\/\/www.parafiakuligow.pl\/index.php\/wp-json\/wp\/v2\/categories?post=676"},{"taxonomy":"post_tag","embeddable":true,"href":"http:\/\/www.parafiakuligow.pl\/index.php\/wp-json\/wp\/v2\/tags?post=676"}],"curies":[{"name":"wp","href":"https:\/\/api.w.org\/{rel}","templated":true}]}}