{"id":667,"date":"2017-05-06T20:08:22","date_gmt":"2017-05-06T18:08:22","guid":{"rendered":"http:\/\/www.parafiakuligow.pl\/?p=667"},"modified":"2017-05-06T20:13:35","modified_gmt":"2017-05-06T18:13:35","slug":"7-maj-2017-iv-niedziela-wielkanocna","status":"publish","type":"post","link":"http:\/\/www.parafiakuligow.pl\/index.php\/2017\/05\/06\/7-maj-2017-iv-niedziela-wielkanocna\/","title":{"rendered":"7 maj 2017, IV Niedziela Wielkanocna"},"content":{"rendered":"<ol>\n<li>Sakramentalny zwi\u0105zek ma\u0142\u017ce\u0144ski maj\u0105 zamiar zawrze\u0107 nast\u0119puj\u0105ce osoby: Robert Klimek, kawaler z par. M.B. Fatimskiej i b\u0142. Bronis\u0142awa Markiewicza w S\u0142upnie oraz Beata Ole\u015bkiewicz panna z Kuligowa zapowied\u017a II. Piotr Adrian Grze\u015bkiewicz kawaler z Kuligowa oraz Marlena Brodzik panna z Ko\u0142akowa,\u00a0 J\u00f3zef\u00f3w zapowied\u017a I. Polecamy tych narzeczonych i wszystkich przygotowuj\u0105cych si\u0119 do ma\u0142\u017ce\u0144stwa modlitwie wiernych.<\/li>\n<li>Rozpoczynamy tydzie\u0144 modlitw o powo\u0142ania kap\u0142a\u0144skie. W przysz\u0142\u0105 niedziel\u0119 modlitw\u0119 b\u0119dziemy mogli wesprze\u0107 ofiar\u0105 na tac\u0119 przeznaczon\u0105 na Seminarium Duchowne.<\/li>\n<li>Jutro 8 maja Uroczysto\u015b\u0107 \u015bw. Stanis\u0142awa biskupa i m\u0119czennika g\u0142\u00f3wnego patrona Polski. Msza \u015bw. o godz. 19.00.<\/li>\n<li>We wtorek i w czwartek zamiast Mszy porannej b\u0119dzie Msza \u015bw. wieczorna o godz. 19.00 &#8211; tak jak w pozosta\u0142e dni tygodnia.<\/li>\n<li>Nabo\u017ce\u0144stwa majowe z Litani\u0105 do NMP odprawiamy w tygodniu bezpo\u015brednio<br \/>\npo Mszy \u015bw., a w niedziele i \u015bwi\u0119ta po Mszy o godz. 11.00. Serdecznie zapraszamy wszystkich do wsp\u00f3lnej modlitwy, a dzieci tak\u017ce do udzia\u0142u w konkursie pt. Tajemnica Fatimy.<\/li>\n<li>W sobot\u0119 13 maja z racji I soboty miesi\u0105ca Msza \u015bw. wynagradzaj\u0105ca Niepokalanemu Sercu Maryi. Tego dnia Sanktuarium \u015bw. Jana Paw\u0142a II na osiedlu Victoria w Radzyminie organizuje V Zjazd Mi\u0142o\u015bnik\u00f3w \u017bywego R\u00f3\u017ca\u0144ca Diecezji Warszawsko-Praskiej w 100 rocznic\u0119 Objawie\u0144 Fatimskich. Na to wa\u017cne i pi\u0119kne wydarzenie<br \/>\nks. Proboszcz Krzysztof Zi\u00f3\u0142kowski wszystkich nas serdecznie zaprasza. Szczeg\u00f3\u0142y znajdziemy w gablocie.<\/li>\n<li>W przysz\u0142\u0105 niedziel\u0119 po Mszy o 11.00 spotkanie rodzic\u00f3w i dzieci przygotowuj\u0105cych si\u0119 do I Komunii \u015bw.<\/li>\n<li>Spotkanie kandydat\u00f3w do bierzmowania odb\u0119dzie si\u0119 nie 14, ale 28 maja o zwyk\u0142ej porze.<\/li>\n<li>Za dwa tygodnie 21 maja na Mszy \u015bw. o godz. 11.00 w naszej parafii b\u0119dzie Uroczysto\u015b\u0107 I Komunii \u015bw. dla 7 dzieci oraz ich rodzin. Osoby mniej zainteresowane zapraszam na godz. 9.00 albo na dodatkow\u0105 Msz\u0119 \u015bw. o godz. 15.00, aby zrobi\u0107<br \/>\nw ko\u015bciele miejsce dla go\u015bci, kt\u00f3rzy przyjad\u0105 Uroczysto\u015b\u0107 Komunii do Kuligowa.<\/li>\n<li>Pani Annie \u017bu\u0142awnik bardzo serdecznie dzi\u0119kuj\u0119 za przygotowanie dekoracji kwiatowej na jubileusz stra\u017cy po\u017carnej.<\/li>\n<li>Wszystkim solenizantom i solenizantkom tego tygodnia sk\u0142adamy \u017cyczenia zdrowia, Bo\u017cego b\u0142ogos\u0142awie\u0144stwa i opieki \u015bw. patron\u00f3w. Naszym parafianom i go\u015bciom \u017cyczymy udanego odpoczynku i dobrego tygodnia.<\/li>\n<\/ol>\n<p><strong>Intencje mszalne \u00a07 &#8211; 14 maj 2017<\/strong><\/p>\n<p><span style=\"color: #ff0000;\">Ndz 7. V 2017, IV Niedziela Wielkanocna<br \/>\n<\/span>g. 9.00\u00a0\u00a0\u00a0\u00a0 + Stanis\u0142awy Krysik<br \/>\ng. 11.00 + Stanis\u0142awa Jusi\u0144skiego<\/p>\n<p><span style=\"color: #000080;\">Pn 8. V, Uroczysto\u015b\u0107 \u015bw. Stanis\u0142awa biskupa i m\u0119czennika<br \/>\n<\/span>g. 19.00 rez. p. C. Kuligowski<\/p>\n<p><span style=\"color: #000080;\">Wt 9. V<\/span><br \/>\ng. \u00a019.00 \u00a0\u00a0wed\u0142ug intencji Matki Bo\u017cej 1<\/p>\n<p><span style=\"color: #000080;\">\u015ar 10. V<\/span><br \/>\ng. 19.00 wed\u0142ug intencji Matki Bo\u017cej 2<\/p>\n<p><span style=\"color: #000080;\">Czw 11. V<\/span><br \/>\ng. \u00a019.00 \u00a0\u00a0+ Bogus\u0142awa \/m\/ Rosy<\/p>\n<p><span style=\"color: #000080;\">Pt 12. V<\/span><br \/>\ng. 19.00\u00a0 \u00a0wed\u0142ug intencji Matki Bo\u017cej 3<\/p>\n<p><span style=\"color: #000080;\">Sob 13. V<\/span><br \/>\ng. 12.00 \u00a0\u00a0Msza \u015bw. z sakramentem Chrztu<br \/>\ng. 19.00\u00a0 + Franciszka Karasiewicza<\/p>\n<p><span style=\"color: #000080;\"><span style=\"color: #ff0000;\">Ndz 14. V 2017, V Niedziela Wielkanocna<\/span><br \/>\n<\/span><span style=\"color: #000000;\">g. 9.00\u00a0 \u00a0\u00a0\u00a0+ Janiny i Benedykta Piwowarskich, Janiny Piwowarskiej, \u00a0\u00a0\u00a0\u00a0\u00a0\u00a0\u00a0\u00a0\u00a0\u00a0\u00a0\u00a0\u00a0\u00a0\u00a0\u00a0\u00a0\u00a0\u00a0\u00a0\u00a0\u00a0\u00a0\u00a0\u00a0\u00a0\u00a0\u00a0\u00a0\u00a0 dziadk\u00f3w Stanis\u0142awy i Tomasza Piwowarskich<br \/>\n<\/span><span style=\"color: #000000;\">g. 11.00\u00a0 \u00a0\u00a0+ Stanis\u0142awa i Zofii Mianowskich<\/span><\/p>\n","protected":false},"excerpt":{"rendered":"<p>Sakramentalny zwi\u0105zek ma\u0142\u017ce\u0144ski maj\u0105 zamiar zawrze\u0107 nast\u0119puj\u0105ce osoby: Robert Klimek, kawaler z par. M.B. Fatimskiej i b\u0142. Bronis\u0142awa Markiewicza w S\u0142upnie oraz Beata Ole\u015bkiewicz panna z Kuligowa zapowied\u017a II. Piotr Adrian Grze\u015bkiewicz kawaler z Kuligowa oraz Marlena Brodzik panna z Ko\u0142akowa,\u00a0 J\u00f3zef\u00f3w zapowied\u017a I. Polecamy tych narzeczonych i wszystkich przygotowuj\u0105cych [&hellip;]<\/p>\n","protected":false},"author":1,"featured_media":0,"comment_status":"closed","ping_status":"closed","sticky":false,"template":"","format":"standard","meta":[],"categories":[2],"tags":[],"_links":{"self":[{"href":"http:\/\/www.parafiakuligow.pl\/index.php\/wp-json\/wp\/v2\/posts\/667"}],"collection":[{"href":"http:\/\/www.parafiakuligow.pl\/index.php\/wp-json\/wp\/v2\/posts"}],"about":[{"href":"http:\/\/www.parafiakuligow.pl\/index.php\/wp-json\/wp\/v2\/types\/post"}],"author":[{"embeddable":true,"href":"http:\/\/www.parafiakuligow.pl\/index.php\/wp-json\/wp\/v2\/users\/1"}],"replies":[{"embeddable":true,"href":"http:\/\/www.parafiakuligow.pl\/index.php\/wp-json\/wp\/v2\/comments?post=667"}],"version-history":[{"count":5,"href":"http:\/\/www.parafiakuligow.pl\/index.php\/wp-json\/wp\/v2\/posts\/667\/revisions"}],"predecessor-version":[{"id":672,"href":"http:\/\/www.parafiakuligow.pl\/index.php\/wp-json\/wp\/v2\/posts\/667\/revisions\/672"}],"wp:attachment":[{"href":"http:\/\/www.parafiakuligow.pl\/index.php\/wp-json\/wp\/v2\/media?parent=667"}],"wp:term":[{"taxonomy":"category","embeddable":true,"href":"http:\/\/www.parafiakuligow.pl\/index.php\/wp-json\/wp\/v2\/categories?post=667"},{"taxonomy":"post_tag","embeddable":true,"href":"http:\/\/www.parafiakuligow.pl\/index.php\/wp-json\/wp\/v2\/tags?post=667"}],"curies":[{"name":"wp","href":"https:\/\/api.w.org\/{rel}","templated":true}]}}