{"id":662,"date":"2017-04-29T20:24:05","date_gmt":"2017-04-29T18:24:05","guid":{"rendered":"http:\/\/www.parafiakuligow.pl\/?p=662"},"modified":"2017-04-29T20:34:00","modified_gmt":"2017-04-29T18:34:00","slug":"30-kwiecien-2017-iii-niedziela-wielkanocna","status":"publish","type":"post","link":"http:\/\/www.parafiakuligow.pl\/index.php\/2017\/04\/29\/30-kwiecien-2017-iii-niedziela-wielkanocna\/","title":{"rendered":"30 kwiecie\u0144 2017, III Niedziela Wielkanocna"},"content":{"rendered":"<ol>\n<li><span style=\"font-family: Times New Roman,serif;\"><span style=\"font-size: large;\">Sakramentalny zwi\u0105zek ma\u0142\u017ce\u0144ski maj\u0105 zamiar zawrze\u0107 nast\u0119puj\u0105ce osoby: Robert Klimek, kawaler z par. M.B.Fatimskiej i b\u0142. Bronis\u0142awa Markiewicza w S\u0142upnie oraz Beata Ole\u015bkiewicz panna z Kuligowa \u2013 zapowied\u017a I. Polecamy tych narzeczonych i wszystkich przygotowuj\u0105cych si\u0119 do ma\u0142\u017ce\u0144stwa modlitwie wiernych.<\/span><\/span><\/li>\n<li><span style=\"font-family: Times New Roman,serif;\"><span style=\"font-size: large;\">Dzisiaj po Mszy \u015bw. o godz. 11.00 spotkanie rodzic\u00f3w i dzieci przygotowuj\u0105cych si\u0119 do I komunii \u015bw.<\/span><\/span><\/li>\n<li><span style=\"font-family: Times New Roman,serif;\"><span style=\"font-size: large;\">Od 1 maja czyli od jutra do ko\u0144ca wrze\u015bnia tak jak w latach minionych wieczorna Msza \u015bw. w tygodniu b\u0119dzie sprawowana godzin\u0119 p\u00f3\u017aniej ni\u017c do tej pory czyli nie o 18.00, ale ju\u017c o godz. 19.00. W niedziele i \u015bwi\u0119ta porz\u0105dek bez zmian. <\/span><\/span><\/li>\n<li><span style=\"font-family: Times New Roman,serif;\"><span style=\"font-size: large;\">Jutro 1 maja rozpoczynamy nabo\u017ce\u0144stwa majowe z Litani\u0105 do NMP. B\u0119dziemy je odprawia\u0107 w tygodniu bezpo\u015brednio po Mszy \u015bw., a w niedziele i \u015bwi\u0119ta po Mszy o godz. 11.00. Serdecznie zapraszamy wszystkich do wsp\u00f3lnej modlitwy. Dzieci zapraszamy do udzia\u0142u w konkursie z nagrodami pt. Tajemnica Fatimy. Szczeg\u00f3\u0142y na ten temat jutro po pierwszym nabo\u017ce\u0144stwie. <\/span><\/span><\/li>\n<li><span style=\"font-family: Times New Roman,serif;\"><span style=\"font-size: large;\">W \u015brod\u0119 3 maja Uroczysto\u015b\u0107 NMP Kr\u00f3lowej Polski g\u0142\u00f3wnej Patronki naszej Ojczyzny. Msze \u015bw. jak w niedziele o godz. 9.00 i 11.00.<\/span><\/span><\/li>\n<li><span style=\"font-family: Times New Roman,serif;\"><span style=\"font-size: large;\">W pi\u0105tek przypada I pi\u0105tek miesi\u0105ca. Spowied\u017a od godz. 18.00. O godz. 19.00 Msza \u015bw. o Naj\u015bwi\u0119tszym Sercu Pana Jezusa.<\/span><\/span><\/li>\n<li><span style=\"font-family: Times New Roman,serif;\"><span style=\"font-size: large;\">W sobot\u0119 6 maja \u015bwi\u0119towa\u0107 b\u0119dziemy 70 rocznic\u0119 utworzenia Ochotniczej Stra\u017cy Po\u017carnej w Kuligowie. Msza \u015bw. w intencji stra\u017cak\u00f3w w naszym ko\u015bciele o godz. 11.30. <\/span><\/span><\/li>\n<li><span style=\"font-family: Times New Roman,serif;\"><span style=\"font-size: large;\">Aby lepiej odczyta\u0107 i wype\u0142ni\u0107 or\u0119dzie fatimskie pocz\u0105wszy od maja tego roku wprowadzamy nabo\u017ce\u0144stwo pierwszych sob\u00f3t miesi\u0105ca. W ka\u017cd\u0105 pierwsz\u0105 sobot\u0119 miesi\u0105ca b\u0119dziemy sprawowa\u0107 Msz\u0119 \u015bw. wynagradzaj\u0105c\u0105 Niepokalanemu Sercu Maryi. Dotychczasowy przywilej Mszy \u015bw. niedzielnej odprawianej ju\u017c w sobotni wiecz\u00f3r zostanie zachowany we wszystkie pozosta\u0142e soboty \/ poza I sobot\u0105 miesi\u0105ca\/. <\/span><\/span><\/li>\n<li><span style=\"font-family: Times New Roman,serif;\"><span style=\"font-size: large;\">Planowane na 14 maja spotkanie kandydat\u00f3w do bierzmowania odb\u0119dzie si\u0119 dwa tygodnie p\u00f3\u017aniej tzn. nie 14 ale 28 maja po Mszy o godz. 11.00. <\/span><\/span><\/li>\n<li><span style=\"font-family: Times New Roman,serif;\"><span style=\"font-size: large;\">Sanktuarium \u015bw. Jana Paw\u0142a II na osiedlu Victoria w Radzyminie organizuje V Zjazd Mi\u0142o\u015bnik\u00f3w \u017bywego R\u00f3\u017ca\u0144ca Diecezji Warszawsko-Praskiej w 100 rocznic\u0119 Objawie\u0144 Fatimskich tzn. w sobot\u0119 13 maja 2017 roku. To wa\u017cne i pi\u0119kne wydarzenie nie tylko dla naszego dekanatu. Ks. Proboszcz Krzysztof Zi\u00f3\u0142kowski wszystkich nas serdecznie zaprasza. Szczeg\u00f3\u0142y znajdziemy na ulotkach z ty\u0142u ko\u015bcio\u0142a oraz w gablocie.<\/span><\/span><\/li>\n<li><span style=\"font-family: Times New Roman,serif;\"><span style=\"font-size: large;\">Wszystkim solenizantom i solenizantkom tego tygodnia z racji imienin sk\u0142adamy \u017cyczenia zdrowia, Bo\u017cego b\u0142ogo<span style=\"color: #000000;\">s\u0142aw<\/span><span style=\"color: #ff9965;\"><span style=\"color: #000000;\">ie\u0144stwa i opieki \u015bw. patron\u00f3w. Naszym parafianom i go\u015bciom \u017cyczymy udanego odpoczynku i dobrego tygodnia.<\/span> <\/span><\/span><\/span><\/li>\n<\/ol>\n<p><span style=\"font-size: large; color: #993300;\"><strong><span style=\"font-family: Times New Roman,serif;\">Intencje mszalne 30 kwiecie\u0144 \u2013 7 maj 2017<\/span><\/strong><\/span><\/p>\n<p><span style=\"color: #fe9999;\"><span style=\"font-family: Times New Roman,serif;\"><span style=\"font-size: large;\"><span style=\"color: #ff9965;\"><span style=\"color: #993300;\">Ndz 30. IV 2017<\/span>, III Niedziela Wielkanocna<br \/>\n<\/span><\/span><\/span><\/span><span style=\"font-family: Times New Roman,serif;\"><span style=\"font-size: large;\">g. 9.00 + Feliksa Czarnowskiego oraz Ziutki Walesiak<br \/>\ng. 11.00 O Bo\u017ce b\u0142ogos\u0142awie\u0144stwo, zdrowie i wszelkie potrzebne \u0142aski dla Pauliny z racji 12 urodzin<\/span><\/span><\/p>\n<p><span style=\"font-family: Times New Roman,serif;\"><span style=\"font-size: large;\"><span style=\"color: #b2b2ff;\">Pn 1. V<\/span><br \/>\ng. 19.00 + Feliksa i Marianny Piwowarskich <\/span><\/span><\/p>\n<p><span style=\"font-family: Times New Roman,serif;\"><span style=\"color: #000080;\">Wt 2.V<\/span><br \/>\ng. 7.00 + Za zmar\u0142ych poleconych w wypominkach<\/span><\/p>\n<p><span style=\"color: #fe9999;\"><span style=\"font-family: Times New Roman,serif;\"><span style=\"font-size: large;\"><span style=\"color: #b2b2ff;\">\u015ar 3. V<\/span><br \/>\n<span style=\"color: #ffffff;\">Uroczysto\u015b\u0107 Naj\u015bwi\u0119tszej Maryi Panny Kr\u00f3lowej Polski<\/span><br \/>\n<\/span><\/span><\/span><span style=\"font-family: Times New Roman,serif;\"><span style=\"font-size: large;\">g. 9.00 + Anny, Zygmunta i Jadwigi Liszewskich<br \/>\ng. 11.00 + Stanis\u0142awa Bieleckiego, Stanis\u0142awy i Romana Bieleckich <\/span><\/span><\/p>\n<p><span style=\"font-family: Times New Roman,serif;\"><span style=\"font-size: large;\"><span style=\"color: #b2b2ff;\">Czw 4. V<\/span><br \/>\ng. 7.00 wolna<\/span><\/span><\/p>\n<p><span style=\"font-family: Times New Roman,serif;\"><span style=\"font-size: large;\"><span style=\"color: #b2b2ff;\">Pt 5. V<\/span><br \/>\ng. 19.00 wolna<\/span><\/span><\/p>\n<p><span style=\"font-family: Times New Roman,serif; color: #b2b2ff; font-size: large;\">Sob 6. V<\/span><br \/>\n<span style=\"font-family: Times New Roman,serif;\"><span style=\"font-size: large;\">g. 11.30 Dzi\u0119kczynno-b\u0142agalna w 70 rocznic\u0119 powstania Ochotniczej Stra\u017cy Po\u017carnej w Kuligowie<br \/>\ng. 15.00 Intencja \u015blubna<br \/>\ng. 19.00 wolna <\/span><\/span><\/p>\n<p><span style=\"color: #ffffcb; font-size: large;\"><span style=\"font-family: Times New Roman,serif;\"><span style=\"color: #ff9965;\">Ndz 7.V 2017, IV Niedziela Wielkanocna<\/span><br \/>\n<\/span><\/span><span style=\"font-family: Times New Roman,serif;\"><span style=\"font-size: large;\">g. 9.00 + Stanis\u0142awy Krysik<br \/>\ng. 11.00 + Stanis\u0142awa Jusi\u0144skiego<\/span><\/span><\/p>\n","protected":false},"excerpt":{"rendered":"<p>Sakramentalny zwi\u0105zek ma\u0142\u017ce\u0144ski maj\u0105 zamiar zawrze\u0107 nast\u0119puj\u0105ce osoby: Robert Klimek, kawaler z par. M.B.Fatimskiej i b\u0142. Bronis\u0142awa Markiewicza w S\u0142upnie oraz Beata Ole\u015bkiewicz panna z Kuligowa \u2013 zapowied\u017a I. Polecamy tych narzeczonych i wszystkich przygotowuj\u0105cych si\u0119 do ma\u0142\u017ce\u0144stwa modlitwie wiernych. Dzisiaj po Mszy \u015bw. o godz. 11.00 spotkanie rodzic\u00f3w i [&hellip;]<\/p>\n","protected":false},"author":1,"featured_media":0,"comment_status":"closed","ping_status":"closed","sticky":false,"template":"","format":"standard","meta":[],"categories":[2],"tags":[],"_links":{"self":[{"href":"http:\/\/www.parafiakuligow.pl\/index.php\/wp-json\/wp\/v2\/posts\/662"}],"collection":[{"href":"http:\/\/www.parafiakuligow.pl\/index.php\/wp-json\/wp\/v2\/posts"}],"about":[{"href":"http:\/\/www.parafiakuligow.pl\/index.php\/wp-json\/wp\/v2\/types\/post"}],"author":[{"embeddable":true,"href":"http:\/\/www.parafiakuligow.pl\/index.php\/wp-json\/wp\/v2\/users\/1"}],"replies":[{"embeddable":true,"href":"http:\/\/www.parafiakuligow.pl\/index.php\/wp-json\/wp\/v2\/comments?post=662"}],"version-history":[{"count":4,"href":"http:\/\/www.parafiakuligow.pl\/index.php\/wp-json\/wp\/v2\/posts\/662\/revisions"}],"predecessor-version":[{"id":666,"href":"http:\/\/www.parafiakuligow.pl\/index.php\/wp-json\/wp\/v2\/posts\/662\/revisions\/666"}],"wp:attachment":[{"href":"http:\/\/www.parafiakuligow.pl\/index.php\/wp-json\/wp\/v2\/media?parent=662"}],"wp:term":[{"taxonomy":"category","embeddable":true,"href":"http:\/\/www.parafiakuligow.pl\/index.php\/wp-json\/wp\/v2\/categories?post=662"},{"taxonomy":"post_tag","embeddable":true,"href":"http:\/\/www.parafiakuligow.pl\/index.php\/wp-json\/wp\/v2\/tags?post=662"}],"curies":[{"name":"wp","href":"https:\/\/api.w.org\/{rel}","templated":true}]}}