{"id":635,"date":"2017-03-25T18:44:45","date_gmt":"2017-03-25T17:44:45","guid":{"rendered":"http:\/\/www.parafiakuligow.pl\/?p=635"},"modified":"2017-03-25T18:44:45","modified_gmt":"2017-03-25T17:44:45","slug":"26-marzec-2017-iv-niedziela-wielkiego-postu","status":"publish","type":"post","link":"http:\/\/www.parafiakuligow.pl\/index.php\/2017\/03\/25\/26-marzec-2017-iv-niedziela-wielkiego-postu\/","title":{"rendered":"26 marzec 2017, IV niedziela Wielkiego Postu"},"content":{"rendered":"<p>&nbsp;<\/p>\n<ol>\n<li>Dzisiaj, za tydzie\u0144 i za dwa tygodnie tzn. po Mszach \u015bw. przedstawiciele Rady Parafialnej b\u0119d\u0105 zbiera\u0107 ofiary na kwiaty do grobu Pana Jezusa. Serdeczne B\u00f3g zap\u0142a\u0107 za wszystkie z\u0142o\u017cone na ten cel ofiary.<\/li>\n<\/ol>\n<ol start=\"2\">\n<li>Ze wzgl\u0119du na spowied\u017a w Woli Rasztowskiej w najbli\u017cszy poniedzia\u0142ek i \u015brod\u0119 zmiana godziny Mszy \u015bw. Zamiast Mszy wieczornej w poniedzia\u0142ek i \u015brod\u0119 b\u0119dzie Msza o 7.00 rano. W pozosta\u0142e dni bez zmian.<\/li>\n<\/ol>\n<ol start=\"3\">\n<li>W najbli\u017cszy czwartek 30 marca o godz. 11.00 na sesji Rady Gminy D\u0105br\u00f3wka odb\u0119dzie si\u0119 g\u0142osowanie w sprawie naszego cmentarza. Tak jak rozmawiali\u015bmy na zebraniu so\u0142eckim warto i trzeba, aby w tym spotkaniu nasza parafia i Kulig\u00f3w by\u0142y licznie reprezentowane. \u00a0Bardzo o to prosz\u0119 i do tego zach\u0119cam. Gdyby kto\u015b m\u00f3g\u0142 jecha\u0107, a nie mia\u0142 czym na pewno znajd\u0105 si\u0119 miejsca w samochodach. Wystarczy przyj\u015b\u0107 na parking przy ko\u015bciele p\u00f3\u0142 godziny wcze\u015bniej tzn. o 10.30. Polecam te\u017c t\u0119 spraw\u0119 modlitwie wszystkich parafian, by\u015bmy umieli rozpozna\u0107 i wype\u0142nia\u0107 wol\u0119 Bo\u017c\u0105.<\/li>\n<\/ol>\n<ol start=\"4\">\n<li>Droga krzy\u017cowa w pi\u0119tek o godz. 17.30. Zapraszamy doros\u0142ych, m\u0142odzie\u017c oraz dzieci.<\/li>\n<\/ol>\n<ol start=\"5\">\n<li>W przysz\u0142\u0105 niedziel\u0119 2 kwietnia po Mszy \u015bw. o godz. 11.00 spotkanie rodzic\u00f3w i dzieci przygotowuj\u0105cych si\u0119 do I komunii \u015bw.<\/li>\n<\/ol>\n<ol start=\"6\">\n<li>R\u00f3wnie\u017c 2 kwietnia w Warszawie odb\u0119dzie si\u0119 kolejny marsz \u015bwi\u0119to\u015bci \u017cycia. Wi\u0119cej informacji o tym wa\u017cnym wydarzeniu znajdziemy w gablocie i na stronie internetowej www.marszprolife.pl<\/li>\n<\/ol>\n<ol start=\"7\">\n<li>Wszystkim parafianom i go\u015bciom \u017cyczymy du\u017co zdrowia, mi\u0142ej niedzieli i b\u0142ogos\u0142awionego tygodnia.<\/li>\n<\/ol>\n<p><strong>Intencje mszalne \u00a0\u00a026 marzec \u2013 2 kwiecie\u0144 2017<\/strong><\/p>\n<p><span style=\"color: #ff0000;\">Ndz \u00a026. III\u00a0 2017, \u00a0IV\u00a0 Niedziela Wielkiego Postu<\/span><br \/>\ng. 9.00\u00a0\u00a0\u00a0 + Janiny Piwowarskiej \/rodzonej mamy\/ i Janiny \u00a0\u00a0\u00a0\u00a0\u00a0\u00a0\u00a0\u00a0\u00a0\u00a0\u00a0\u00a0 \u00a0\u00a0\u00a0\u00a0\u00a0\u00a0\u00a0\u00a0\u00a0\u00a0\u00a0\u00a0\u00a0\u00a0\u00a0\u00a0\u00a0\u00a0\u00a0\u00a0\u00a0\u00a0\u00a0\u00a0\u00a0\u00a0\u00a0\u00a0\u00a0\u00a0\u00a0\u00a0\u00a0\u00a0 \u00a0\u00a0\u00a0\u00a0\u00a0\u00a0Piwowarskiej \/przybranej mamy\/ &#8211; gregoria\u0144ska 26<br \/>\ng. 11.00\u00a0\u00a0 + Heleny Kibil<\/p>\n<p>Pn\u00a0 \u00a027. III<br \/>\ng. \u00a07.00 \u00a0+ Janiny Piwowarskiej \/rodzonej mamy\/ i Janiny\u00a0\u00a0\u00a0\u00a0\u00a0\u00a0\u00a0\u00a0\u00a0\u00a0 \u00a0\u00a0\u00a0\u00a0\u00a0\u00a0\u00a0\u00a0\u00a0\u00a0\u00a0\u00a0\u00a0\u00a0\u00a0\u00a0 \u00a0\u00a0\u00a0\u00a0\u00a0\u00a0\u00a0\u00a0\u00a0\u00a0\u00a0\u00a0\u00a0\u00a0\u00a0\u00a0\u00a0\u00a0\u00a0\u00a0Piwowarskiej \/przybranej mamy\/ &#8211; gregoria\u0144ska 27<\/p>\n<p>Wt\u00a0 \u00a028. III<br \/>\ng. \u00a07.00 \u00a0+ Janiny Piwowarskiej \/rodzonej mamy\/ i Janiny \u00a0 \u00a0\u00a0\u00a0\u00a0\u00a0\u00a0\u00a0\u00a0 \u00a0\u00a0\u00a0\u00a0\u00a0\u00a0\u00a0\u00a0 \u00a0\u00a0\u00a0\u00a0\u00a0\u00a0\u00a0\u00a0\u00a0\u00a0\u00a0\u00a0\u00a0\u00a0\u00a0\u00a0\u00a0\u00a0\u00a0\u00a0\u00a0\u00a0\u00a0\u00a0\u00a0 \u00a0\u00a0\u00a0Piwowarskiej \/przybranej mamy\/ &#8211; gregoria\u0144ska 28<\/p>\n<p>\u015ar \u00a0\u00a0\u00a029. III<br \/>\ng. \u00a0\u00a07.00\u00a0 + Janiny Piwowarskiej \/rodzonej mamy\/ i Janiny \u00a0\u00a0\u00a0\u00a0\u00a0\u00a0\u00a0\u00a0\u00a0 \u00a0\u00a0\u00a0\u00a0\u00a0\u00a0\u00a0\u00a0\u00a0\u00a0\u00a0\u00a0\u00a0\u00a0\u00a0\u00a0\u00a0\u00a0\u00a0\u00a0\u00a0\u00a0\u00a0\u00a0\u00a0 \u00a0\u00a0\u00a0\u00a0\u00a0\u00a0\u00a0\u00a0\u00a0\u00a0\u00a0\u00a0\u00a0\u00a0\u00a0\u00a0\u00a0\u00a0\u00a0\u00a0\u00a0Piwowarskiej \/przybranej mamy\/ &#8211; gregoria\u0144ska 29<\/p>\n<p>Czw 30. III<br \/>\ng. \u00a07.00 \u00a0+ Janiny Piwowarskiej \/rodzonej mamy\/ i Janiny \u00a0\u00a0\u00a0\u00a0\u00a0\u00a0\u00a0\u00a0\u00a0\u00a0\u00a0\u00a0\u00a0\u00a0\u00a0\u00a0\u00a0\u00a0\u00a0\u00a0\u00a0\u00a0\u00a0\u00a0\u00a0\u00a0\u00a0\u00a0\u00a0\u00a0\u00a0\u00a0\u00a0\u00a0 \u00a0\u00a0\u00a0\u00a0\u00a0\u00a0\u00a0\u00a0\u00a0\u00a0\u00a0\u00a0\u00a0\u00a0Piwowarskiej \/przybranej mamy\/ &#8211; gregoria\u0144ska 30<\/p>\n<p>Pt 31. III<br \/>\ng. 18.00\u00a0 + Janiny Piwowarskiej \/rodzonej mamy\/ i Janiny \u00a0\u00a0\u00a0\u00a0\u00a0\u00a0\u00a0\u00a0\u00a0\u00a0\u00a0\u00a0\u00a0\u00a0\u00a0 \u00a0\u00a0\u00a0\u00a0\u00a0\u00a0\u00a0\u00a0\u00a0\u00a0\u00a0\u00a0\u00a0\u00a0\u00a0\u00a0\u00a0\u00a0\u00a0\u00a0\u00a0\u00a0\u00a0Piwowarskiej \/przybranej mamy\/ &#8211; gregoria\u0144ska 31<\/p>\n<p>Sob 1. IV<br \/>\ng. 18.00 \u00a0+ Boles\u0142awa Czerwi\u0144skiego<\/p>\n<p><span style=\"color: #ff0000;\">Ndz \u00a02. IV\u00a0 2017, V \u00a0Niedziela Wielkiego Postu<\/span><br \/>\ng. 9.00\u00a0 \u00a0\u00a0+ J\u00f3zefa Jusi\u0144skiego<br \/>\ng. 11.00\u00a0 \u00a0\u00a0rez. p. Krystyna Sumi\u0142a<\/p>\n","protected":false},"excerpt":{"rendered":"<p>&nbsp; Dzisiaj, za tydzie\u0144 i za dwa tygodnie tzn. po Mszach \u015bw. przedstawiciele Rady Parafialnej b\u0119d\u0105 zbiera\u0107 ofiary na kwiaty do grobu Pana Jezusa. Serdeczne B\u00f3g zap\u0142a\u0107 za wszystkie z\u0142o\u017cone na ten cel ofiary. Ze wzgl\u0119du na spowied\u017a w Woli Rasztowskiej w najbli\u017cszy poniedzia\u0142ek i \u015brod\u0119 zmiana godziny Mszy \u015bw. [&hellip;]<\/p>\n","protected":false},"author":1,"featured_media":0,"comment_status":"closed","ping_status":"closed","sticky":false,"template":"","format":"standard","meta":[],"categories":[2],"tags":[],"_links":{"self":[{"href":"http:\/\/www.parafiakuligow.pl\/index.php\/wp-json\/wp\/v2\/posts\/635"}],"collection":[{"href":"http:\/\/www.parafiakuligow.pl\/index.php\/wp-json\/wp\/v2\/posts"}],"about":[{"href":"http:\/\/www.parafiakuligow.pl\/index.php\/wp-json\/wp\/v2\/types\/post"}],"author":[{"embeddable":true,"href":"http:\/\/www.parafiakuligow.pl\/index.php\/wp-json\/wp\/v2\/users\/1"}],"replies":[{"embeddable":true,"href":"http:\/\/www.parafiakuligow.pl\/index.php\/wp-json\/wp\/v2\/comments?post=635"}],"version-history":[{"count":1,"href":"http:\/\/www.parafiakuligow.pl\/index.php\/wp-json\/wp\/v2\/posts\/635\/revisions"}],"predecessor-version":[{"id":636,"href":"http:\/\/www.parafiakuligow.pl\/index.php\/wp-json\/wp\/v2\/posts\/635\/revisions\/636"}],"wp:attachment":[{"href":"http:\/\/www.parafiakuligow.pl\/index.php\/wp-json\/wp\/v2\/media?parent=635"}],"wp:term":[{"taxonomy":"category","embeddable":true,"href":"http:\/\/www.parafiakuligow.pl\/index.php\/wp-json\/wp\/v2\/categories?post=635"},{"taxonomy":"post_tag","embeddable":true,"href":"http:\/\/www.parafiakuligow.pl\/index.php\/wp-json\/wp\/v2\/tags?post=635"}],"curies":[{"name":"wp","href":"https:\/\/api.w.org\/{rel}","templated":true}]}}