{"id":632,"date":"2017-03-18T23:06:33","date_gmt":"2017-03-18T22:06:33","guid":{"rendered":"http:\/\/www.parafiakuligow.pl\/?p=632"},"modified":"2017-03-18T23:07:42","modified_gmt":"2017-03-18T22:07:42","slug":"19-marzec-2017-iii-niedziela-wielkiego-postu","status":"publish","type":"post","link":"http:\/\/www.parafiakuligow.pl\/index.php\/2017\/03\/18\/19-marzec-2017-iii-niedziela-wielkiego-postu\/","title":{"rendered":"19 marzec 2017 III, niedziela Wielkiego Postu"},"content":{"rendered":"<p>&nbsp;<\/p>\n<ol>\n<li>Dzi\u015b po Mszy \u015bw. o godz. 11.00 Gorzkie \u017bale.<\/li>\n<\/ol>\n<ol start=\"2\">\n<li>So\u0142tys Kuligowa zaprasza na zebranie so\u0142eckie, kt\u00f3re odb\u0119dzie si\u0119 19 marca, czyli dzisiaj o godz. 13.00 w remizie Ochotniczej Stra\u017cy Po\u017carnej.<\/li>\n<\/ol>\n<ol start=\"3\">\n<li>Tydzie\u0144 temu w zbi\u00f3rce do puszek na dzia\u0142o misyjne zebrali\u015bmy 315 z\u0142. B\u00f3g zap\u0142a\u0107 za ka\u017cd\u0105 z\u0142o\u017con\u0105 na misje ofiar\u0119. Dzi\u0119kuj\u0119 tak\u017ce za wszystkie ofiary sk\u0142adane na tac\u0119 w czasie niedzielnych Mszy.<\/li>\n<\/ol>\n<ol start=\"4\">\n<li>Ze wzgl\u0119du na liturgiczne piersze\u0144stwo niedzieli Wielkiego Postu Uroczysto\u015b\u0107 \u015bw. J\u00f3zefa Oblubie\u0144ca NMP przypadaj\u0105c\u0105 na 19 marca wyj\u0105tkowo b\u0119dziemy obchodzi\u0107 jutro. Msza \u015bw. o godz. 18.00. Wszystkim solenizantkom i solenizantom \u017cyczymy du\u017co mi\u0142o\u015bci od bliskich, Bo\u017cego b\u0142ogos\u0142awie\u0144stwa i opieki \u015bw. Patrona.<\/li>\n<\/ol>\n<ol start=\"5\">\n<li>Droga krzy\u017cowa w pi\u0119tek o godz. 17.30. Zapraszamy doros\u0142ych, m\u0142odzie\u017c oraz dzieci.<\/li>\n<\/ol>\n<ol start=\"6\">\n<li><strong>W najbli\u017cszy pi\u0105tek 24 marca rozpoczynaj\u0105 si\u0119 trzydniowe Rekolekcje Wielkopostne w naszej parafii.<\/strong> Serdecznie wszystkich na nie zapraszamy. Rekolekcje b\u0119dzie prowadzi\u0142 ks. Rados\u0142aw S\u0142owik z diecezji tarnowskiej. Msze \u015bw. z naukami rekolekcyjnymi w pi\u0105tek i w sobot\u0119 o godz. 11.00 i 18.00, a w niedziel\u0119 o 9.00 i 11.00. Spowied\u017a rekolekcyjna w pi\u0105tek i w sobot\u0119 przed i w czasie Mszy \u015bw. W sobot\u0119 odwiedziny chorych, kt\u00f3rzy nie mog\u0105 przyby\u0107 do ko\u015bcio\u0142a. Bardzo prosz\u0119, aby bliscy zatroszczyli si\u0119 o swoich domownik\u00f3w i pomogli im przyj\u0105\u0107 sakramenty \u015bwi\u0119te.<\/li>\n<\/ol>\n<ol start=\"7\">\n<li>W sobot\u0119 25 marca przypada Uroczysto\u015b\u0107 Zwiastowania Pa\u0144skiego i jednocze\u015bnie 25 rocznica powstania naszej diecezji. Na Mszy \u015bw. o godz. 18. 00 zawierzymy Matce Bo\u017cej nowopowsta\u0142\u0105 r\u00f3\u017c\u0119 r\u00f3\u017ca\u0144cow\u0105 rodzic\u00f3w.<\/li>\n<\/ol>\n<ol start=\"8\">\n<li>Wszystkim parafianom i go\u015bciom \u017cyczymy du\u017co zdrowia, mi\u0142ej niedzieli i b\u0142ogos\u0142awionego tygodnia.<\/li>\n<\/ol>\n<p><strong>Intencje mszalne \u00a019 \u2013 26 marzec 2017<\/strong><\/p>\n<p><span style=\"color: #ff0000;\">Ndz 19. III 2017, III\u00a0 Niedziela Wielkiego Postu<\/span><\/p>\n<p>g. 9.00\u00a0\u00a0\u00a0 + Janiny Piwowarskiej \/rodzonej mamy\/ i Janiny Piwowarskiej \/przybranej mamy\/ &#8211; gregoria\u0144ska 19<br \/>\ng. 11.00 + Marianny Jaworskiej w 18 r. \u015bm.<\/p>\n<p><span style=\"color: #ff0000;\">Uroczysto\u015b\u0107 \u015bw. J\u00f3zefa oblubie\u0144ca NMP<\/span><\/p>\n<p>Pn 20. III<br \/>\ng. 18.00 \u00a0+ Janiny Piwowarskiej \/rodzonej mamy\/ i Janiny Piwowarskiej \/przybranej mamy\/ &#8211; gregoria\u0144ska 20<\/p>\n<p>Wt 21. III<br \/>\ng. \u00a0\u00a07.00 \u00a0+ Janiny Piwowarskiej \/rodzonej mamy\/ i Janiny Piwowarskiej \/przybranej mamy\/ &#8211; gregoria\u0144ska 21<\/p>\n<p>\u015ar 22. III<br \/>\ng. 18.00\u00a0 + Janiny Piwowarskiej \/rodzonej mamy\/ i Janiny Piwowarskiej \/przybranej mamy\/ &#8211; gregoria\u0144ska 22<\/p>\n<p>Czw 23. III<br \/>\ng. \u00a0\u00a07.00 \u00a0+ Janiny Piwowarskiej \/rodzonej mamy\/ i Janiny \u00a0\u00a0\u00a0\u00a0\u00a0\u00a0\u00a0\u00a0\u00a0\u00a0\u00a0\u00a0\u00a0\u00a0\u00a0\u00a0\u00a0\u00a0\u00a0\u00a0\u00a0\u00a0\u00a0\u00a0\u00a0\u00a0\u00a0\u00a0\u00a0\u00a0\u00a0\u00a0\u00a0 \u00a0\u00a0\u00a0\u00a0\u00a0\u00a0\u00a0\u00a0\u00a0\u00a0\u00a0\u00a0\u00a0\u00a0Piwowarskiej \/przybranej mamy\/ &#8211; gregoria\u0144ska 23<\/p>\n<p><strong>REKOLEKCJE WIELKOPOSTNE<\/strong><\/p>\n<p>Pt \u00a024. III<br \/>\ng. 11.00 + S\u0142awomira i Aleksandra Wilkowskich oraz Edwarda Nasi\u0142owskiego<br \/>\ng. 8.00 + Janiny Piwowarskiej \/rodzonej mamy\/ i Janiny Piwowarskiej \/przybranej mamy\/ &#8211; gregoria\u0144ska 24<\/p>\n<p>Sob 25. III, Zwiastowanie Pa\u0144skie<br \/>\ng. 11.00 + Janiny Piwowarskiej \/rodzonej mamy\/ i Janiny \u00a0\u00a0\u00a0\u00a0\u00a0\u00a0\u00a0\u00a0\u00a0\u00a0\u00a0\u00a0\u00a0 \u00a0\u00a0\u00a0\u00a0\u00a0\u00a0\u00a0\u00a0\u00a0\u00a0\u00a0\u00a0\u00a0\u00a0\u00a0\u00a0\u00a0\u00a0\u00a0\u00a0\u00a0\u00a0\u00a0\u00a0\u00a0Piwowarskiej \/przybranej mamy\/ &#8211; gregoria\u0144ska 25<br \/>\ng. 18.00 O b\u0142ogos\u0142awie\u0144stwo Bo\u017ce i wszelkie potrzebne \u0142aski dla R\u00f3\u017cy R\u00f3\u017ca\u0144cowej rodzic\u00f3w<\/p>\n<p>Ndz 26. III\u00a0 2017, IV Niedziela Wielkiego Postu<br \/>\ng. 9.00\u00a0 \u00a0\u00a0+ Janiny Piwowarskiej \/rodzonej mamy\/ i Janiny Piwowarskiej \/przybranej mamy\/ &#8211; gregoria\u0144ska 26<br \/>\ng. 11.00\u00a0 \u00a0+ Heleny Kibil<\/p>\n","protected":false},"excerpt":{"rendered":"<p>&nbsp; Dzi\u015b po Mszy \u015bw. o godz. 11.00 Gorzkie \u017bale. So\u0142tys Kuligowa zaprasza na zebranie so\u0142eckie, kt\u00f3re odb\u0119dzie si\u0119 19 marca, czyli dzisiaj o godz. 13.00 w remizie Ochotniczej Stra\u017cy Po\u017carnej. Tydzie\u0144 temu w zbi\u00f3rce do puszek na dzia\u0142o misyjne zebrali\u015bmy 315 z\u0142. B\u00f3g zap\u0142a\u0107 za ka\u017cd\u0105 z\u0142o\u017con\u0105 na misje [&hellip;]<\/p>\n","protected":false},"author":1,"featured_media":0,"comment_status":"closed","ping_status":"closed","sticky":false,"template":"","format":"standard","meta":[],"categories":[2],"tags":[],"_links":{"self":[{"href":"http:\/\/www.parafiakuligow.pl\/index.php\/wp-json\/wp\/v2\/posts\/632"}],"collection":[{"href":"http:\/\/www.parafiakuligow.pl\/index.php\/wp-json\/wp\/v2\/posts"}],"about":[{"href":"http:\/\/www.parafiakuligow.pl\/index.php\/wp-json\/wp\/v2\/types\/post"}],"author":[{"embeddable":true,"href":"http:\/\/www.parafiakuligow.pl\/index.php\/wp-json\/wp\/v2\/users\/1"}],"replies":[{"embeddable":true,"href":"http:\/\/www.parafiakuligow.pl\/index.php\/wp-json\/wp\/v2\/comments?post=632"}],"version-history":[{"count":1,"href":"http:\/\/www.parafiakuligow.pl\/index.php\/wp-json\/wp\/v2\/posts\/632\/revisions"}],"predecessor-version":[{"id":633,"href":"http:\/\/www.parafiakuligow.pl\/index.php\/wp-json\/wp\/v2\/posts\/632\/revisions\/633"}],"wp:attachment":[{"href":"http:\/\/www.parafiakuligow.pl\/index.php\/wp-json\/wp\/v2\/media?parent=632"}],"wp:term":[{"taxonomy":"category","embeddable":true,"href":"http:\/\/www.parafiakuligow.pl\/index.php\/wp-json\/wp\/v2\/categories?post=632"},{"taxonomy":"post_tag","embeddable":true,"href":"http:\/\/www.parafiakuligow.pl\/index.php\/wp-json\/wp\/v2\/tags?post=632"}],"curies":[{"name":"wp","href":"https:\/\/api.w.org\/{rel}","templated":true}]}}