{"id":624,"date":"2017-03-04T09:40:37","date_gmt":"2017-03-04T08:40:37","guid":{"rendered":"http:\/\/www.parafiakuligow.pl\/?p=624"},"modified":"2017-03-04T09:40:37","modified_gmt":"2017-03-04T08:40:37","slug":"5-marzec-2017-i-niedziela-wielkiego-postu-1","status":"publish","type":"post","link":"http:\/\/www.parafiakuligow.pl\/index.php\/2017\/03\/04\/5-marzec-2017-i-niedziela-wielkiego-postu-1\/","title":{"rendered":"5 marzec 2017, I niedziela Wielkiego Postu 1"},"content":{"rendered":"<ol>\n<li>Dzi\u015b po Mszy \u015bw. o godz. 11.00 pierwsze Gorzkie \u017bale. To pi\u0119kne, \u015bpiewane nabo\u017ce\u0144stwo ku czci M\u0119ki Pa\u0144skiej b\u0119dziemy odprawia\u0107 we wszystkie niedziele Wielkiego Postu.<\/li>\n<li>\u015arodowa Msza \u015bw. o godz. 18.00 po\u0142\u0105czona jest z nowenn\u0105 do Matki Bo\u017cej Nieustaj\u0105cej Pomocy. Serdecznie zapraszamy.<\/li>\n<li>Droga krzy\u017cowa w pi\u0119tek o godz. 17.30. Zapraszamy doros\u0142ych, m\u0142odzie\u017c oraz dzieci.<\/li>\n<li>Rekolekcje Wielkopostne odb\u0119d\u0105 si\u0119 w naszej parafii 24, 25 i 26 marca. To pi\u0105tek, sobota i niedziela. B\u0119dzie je prowadzi\u0142 ks. Rados\u0142aw S\u0142owik \u2013 m\u0142ody kap\u0142an z diecezji tarnowskiej, kt\u00f3ry przygotowuje si\u0119 na misje w Ameryce Po\u0142udniowej.<\/li>\n<li>W przysz\u0142\u0105 niedziel\u0119 12 marca zbi\u00f3rka do puszek na dzia\u0142o misyjne ad gentes.<\/li>\n<\/ol>\n<p>Wszystkim parafianom i go\u015bciom \u017cyczymy du\u017co zdrowia, udanej niedzieli oraz dobrego, b\u0142ogos\u0142awionego tygodnia.<\/p>\n<p><strong>Intencje mszalne 5 \u2013 12 marzec 2017<\/strong><\/p>\n<p><span style=\"color: #ff0000;\"> Ndz 5. III 2017, I Niedziela Wielkiego Postu<\/span><br \/>\ng. 9.00 + Janiny Piwowarskiej \/rodzonej mamy\/ i Janiny Piwowarskiej \/przybranej mamy\/ &#8211; gregoria\u0144ska 5<br \/>\ng. 11.00 + Ludwiki i W\u0142adys\u0142awa Oleszkiewicz, Karoliny i Jana Wi\u0119ch<\/p>\n<p><span style=\"color: #ff0000;\">Pn 6. III<\/span><br \/>\ng. 18.00 + Janiny Piwowarskiej \/rodzonej mamy\/ i Janiny Piwowarskiej \/przybranej mamy\/ &#8211; gregoria\u0144ska 6<\/p>\n<p><span style=\"color: #ff0000;\">Wt 7. III<\/span><br \/>\ng. 7.00 + Janiny Piwowarskiej \/rodzonej mamy\/ i Janiny Piwowarskiej \/przybranej mamy\/ &#8211; gregoria\u0144ska 7<\/p>\n<p><span style=\"color: #ff0000;\">\u015ar 8. III<\/span><br \/>\ng. 18.00 + Janiny Piwowarskiej \/rodzonej mamy\/ i Janiny Piwowarskiej \/przybranej mamy\/ &#8211; gregoria\u0144ska 8<\/p>\n<p><span style=\"color: #ff0000;\">Czw 9. III<\/span><br \/>\ng. 7.00 + Janiny Piwowarskiej \/rodzonej mamy\/ i Janiny Piwowarskiej \/przybranej mamy\/ &#8211; gregoria\u0144ska 9<\/p>\n<p><span style=\"color: #ff0000;\">Pt 10. III<\/span><br \/>\ng. 18.00 + Janiny Piwowarskiej \/rodzonej mamy\/ i Janiny Piwowarskiej \/przybranej mamy\/ &#8211; gregoria\u0144ska 10<\/p>\n<p><span style=\"color: #ff0000;\">Sob 11. III<\/span><br \/>\ng. 18.00 + Janiny Piwowarskiej \/rodzonej mamy\/ i Janiny Piwowarskiej \/przybranej mamy\/ &#8211; gregoria\u0144ska 11<\/p>\n<p><span style=\"color: #ff0000;\">Ndz 12. III 2017 II, Niedziela Wielkiego Postu<\/span><br \/>\ng. 9.00 + Janiny Piwowarskiej \/rodzonej mamy\/ i Janiny Piwowarskiej \/przybranej mamy\/ &#8211; gregoria\u0144ska 12<br \/>\ng. 11.00 + Kazimierza \u017bochowskiego<\/p>\n<p>Proboszcz ks. Zbigniew Kloch<br \/>\nul. Ko\u015bcielna 2 05-254 Kulig\u00f3w<br \/>\ntel. 29\u00a0758 00 30<br \/>\nmail: kancelaria@parafiakuligow.pl<\/p>\n","protected":false},"excerpt":{"rendered":"<p>Dzi\u015b po Mszy \u015bw. o godz. 11.00 pierwsze Gorzkie \u017bale. To pi\u0119kne, \u015bpiewane nabo\u017ce\u0144stwo ku czci M\u0119ki Pa\u0144skiej b\u0119dziemy odprawia\u0107 we wszystkie niedziele Wielkiego Postu. \u015arodowa Msza \u015bw. o godz. 18.00 po\u0142\u0105czona jest z nowenn\u0105 do Matki Bo\u017cej Nieustaj\u0105cej Pomocy. Serdecznie zapraszamy. Droga krzy\u017cowa w pi\u0119tek o godz. 17.30. Zapraszamy [&hellip;]<\/p>\n","protected":false},"author":1,"featured_media":0,"comment_status":"closed","ping_status":"closed","sticky":false,"template":"","format":"standard","meta":[],"categories":[2],"tags":[],"_links":{"self":[{"href":"http:\/\/www.parafiakuligow.pl\/index.php\/wp-json\/wp\/v2\/posts\/624"}],"collection":[{"href":"http:\/\/www.parafiakuligow.pl\/index.php\/wp-json\/wp\/v2\/posts"}],"about":[{"href":"http:\/\/www.parafiakuligow.pl\/index.php\/wp-json\/wp\/v2\/types\/post"}],"author":[{"embeddable":true,"href":"http:\/\/www.parafiakuligow.pl\/index.php\/wp-json\/wp\/v2\/users\/1"}],"replies":[{"embeddable":true,"href":"http:\/\/www.parafiakuligow.pl\/index.php\/wp-json\/wp\/v2\/comments?post=624"}],"version-history":[{"count":1,"href":"http:\/\/www.parafiakuligow.pl\/index.php\/wp-json\/wp\/v2\/posts\/624\/revisions"}],"predecessor-version":[{"id":625,"href":"http:\/\/www.parafiakuligow.pl\/index.php\/wp-json\/wp\/v2\/posts\/624\/revisions\/625"}],"wp:attachment":[{"href":"http:\/\/www.parafiakuligow.pl\/index.php\/wp-json\/wp\/v2\/media?parent=624"}],"wp:term":[{"taxonomy":"category","embeddable":true,"href":"http:\/\/www.parafiakuligow.pl\/index.php\/wp-json\/wp\/v2\/categories?post=624"},{"taxonomy":"post_tag","embeddable":true,"href":"http:\/\/www.parafiakuligow.pl\/index.php\/wp-json\/wp\/v2\/tags?post=624"}],"curies":[{"name":"wp","href":"https:\/\/api.w.org\/{rel}","templated":true}]}}