{"id":620,"date":"2017-02-22T07:56:30","date_gmt":"2017-02-22T06:56:30","guid":{"rendered":"http:\/\/www.parafiakuligow.pl\/?p=620"},"modified":"2017-02-22T07:56:30","modified_gmt":"2017-02-22T06:56:30","slug":"26-luty-2017-viii-niedziela-zwykla","status":"publish","type":"post","link":"http:\/\/www.parafiakuligow.pl\/index.php\/2017\/02\/22\/26-luty-2017-viii-niedziela-zwykla\/","title":{"rendered":"26 luty 2017, VIII niedziela zwyk\u0142a"},"content":{"rendered":"<p>1. Dzi\u015b po Mszy \u015bw. o godz. 11.00 spotkanie rodzic\u00f3w i dzieci przygotowuj\u0105cych si\u0119 do I komunii \u015bw.<\/p>\n<p>2. Dzisiaj tak\u017ce rozpoczyna si\u0119 50 Tydzie\u0144 Modlitw o Trze\u017awo\u015b\u0107 Narodu. W\u0142\u0105czmy si\u0119 w jego prze\u017cywanie poprzez modlitw\u0119, czuwanie nad w\u0142asn\u0105 trze\u017awo\u015bci\u0105 i dawanie innym dobrego \u015bwiadectwa.<\/p>\n<p>3. Najbli\u017csza \u015broda to ju\u017c \u015aroda Popielcowa. Msze \u015bw. w naszym ko\u015bciele o godz.10.00 i 18.00. Rozpoczynamy liturgiczny okres Wielkiego Postu, kt\u00f3ry ma nas przygotowa\u0107 do dobrego prze\u017cycia \u015awiat Wielkanocnych. Zapraszamy do udzia\u0142u w nabo\u017ce\u0144stwach ku czci M\u0119ki Pa\u0144skiej. Droga Krzy\u017cowa w pi\u0105tki wielkiego postu o godz. 17.30, a Gorzkie \u017bale w niedziele po Mszy o 11.00. Rekolekcje Wielkopostne odb\u0119d\u0105 si\u0119 w naszej parafii 24, 25 i 26 marca. Przypomnijmy przepisy postne. Wstrzemi\u0119\u017aliwo\u015b\u0107 od pokarm\u00f3w mi\u0119snych obowi\u0105zuje wszystkich, kt\u00f3rzy uko\u0144czyli 14 rok \u017cycia we wszystkie pi\u0105tki roku i w \u015brod\u0119 popielcow\u0105. Post \u015bcis\u0142y, czyli ilo\u015bciowy obowi\u0105zuje w \u015arod\u0119 Popielcow\u0105 i w Wielki Pi\u0105tek osoby pomi\u0119dzy 18 a 60 rokiem \u017cycia. Przepisy postne dotycz\u0105 ludzi zdrowych, chorzy s\u0105 zwolnieni z ich przestrzegania.<\/p>\n<p>4. 1 marca przypada te\u017c Narodowy Dzie\u0144 Pami\u0119ci \u017bo\u0142nierzy Wykl\u0119tych. Uczmy si\u0119 od naszych bohater\u00f3w patriotyzmu i pami\u0119tajmy o nich w modlitwie.<\/p>\n<p>5. W najbli\u017cszy pi\u0105tek przypada I pi\u0105tek miesi\u0105ca. Spowied\u017a od godz. 17.00. O 17.30 Droga Krzy\u017cowa i o godz. 18.00 Msza \u015bw. o Naj\u015bwi\u0119tszym Sercu Pana Jezusa.<\/p>\n<p>6. W sobot\u0119 4 marca \u015bwi\u0119to \u015bw. Kazimierza Kr\u00f3lewicza. Wszystkim solenizantkom i solenizantom sk\u0142adamy serdeczne \u017cyczenia Bo\u017cego b\u0142ogos\u0142awie\u0144stwa i opieki \u015bw. patrona.<\/p>\n<p>7. Wszystkim parafianom i go\u015bciom \u017cyczymy du\u017co zdrowia, udanej niedzieli oraz dobrego, b\u0142ogos\u0142awionego tygodnia.<\/p>\n<p>&nbsp;<\/p>\n<p><b>Intencje mszalne 26 luty \u2013 5 marzec 2017<\/b><\/p>\n<p><i>Ndz 26. II 2017 8 Niedziela zwyk\u0142a<\/i><\/p>\n<p>g. 9.00 + Romana w dniu imienin i Janiny Kostrzew\u00f3w<\/p>\n<p>g. 11.00 + Tadeusza Mianowskiego w 2 r. \u015bm.<\/p>\n<p>&nbsp;<\/p>\n<p><i>Pn 27. II<\/i><\/p>\n<p>g. 18.00 + Urszuli Tabasz \u2013 gregoria\u0144ska 27<\/p>\n<p>&nbsp;<\/p>\n<p><i>Wt 28. II<\/i><\/p>\n<p>g. 7.00 + Urszuli Tabasz \u2013 gregoria\u0144ska 28<\/p>\n<p>&nbsp;<\/p>\n<p><i>\u015ar 1. III, \u015aroda popielcowa<\/i><\/p>\n<p>g. 10.00 + Janiny Piwowarskiej \/rodzonej mamy\/ i Janiny Piwowarskiej \/przybranej mamy\/ &#8211; gregoria\u0144ska 1<\/p>\n<p>g. 18.00 + Za wszystkich zmar\u0142ych poleconych w wypominkach<\/p>\n<p>&nbsp;<\/p>\n<p><i>Czw 2. III<\/i><\/p>\n<p>g. 7.00 + Janiny Piwowarskiej \/rodzonej mamy\/ i Janiny Piwowarskiej \/przybranej mamy\/ &#8211; gregoria\u0144ska 2<\/p>\n<p>&nbsp;<\/p>\n<p><i>Pt 3. III<\/i><\/p>\n<p>g. 18.00 + Janiny Piwowarskiej \/rodzonej mamy\/ i Janiny Piwowarskiej \/przybranej mamy\/ &#8211; gregoria\u0144ska 3<\/p>\n<p>&nbsp;<\/p>\n<p><i>Sob 4. III<\/i><\/p>\n<p>g. 18.00 + Janiny Piwowarskiej \/rodzonej mamy\/ i Janiny Piwowarskiej \/przybranej mamy\/ &#8211; gregoria\u0144ska 4<\/p>\n<p>&nbsp;<\/p>\n<p><i>Ndz 5. III 2017, I Niedziela Wielkiego Postu<\/i><\/p>\n<p>g. 9.00 + Janiny Piwowarskiej \/rodzonej mamy\/ i Janiny Piwowarskiej \/przybranej mamy\/ &#8211; gregoria\u0144ska 5<\/p>\n<p>g. 11.00 + Ludwiki i W\u0142adys\u0142awa Oleszkiewicz, Karoliny i Jana Wi\u0119ch<\/p>\n","protected":false},"excerpt":{"rendered":"<p>1. Dzi\u015b po Mszy \u015bw. o godz. 11.00 spotkanie rodzic\u00f3w i dzieci przygotowuj\u0105cych si\u0119 do I komunii \u015bw. 2. Dzisiaj tak\u017ce rozpoczyna si\u0119 50 Tydzie\u0144 Modlitw o Trze\u017awo\u015b\u0107 Narodu. W\u0142\u0105czmy si\u0119 w jego prze\u017cywanie poprzez modlitw\u0119, czuwanie nad w\u0142asn\u0105 trze\u017awo\u015bci\u0105 i dawanie innym dobrego \u015bwiadectwa. 3. Najbli\u017csza \u015broda to ju\u017c [&hellip;]<\/p>\n","protected":false},"author":1,"featured_media":0,"comment_status":"closed","ping_status":"closed","sticky":false,"template":"","format":"standard","meta":[],"categories":[2],"tags":[],"_links":{"self":[{"href":"http:\/\/www.parafiakuligow.pl\/index.php\/wp-json\/wp\/v2\/posts\/620"}],"collection":[{"href":"http:\/\/www.parafiakuligow.pl\/index.php\/wp-json\/wp\/v2\/posts"}],"about":[{"href":"http:\/\/www.parafiakuligow.pl\/index.php\/wp-json\/wp\/v2\/types\/post"}],"author":[{"embeddable":true,"href":"http:\/\/www.parafiakuligow.pl\/index.php\/wp-json\/wp\/v2\/users\/1"}],"replies":[{"embeddable":true,"href":"http:\/\/www.parafiakuligow.pl\/index.php\/wp-json\/wp\/v2\/comments?post=620"}],"version-history":[{"count":2,"href":"http:\/\/www.parafiakuligow.pl\/index.php\/wp-json\/wp\/v2\/posts\/620\/revisions"}],"predecessor-version":[{"id":622,"href":"http:\/\/www.parafiakuligow.pl\/index.php\/wp-json\/wp\/v2\/posts\/620\/revisions\/622"}],"wp:attachment":[{"href":"http:\/\/www.parafiakuligow.pl\/index.php\/wp-json\/wp\/v2\/media?parent=620"}],"wp:term":[{"taxonomy":"category","embeddable":true,"href":"http:\/\/www.parafiakuligow.pl\/index.php\/wp-json\/wp\/v2\/categories?post=620"},{"taxonomy":"post_tag","embeddable":true,"href":"http:\/\/www.parafiakuligow.pl\/index.php\/wp-json\/wp\/v2\/tags?post=620"}],"curies":[{"name":"wp","href":"https:\/\/api.w.org\/{rel}","templated":true}]}}