{"id":613,"date":"2017-02-11T18:52:45","date_gmt":"2017-02-11T17:52:45","guid":{"rendered":"http:\/\/www.parafiakuligow.pl\/?p=613"},"modified":"2017-02-11T18:52:45","modified_gmt":"2017-02-11T17:52:45","slug":"12-luty-2017-vi-niedziela-zwykla","status":"publish","type":"post","link":"http:\/\/www.parafiakuligow.pl\/index.php\/2017\/02\/11\/12-luty-2017-vi-niedziela-zwykla\/","title":{"rendered":"12 luty 2017, VI niedziela zwyk\u0142a"},"content":{"rendered":"<ol>\n<li>Dzi\u015b po Mszy \u015bw. o godz. 11.00 spotkanie kandydat\u00f3w do sakramentu bierzmowania.<\/li>\n<\/ol>\n<ol start=\"2\">\n<li>Dzisiaj tak\u017ce w zwi\u0105zku z obchodami \u015awiatowego Dnia Chorego po Mszach \u015bw. zbi\u00f3rka do puszek na leczenie i rehabilitacj\u0119 chorych dzieci.<\/li>\n<\/ol>\n<ol start=\"3\">\n<li>We wtorek 14 lutego \u015bwi\u0119to \u015bw. Cyryla i Metodego, patron\u00f3w Europy.<\/li>\n<\/ol>\n<ol start=\"4\">\n<li>W \u015brod\u0119 15 lutego pierwsza Nowenna do Matki Bo\u017cej Nieustaj\u0105cej Pomocy. T\u0119 pi\u0119kn\u0105 modlitw\u0119 maryjn\u0105 b\u0119dziemy wsp\u00f3lnie odmawia\u0107 w ka\u017cd\u0105 \u015brod\u0119 bezpo\u015brednio przed wieczorn\u0105 Msz\u0105 \u015bw. o godz. 18.00. Serdecznie zapraszamy.<\/li>\n<\/ol>\n<ol start=\"5\">\n<li>Msza \u015bw. o b\u0142ogos\u0142awie\u0144stwo Bo\u017ce i potrzebne \u0142aski dla R\u00f3\u017cy R\u00f3\u017ca\u0144cowej rodzic\u00f3w zostanie odprawiona w Uroczysto\u015b\u0107 Zwiastowania Pa\u0144skiego, w sobot\u0119 25 marca o godz. 18.00.<\/li>\n<\/ol>\n<ol start=\"6\">\n<li>Na czas rozpoczynaj\u0105cych si\u0119 szkolnych ferii wszystkim uczniom i nauczycielom \u017cyczymy dobrego odpoczynku, a wyje\u017cd\u017caj\u0105cym bezpiecznych podr\u00f3\u017cy i szcz\u0119\u015bliwych powrot\u00f3w.<\/li>\n<\/ol>\n<ol start=\"7\">\n<li>Osoby zakochane w przede dniu walentynek otaczamy modlitw\u0105, aby ich mi\u0142o\u015b\u0107 rozwija\u0142a si\u0119 i pog\u0142\u0119bia\u0142a, a tak\u017ce by od bliskich do\u015bwiadczali \u017cyczliwo\u015bci i wzajemno\u015bci.<\/li>\n<\/ol>\n<ol start=\"8\">\n<li>Wszystkim parafianom i go\u015bciom \u017cyczymy du\u017co zdrowia, udanej niedzieli oraz dobrego, b\u0142ogos\u0142awionego tygodnia.<\/li>\n<\/ol>\n<p><strong>Intencje mszalne \u00a012 \u2013 19 luty\u00a0 2017<\/strong><\/p>\n<p><span style=\"color: #ff0000;\">Ndz 12. II 2017, 6\u00a0 Niedziela zwyk\u0142a<br \/>\n<\/span>g. 9.00\u00a0\u00a0\u00a0 + Haliny w 12 r. \u015bm., Anny i Aleksandra Augustyniak oraz Zofii i Jakuba Kulesza<br \/>\ng. 11.00 rez. p. M. Karasiewicz<\/p>\n<p><span style=\"color: #ff0000;\">Pn 13. II<\/span><br \/>\ng. 18.00 + Urszuli Tabasz \u2013 gregoria\u0144ska 13<\/p>\n<p><span style=\"color: #ff0000;\">Wt 14. II<\/span><br \/>\ng. \u00a07.00 \u00a0+ Urszuli Tabasz \u2013 gregoria\u0144ska 14<\/p>\n<p><span style=\"color: #ff0000;\">\u015ar 15. II<\/span><br \/>\ng. 18.00\u00a0 + Urszuli Tabasz \u2013 gregoria\u0144ska 15<\/p>\n<p><span style=\"color: #ff0000;\">Czw 16. II<\/span><br \/>\ng. \u00a07.00 \u00a0+ Urszuli Tabasz \u2013 gregoria\u0144ska 16<\/p>\n<p><span style=\"color: #ff0000;\">Pt 17. II<\/span><br \/>\ng. \u00a018.00\u00a0 + Urszuli Tabasz \u2013 gregoria\u0144ska 17<\/p>\n<p><span style=\"color: #ff0000;\">Sob 18. II<\/span><br \/>\ng. 18.00 \u00a0+ Urszuli Tabasz \u2013 gregoria\u0144ska 18<\/p>\n<p><span style=\"color: #ff0000;\">Ndz 19. II\u00a0 2017, 7 Niedziela zwyk\u0142a<\/span><br \/>\ng. 9.00\u00a0 \u00a0\u00a0+ Julianny i Kazimierza D\u0105browskich, Teresy i Stefana Dygnus<br \/>\ng. 11.00\u00a0 \u00a0+ Julii Cichockiej oraz Jana Hermanowskiego<\/p>\n","protected":false},"excerpt":{"rendered":"<p>Dzi\u015b po Mszy \u015bw. o godz. 11.00 spotkanie kandydat\u00f3w do sakramentu bierzmowania. Dzisiaj tak\u017ce w zwi\u0105zku z obchodami \u015awiatowego Dnia Chorego po Mszach \u015bw. zbi\u00f3rka do puszek na leczenie i rehabilitacj\u0119 chorych dzieci. We wtorek 14 lutego \u015bwi\u0119to \u015bw. Cyryla i Metodego, patron\u00f3w Europy. W \u015brod\u0119 15 lutego pierwsza Nowenna [&hellip;]<\/p>\n","protected":false},"author":1,"featured_media":0,"comment_status":"closed","ping_status":"closed","sticky":false,"template":"","format":"standard","meta":[],"categories":[2],"tags":[],"_links":{"self":[{"href":"http:\/\/www.parafiakuligow.pl\/index.php\/wp-json\/wp\/v2\/posts\/613"}],"collection":[{"href":"http:\/\/www.parafiakuligow.pl\/index.php\/wp-json\/wp\/v2\/posts"}],"about":[{"href":"http:\/\/www.parafiakuligow.pl\/index.php\/wp-json\/wp\/v2\/types\/post"}],"author":[{"embeddable":true,"href":"http:\/\/www.parafiakuligow.pl\/index.php\/wp-json\/wp\/v2\/users\/1"}],"replies":[{"embeddable":true,"href":"http:\/\/www.parafiakuligow.pl\/index.php\/wp-json\/wp\/v2\/comments?post=613"}],"version-history":[{"count":2,"href":"http:\/\/www.parafiakuligow.pl\/index.php\/wp-json\/wp\/v2\/posts\/613\/revisions"}],"predecessor-version":[{"id":615,"href":"http:\/\/www.parafiakuligow.pl\/index.php\/wp-json\/wp\/v2\/posts\/613\/revisions\/615"}],"wp:attachment":[{"href":"http:\/\/www.parafiakuligow.pl\/index.php\/wp-json\/wp\/v2\/media?parent=613"}],"wp:term":[{"taxonomy":"category","embeddable":true,"href":"http:\/\/www.parafiakuligow.pl\/index.php\/wp-json\/wp\/v2\/categories?post=613"},{"taxonomy":"post_tag","embeddable":true,"href":"http:\/\/www.parafiakuligow.pl\/index.php\/wp-json\/wp\/v2\/tags?post=613"}],"curies":[{"name":"wp","href":"https:\/\/api.w.org\/{rel}","templated":true}]}}