{"id":608,"date":"2017-02-04T14:30:03","date_gmt":"2017-02-04T13:30:03","guid":{"rendered":"http:\/\/www.parafiakuligow.pl\/?p=608"},"modified":"2017-02-04T14:30:03","modified_gmt":"2017-02-04T13:30:03","slug":"oredzie-papieza-franciszka-na-xxv-swiatowy-dzien-chorego-2017-roku","status":"publish","type":"post","link":"http:\/\/www.parafiakuligow.pl\/index.php\/2017\/02\/04\/oredzie-papieza-franciszka-na-xxv-swiatowy-dzien-chorego-2017-roku\/","title":{"rendered":"Or\u0119dzie Papie\u017ca Franciszka na XXV \u015awiatowy Dzie\u0144 Chorego 2017 roku"},"content":{"rendered":"<p><strong>\u015awiatowy Dzie\u0144 Chorego w Diecezji Warszawsko-Praskiej<\/strong><\/p>\n<p><a href=\"http:\/\/www.parafiakuligow.pl\/wp-content\/uploads\/2017\/02\/Zrzut-ekranu-2017-02-04-o-14.10.35.png\"><img loading=\"lazy\" class=\"wp-image-603 size-full aligncenter\" src=\"http:\/\/www.parafiakuligow.pl\/wp-content\/uploads\/2017\/02\/Zrzut-ekranu-2017-02-04-o-14.10.35.png\" width=\"1272\" height=\"338\" srcset=\"http:\/\/www.parafiakuligow.pl\/wp-content\/uploads\/2017\/02\/Zrzut-ekranu-2017-02-04-o-14.10.35.png 1272w, http:\/\/www.parafiakuligow.pl\/wp-content\/uploads\/2017\/02\/Zrzut-ekranu-2017-02-04-o-14.10.35-300x80.png 300w, http:\/\/www.parafiakuligow.pl\/wp-content\/uploads\/2017\/02\/Zrzut-ekranu-2017-02-04-o-14.10.35-768x204.png 768w, http:\/\/www.parafiakuligow.pl\/wp-content\/uploads\/2017\/02\/Zrzut-ekranu-2017-02-04-o-14.10.35-1024x272.png 1024w\" sizes=\"(max-width: 1272px) 100vw, 1272px\" \/><\/a><\/p>\n<p style=\"text-align: center;\">\u201e<strong><em>Zdumienie tym, czego dokonuje B\u00f3g:<br \/>\n\u00abwielkie rzeczy uczyni\u0142 mi Wszechmocny\u00bb (\u0141k 1,49)\u201d.<\/em><\/strong><\/p>\n<p><strong>Drodzy Bracia i\u00a0Siostry!<\/strong><\/p>\n<p>11 lutego przysz\u0142ego roku b\u0119dzie obchodzony w\u00a0ca\u0142ym Ko\u015bciele, a\u00a0zw\u0142aszcza w\u00a0Lourdes, XXV \u015awiatowy Dzie\u0144 Chorego, na temat:\u00a0<em>\u201eZdumienie tym, czego dokonuje B\u00f3g: \u00abwielkie rzeczy uczyni\u0142 mi Wszechmocny\u00bb (\u0141k 1,49)\u201d.\u00a0<\/em>Ustanowiony przez mojego poprzednika \u015bw. Jana Paw\u0142a II w\u00a01992 roku i\u00a0obchodzony po raz pierwszy w\u0142a\u015bnie w\u00a0Lourdes 11 lutego 1993 roku, dzie\u0144 ten jest okazj\u0105 do zwr\u00f3cenia szczeg\u00f3lnej uwagi na sytuacj\u0119 chorych, a\u00a0og\u00f3lniej rzecz bior\u0105c cierpi\u0105cych. Jednocze\u015bnie zach\u0119ca tych, kt\u00f3rzy po\u015bwi\u0119caj\u0105 si\u0119 na ich rzecz, pocz\u0105wszy od ich rodzin, pracownik\u00f3w s\u0142u\u017cby zdrowia i\u00a0wolontariuszy, do dzi\u0119kowania za otrzymane od Pana powo\u0142anie towarzyszenia chorym braciom. Ponadto obchody te odnawiaj\u0105 w\u00a0Ko\u015bciele dynamik\u0119 duchow\u0105, aby coraz lepiej wype\u0142nia\u0107 t\u0119 zasadnicz\u0105 cz\u0119\u015b\u0107 jego misji, kt\u00f3ra obejmuje pos\u0142ug\u0119 ostatnim, chorym, cierpi\u0105cym, wykluczonym i\u00a0usuwanym na margines (por. Jan Pawe\u0142 II, Motu proprio,\u00a0<em>Dolentium hominum<\/em>, 11 luty 1985, 1). Z\u00a0pewno\u015bci\u0105 czas modlitwy, liturgii eucharystycznej i\u00a0namaszczenia chorych, dzielenie si\u0119 z\u00a0chorymi a\u00a0tak\u017ce pog\u0142\u0119bienie wiedzy bioetycznej i\u00a0teologiczno-pastoralnej, kt\u00f3re b\u0119d\u0105 mia\u0142y miejsce w\u00a0tych dniach w\u00a0Lourdes wnios\u0105 nowy wa\u017cny wk\u0142ad w\u00a0t\u0119 pos\u0142ug\u0119.<\/p>\n<p>Ju\u017c teraz, staj\u0105c duchowo w\u00a0Grocie Massabielskiej przed wizerunkiem Niepokalanej Dziewicy, w\u00a0kt\u00f3rej\u00a0<em>Wszechmocny dokona\u0142 wielkich rzeczy<\/em>\u00a0dla odkupienia ludzko\u015bci, pragn\u0119 wyrazi\u0107 moj\u0105 blisko\u015b\u0107 wzgl\u0119dem was wszystkich, bracia i\u00a0siostry, kt\u00f3rzy prze\u017cywacie do\u015bwiadczenie cierpienia oraz wobec waszych rodzin. Pragn\u0119 te\u017c wyrazi\u0107 moje uznanie dla tych wszystkich, kt\u00f3rzy w\u00a0r\u00f3\u017cnych funkcjach i\u00a0we wszystkich plac\u00f3wkach s\u0142u\u017cby zdrowia na ca\u0142ym \u015bwiecie kompetentnie, odpowiedzialnie i\u00a0z\u00a0po\u015bwi\u0119ceniem dzia\u0142aj\u0105, by wam ul\u017cy\u0107, uleczy\u0107 was i\u00a0zapewni\u0107 wam codzienne dobre samopoczucie. Chcia\u0142bym was wszystkich chorych, cierpi\u0105cych, lekarzy, piel\u0119gniarki, cz\u0142onk\u00f3w rodzin, wolontariuszy zach\u0119ci\u0107 do kontemplowania w\u00a0Maryi,\u00a0<em>Uzdrowieniu Chorych<\/em>, tej, kt\u00f3ra zapewnia czu\u0142o\u015b\u0107 Boga wobec ka\u017cdego cz\u0142owieka i\u00a0wz\u00f3r powierzenia si\u0119 Jego woli, a\u00a0tak\u017ce do znajdowania zawsze w\u00a0wierze karmi\u0105cej si\u0119 S\u0142owem Bo\u017cym i\u00a0sakramentami mocy, by mi\u0142owa\u0107 Boga i\u00a0braci, r\u00f3wnie\u017c w\u00a0do\u015bwiadczeniu choroby.<\/p>\n<p>Podobnie jak na \u015bwi\u0119t\u0105 Bernadet\u0119, spogl\u0105da na nas Maryja. Pokorna dziewczyna z\u00a0Lourdes opowiada\u0142a, \u017ce Dziewica, kt\u00f3r\u0105 nazwa\u0142a \u201ePi\u0119kn\u0105 Pani\u0105\u201d, spojrza\u0142a na ni\u0105, tak jak si\u0119 patrzy na osob\u0119. Te proste s\u0142owa opisuj\u0105 pe\u0142ni\u0119 relacji. Bernadeta uboga, niepi\u015bmienna i\u00a0chora czuje, \u017ce Maryja spogl\u0105da na ni\u0105 jako na osob\u0119. Pi\u0119kna Pani m\u00f3wi do niej z\u00a0wielkim szacunkiem, bez politowania. Przypomina to nam, \u017ce ka\u017cdy chory jest i\u00a0pozostaje istot\u0105 ludzk\u0105 i\u00a0musi by\u0107 traktowany jako taka. Ludzie chorzy, podobnie jak osoby niepe\u0142nosprawne, nawet bardzo powa\u017cnie, posiadaj\u0105 swoj\u0105 niezbywaln\u0105 godno\u015b\u0107 i\u00a0swoj\u0105 misj\u0119 w\u00a0\u017cyciu i\u00a0nigdy nie mog\u0105 stawa\u0107 si\u0119 jedynie przedmiotami, nawet je\u015bli czasami mog\u0105 si\u0119 wydawa\u0107 jedynie biernymi, cho\u0107 w\u00a0rzeczywisto\u015bci nigdy tak nie jest.<\/p>\n<p>Bernadeta po pobycie w\u00a0grocie, dzi\u0119ki modlitwie przekszta\u0142ci\u0142a swoj\u0105 krucho\u015b\u0107 we wsparcie dla innych, dzi\u0119ki mi\u0142o\u015bci sta\u0142a si\u0119 zdolna do ubogacenia swego bli\u017aniego, a\u00a0przede wszystkim po\u015bwi\u0119ci\u0142a swoje \u017cycie dla zbawienia ludzko\u015bci. Fakt, \u017ce Pi\u0119kna Pani poprosi\u0142a j\u0105, aby modli\u0142a si\u0119 za grzesznik\u00f3w przypomina nam, \u017ce chorzy, cierpi\u0105cy nosz\u0105 w\u00a0sobie nie tylko pragnienie uleczenia, ale tak\u017ce prze\u017cywania po chrze\u015bcija\u0144sku swego \u017cycia, dochodz\u0105c do oddawania go jako autentyczni uczniowie-misjonarze Chrystusa. Maryja da\u0142a Bernadecie powo\u0142anie s\u0142u\u017cenia chorym i\u00a0wezwa\u0142a j\u0105 do tego, by sta\u0142a si\u0119 siostr\u0105 mi\u0142osierdzia, do misji kt\u00f3r\u0105 wyra\u017ca Ona w\u00a0stopniu tak wznios\u0142ym, by sta\u0107 si\u0119 wzorem, do kt\u00f3rego mo\u017ce si\u0119 odnie\u015b\u0107 ka\u017cdy pracownik s\u0142u\u017cby zdrowia. Pro\u015bmy zatem Niepokalane Pocz\u0119cie o\u00a0\u0142ask\u0119, by\u015bmy umieli zawsze odnosi\u0107 si\u0119 do chorego jak do osoby, kt\u00f3ra z\u00a0pewno\u015bci\u0105 potrzebuje pomocy, czasami nawet w\u00a0rzeczach najbardziej elementarnych, ale kt\u00f3ra nosi w\u00a0sobie sw\u00f3j dar, kt\u00f3rym powinna dzieli\u0107 si\u0119 z\u00a0innymi.<\/p>\n<p>Spojrzenie Maryi,\u00a0<em>Pocieszycielki strapionych<\/em>, roz\u015bwietla oblicze Ko\u015bcio\u0142a w\u00a0jego codziennym zaanga\u017cowaniu na rzecz potrzebuj\u0105cych i\u00a0cierpi\u0105cych. Cenne owoce tej troski Ko\u015bcio\u0142a dla \u015bwiata cierpienia i\u00a0choroby s\u0105 powodem do dzi\u0119kczynienia Panu Jezusowi, kt\u00f3ry sta\u0142 si\u0119 solidarny z\u00a0nami, b\u0119d\u0105c pos\u0142usznym woli Ojca, a\u017c do \u015bmierci na krzy\u017cu, aby ludzko\u015b\u0107 zosta\u0142a odkupiona. Solidarno\u015b\u0107 Chrystusa, Syna Bo\u017cego narodzonego z\u00a0Maryi, jest wyrazem mi\u0142osiernej wszechmocy Boga, kt\u00f3ra przejawia si\u0119 w\u00a0naszym \u017cyciu \u2013 szczeg\u00f3lnie gdy jest ono kruche, zranione, upokorzone, usuni\u0119te na margines, naznaczone cierpieniem \u2013 zaszczepiaj\u0105c w\u00a0nim moc nadziei, kt\u00f3ra nas podnosi i\u00a0wspiera.<\/p>\n<p>Tak wiele bogactwa humanizmu i\u00a0wiary nie mo\u017ce zosta\u0107 zmarnowane, lecz powinno nam raczej pom\u00f3c w\u00a0zmierzeniu si\u0119 z\u00a0naszymi ludzkimi s\u0142abo\u015bciami, a\u00a0jednocze\u015bnie z\u00a0wyzwaniami istniej\u0105cymi w\u00a0dziedzinie opieki zdrowotnej i\u00a0technologii. Z\u00a0okazji \u015awiatowego Dnia Chorego mo\u017cemy odnale\u017a\u0107 nowy impuls, aby przyczyni\u0107 si\u0119 do upowszechnienia kultury szacunku dla \u017cycia, zdrowia i\u00a0\u015brodowiska; nowy impuls do walki o\u00a0poszanowanie integralno\u015bci i\u00a0godno\u015bci osoby, w\u00a0tym poprzez w\u0142a\u015bciwe podej\u015bcie do kwestii bioetycznych, ochrony najs\u0142abszych i\u00a0troski o\u00a0\u015brodowisko naturalne.<\/p>\n<p>Z okazji XXV \u015awiatowy Dzie\u0144 Chorego ponawiam moj\u0105 modlitewn\u0105 solidarno\u015b\u0107 i\u00a0poparcie dla lekarzy, piel\u0119gniarek, wolontariuszy i\u00a0wszystkich m\u0119\u017cczyzn i\u00a0kobiet konsekrowanych zaanga\u017cowanych w\u00a0pos\u0142ug\u0119 chorym i\u00a0cierpi\u0105cym; dla instytucji ko\u015bcielnych i\u00a0\u015bwieckich, kt\u00f3re dzia\u0142aj\u0105 w\u00a0tym obszarze; a\u00a0tak\u017ce dla rodzin, kt\u00f3re z\u00a0mi\u0142o\u015bci\u0105 opiekuj\u0105 si\u0119 swoimi chorymi krewnymi. Wszystkim \u017cycz\u0119, aby byli zawsze radosnymi znakami obecno\u015bci i\u00a0mi\u0142o\u015bci Boga, na\u015bladuj\u0105c wspania\u0142e \u015bwiadectwo tak wielu przyjaci\u00f3\u0142 i\u00a0przyjaci\u00f3\u0142ek Boga, w\u015br\u00f3d kt\u00f3rych wspomn\u0119 \u015bw. Jana Bo\u017cego i\u00a0\u015bw. Kamila de Lellis, patron\u00f3w szpitali i\u00a0pracownik\u00f3w s\u0142u\u017cby zdrowia, a\u00a0tak\u017ce \u015bwi\u0119t\u0105 Matk\u0119 Teres\u0119 z\u00a0Kalkuty, misjonark\u0119 czu\u0142o\u015bci Boga.<\/p>\n<p>Bracia i\u00a0siostry, wszyscy chorzy, pracownicy s\u0142u\u017cby zdrowia i\u00a0wolontariusze, razem wznie\u015bmy nasz\u0105 modlitw\u0119 do Maryi, aby Jej macierzy\u0144skie wstawiennictwo wspiera\u0142o i\u00a0towarzyszy\u0142o naszej wierze i\u00a0wyjedna\u0142o nam u\u00a0Chrystusa, Jej Syna, nadziej\u0119 na drodze uzdrowienia i\u00a0zdrowia, poczucie braterstwa i\u00a0odpowiedzialno\u015bci, zaanga\u017cowania na rzecz integralnego rozwoju cz\u0142owieka oraz rado\u015b\u0107 wdzi\u0119czno\u015bci, za ka\u017cdym razem, kiedy zaskakuje nas Swoj\u0105 wierno\u015bci\u0105 i\u00a0mi\u0142osierdziem.<\/p>\n<p>Maryjo, nasza Matko,\u00a0kt\u00f3ra w\u00a0Chrystusie<br \/>\nprzygarniasz ka\u017cdego z\u00a0nas jako dziecko,<br \/>\npodtrzymuj ufne oczekiwanie naszych serc,<br \/>\nspiesz nam z\u00a0pomoc\u0105 w\u00a0naszych chorobach i\u00a0cierpieniach,<br \/>\nProwad\u017a nas do Chrystusa, Twojego Syna a\u00a0naszego Brata,<br \/>\ni pom\u00f3\u017c nam powierzy\u0107 si\u0119 Ojcu, kt\u00f3ry dokonuje wielkich rzeczy.<\/p>\n<p>Zapewniam was wszystkich o\u00a0mojej sta\u0142ej pami\u0119ci w\u00a0modlitwie i\u00a0z\u00a0serca udzielam wam Apostolskiego B\u0142ogos\u0142awie\u0144stwa.<\/p>\n<p><em>Watykan, 8 grudnia 2016, w\u00a0\u015bwi\u0119to Niepokalanego Pocz\u0119cia Naj\u015bwi\u0119tszej Maryi Panny<\/em><\/p>\n<p style=\"text-align: center;\"><strong>Franciszek<br \/>\n<\/strong>\u017ar\u00f3d\u0142o:\u00a0<a href=\"http:\/\/w2.vatican.va\/content\/francesco\/pl\/messages\/sick\/documents\/papa-francesco_20161208_giornata-malato.html\">w2.vatican.va<\/a><\/p>\n<p style=\"text-align: center;\"><a href=\"http:\/\/www.parafiakuligow.pl\/wp-content\/uploads\/2017\/02\/Zrzut-ekranu-2017-02-04-o-14.07.42.png\"><img loading=\"lazy\" class=\"aligncenter wp-image-600 size-full\" src=\"http:\/\/www.parafiakuligow.pl\/wp-content\/uploads\/2017\/02\/Zrzut-ekranu-2017-02-04-o-14.07.42.png\" width=\"1450\" height=\"1042\" srcset=\"http:\/\/www.parafiakuligow.pl\/wp-content\/uploads\/2017\/02\/Zrzut-ekranu-2017-02-04-o-14.07.42.png 1450w, http:\/\/www.parafiakuligow.pl\/wp-content\/uploads\/2017\/02\/Zrzut-ekranu-2017-02-04-o-14.07.42-300x216.png 300w, http:\/\/www.parafiakuligow.pl\/wp-content\/uploads\/2017\/02\/Zrzut-ekranu-2017-02-04-o-14.07.42-768x552.png 768w, http:\/\/www.parafiakuligow.pl\/wp-content\/uploads\/2017\/02\/Zrzut-ekranu-2017-02-04-o-14.07.42-1024x736.png 1024w\" sizes=\"(max-width: 1450px) 100vw, 1450px\" \/><\/a><\/p>\n<p style=\"text-align: center;\">\n<p style=\"text-align: center;\"><strong>XXV \u015awiatowy Dzie\u0144 Chorego \u2013 Warszawa-Praga<\/strong><\/p>\n<p>Diecezjalne Duszpasterstwo S\u0142u\u017cby Zdrowia informuje o\u00a0przebiegu \u015awiatowego Dnia Chorego w\u00a0Warszawie i\u00a0plac\u00f3wkach medycznych Diecezji Warszawsko-Praskiej.<\/p>\n<ul>\n<li><strong>5 lutego (niedziela):<\/strong><\/li>\n<\/ul>\n<p>Mazowiecki Szpital Br\u00f3dnowski (ul. Kondratowicza 8): Eucharystia z\u00a0Sakramentem Namaszczenia Chorych; przewodniczy Bp Stefan Regmunt<\/p>\n<ul>\n<li><strong>8 lutego (\u015broda):<\/strong><\/li>\n<\/ul>\n<p>Szpital Dzieci\u0119cy im. prof. dr. med. Jana Bogdanowicza (ul. Niek\u0142a\u0144ska 4\/24); program artystyczny, obch\u00f3d na oddzia\u0142ach<\/p>\n<p>Centrum Zdrowia Dziecka (aleja Dzieci Polskich 20): Eucharystia i\u00a0program artystyczny<\/p>\n<ul>\n<li><strong>9 lutego (czwartek):<\/strong><\/li>\n<\/ul>\n<p>Szpital Grochowski im. dr. med. Rafa\u0142a Masztaka (Grenadier\u00f3w 51\/59): spotkanie z\u00a0Zarz\u0105dem plac\u00f3wki, pacjentami i\u00a0personelem; celebracja Sakramentu Namaszczenia Chorych; obch\u00f3d na oddzia\u0142ach<\/p>\n<ul>\n<li><strong>10 lutego (pi\u0105tek):<\/strong><\/li>\n<\/ul>\n<p>DPS Si\u00f3str Albertynek (ul. Kaw\u0119czy\u0144ska 4a): Eucharystia i\u00a0spotkanie z\u00a0pensjonariuszkami<\/p>\n<ul>\n<li><strong>11 lutego (sobota):<\/strong><\/li>\n<\/ul>\n<p><strong>Sanktuarium MB z\u00a0Lourdes (ul. Wile\u0144ska 69): centralna Msza \u015awi\u0119ta w\u00a0intencji chorych pod przewodnictwem Bp. Marka Solarczyka<\/strong><\/p>\n<ul>\n<li><strong>13 lutego (poniedzia\u0142ek):<\/strong><\/li>\n<\/ul>\n<p>ZOL dla Przewlekle Chorych w\u00a0Otwocku \u2013 Siostry Orionistki (ul. Zamenhofa 22): Eucharystia z\u00a0Sakramentem Namaszczenia Chorych<\/p>\n<p><a href=\"http:\/\/www.parafiakuligow.pl\/wp-content\/uploads\/2017\/02\/Zrzut-ekranu-2017-02-04-o-14.08.20.png\"><img loading=\"lazy\" class=\"aligncenter size-full wp-image-602\" src=\"http:\/\/www.parafiakuligow.pl\/wp-content\/uploads\/2017\/02\/Zrzut-ekranu-2017-02-04-o-14.08.20.png\" alt=\"\" width=\"1440\" height=\"940\" srcset=\"http:\/\/www.parafiakuligow.pl\/wp-content\/uploads\/2017\/02\/Zrzut-ekranu-2017-02-04-o-14.08.20.png 1440w, http:\/\/www.parafiakuligow.pl\/wp-content\/uploads\/2017\/02\/Zrzut-ekranu-2017-02-04-o-14.08.20-300x196.png 300w, http:\/\/www.parafiakuligow.pl\/wp-content\/uploads\/2017\/02\/Zrzut-ekranu-2017-02-04-o-14.08.20-768x501.png 768w, http:\/\/www.parafiakuligow.pl\/wp-content\/uploads\/2017\/02\/Zrzut-ekranu-2017-02-04-o-14.08.20-1024x668.png 1024w\" sizes=\"(max-width: 1440px) 100vw, 1440px\" \/><\/a><\/p>\n","protected":false},"excerpt":{"rendered":"<p>\u015awiatowy Dzie\u0144 Chorego w Diecezji Warszawsko-Praskiej \u201eZdumienie tym, czego dokonuje B\u00f3g: \u00abwielkie rzeczy uczyni\u0142 mi Wszechmocny\u00bb (\u0141k 1,49)\u201d. Drodzy Bracia i\u00a0Siostry! 11 lutego przysz\u0142ego roku b\u0119dzie obchodzony w\u00a0ca\u0142ym Ko\u015bciele, a\u00a0zw\u0142aszcza w\u00a0Lourdes, XXV \u015awiatowy Dzie\u0144 Chorego, na temat:\u00a0\u201eZdumienie tym, czego dokonuje B\u00f3g: \u00abwielkie rzeczy uczyni\u0142 mi Wszechmocny\u00bb (\u0141k 1,49)\u201d.\u00a0Ustanowiony przez mojego [&hellip;]<\/p>\n","protected":false},"author":1,"featured_media":0,"comment_status":"closed","ping_status":"open","sticky":false,"template":"","format":"standard","meta":[],"categories":[2],"tags":[],"_links":{"self":[{"href":"http:\/\/www.parafiakuligow.pl\/index.php\/wp-json\/wp\/v2\/posts\/608"}],"collection":[{"href":"http:\/\/www.parafiakuligow.pl\/index.php\/wp-json\/wp\/v2\/posts"}],"about":[{"href":"http:\/\/www.parafiakuligow.pl\/index.php\/wp-json\/wp\/v2\/types\/post"}],"author":[{"embeddable":true,"href":"http:\/\/www.parafiakuligow.pl\/index.php\/wp-json\/wp\/v2\/users\/1"}],"replies":[{"embeddable":true,"href":"http:\/\/www.parafiakuligow.pl\/index.php\/wp-json\/wp\/v2\/comments?post=608"}],"version-history":[{"count":2,"href":"http:\/\/www.parafiakuligow.pl\/index.php\/wp-json\/wp\/v2\/posts\/608\/revisions"}],"predecessor-version":[{"id":610,"href":"http:\/\/www.parafiakuligow.pl\/index.php\/wp-json\/wp\/v2\/posts\/608\/revisions\/610"}],"wp:attachment":[{"href":"http:\/\/www.parafiakuligow.pl\/index.php\/wp-json\/wp\/v2\/media?parent=608"}],"wp:term":[{"taxonomy":"category","embeddable":true,"href":"http:\/\/www.parafiakuligow.pl\/index.php\/wp-json\/wp\/v2\/categories?post=608"},{"taxonomy":"post_tag","embeddable":true,"href":"http:\/\/www.parafiakuligow.pl\/index.php\/wp-json\/wp\/v2\/tags?post=608"}],"curies":[{"name":"wp","href":"https:\/\/api.w.org\/{rel}","templated":true}]}}