{"id":604,"date":"2017-02-04T14:17:19","date_gmt":"2017-02-04T13:17:19","guid":{"rendered":"http:\/\/www.parafiakuligow.pl\/?p=604"},"modified":"2017-02-04T14:18:24","modified_gmt":"2017-02-04T13:18:24","slug":"5-luty-2017-v-niedziela-zwykla","status":"publish","type":"post","link":"http:\/\/www.parafiakuligow.pl\/index.php\/2017\/02\/04\/5-luty-2017-v-niedziela-zwykla\/","title":{"rendered":"5 luty 2017, V niedziela zwyk\u0142a"},"content":{"rendered":"<ol>\n<li>Dzi\u015b z racji I niedzieli miesi\u0105ca po Mszy \u015bw. o godz. 11.00 wystawienie Naj\u015bwi\u0119tszego Sakramentu i adoracja Eucharystyczna.<\/li>\n<\/ol>\n<ol start=\"2\">\n<li>Ksi\u0105dz dziekan z Radzymina prosi\u0142 mnie w tym tygodniu o pomoc w kol\u0119dzie. Z tej racji Msze \u015bw. w najbli\u017cszych dniach z wyj\u0105tkiem soboty b\u0119d\u0105 w naszym ko\u015bciele odprawiane o godz. 7.00.<\/li>\n<\/ol>\n<ol start=\"3\">\n<li>W sobot\u0119 11 lutego przypada wspomnienie NMP z Lourdes. Tego dnia obchodzimy \u015awiatowy Dzie\u0144 Chorych. Msza \u015bw. o godz. 18.00.<\/li>\n<\/ol>\n<ol start=\"4\">\n<li>W przysz\u0142\u0105 niedziel\u0119 12 lutego po Mszy \u015bw. o godz. 11.00 kolejne spotkanie kandydat\u00f3w do sakramentu bierzmowania.<\/li>\n<\/ol>\n<ol start=\"5\">\n<li>Za tydzie\u0144 tak\u017ce w zwi\u0105zku z obchodami \u015awiatowego Dnia Chorego w ca\u0142ej naszej diecezji po Mszach \u015bw. zbi\u00f3rka do puszek Caritas na leczenie i rehabilitacj\u0119 chorych dzieci.<\/li>\n<\/ol>\n<ol start=\"6\">\n<li>Ze wzgl\u0119du na rozpoczynaj\u0105ce si\u0119 ferie szkolne zapowiadana na przysz\u0142\u0105 niedziel\u0119 Msza \u015bw. o b\u0142ogos\u0142awie\u0144stwo Bo\u017ce i potrzebne \u0142aski dla R\u00f3\u017cy R\u00f3\u017ca\u0144cowej rodzic\u00f3w b\u0119dzie odprawiona w Uroczysto\u015b\u0107 Zwiastowania Pa\u0144skiego, w sobot\u0119 25 marca podczas naszych wielkopostnych rekolekcji.<\/li>\n<\/ol>\n<ol start=\"7\">\n<li>Zgodnie z zapowiedzi\u0105 wprowadzamy do naszej parafialnej modlitwy nowenn\u0119 do Matki Bo\u017cej Nieustaj\u0105cej Pomocy. B\u0119dziemy j\u0105 odmawia\u0107 w ka\u017cd\u0105 \u015brod\u0119 bezpo\u015brednio przed wieczorn\u0105 Msz\u0105 \u015bw. o godz. 18.00 \/ w lato o godz. 19.00 \/. Pierwsza nowenna jeszcze nie w najbli\u017csz\u0105, ale\u00a0\u00a0\u00a0\u00a0 w nast\u0119pn\u0105 \u015brod\u0119 15 lutego o godz. 18.00. Serdecznie zapraszamy.<\/li>\n<\/ol>\n<ol start=\"8\">\n<li>Wszystkim parafianom i go\u015bciom \u017cyczymy du\u017co zdrowia, udanej niedzieli oraz dobrego, b\u0142ogos\u0142awionego tygodnia.<\/li>\n<\/ol>\n<p><strong>Intencje mszalne \u00a05 \u2013 12 luty\u00a0 2017<\/strong><\/p>\n<p><span style=\"color: #ff0000;\">Ndz 5. II\u00a0 2017, 5 Niedziela zwyk\u0142a<\/span><br \/>\ng. 9.00\u00a0\u00a0\u00a0 + Romana Jaworskiego<br \/>\ng. 11.00 + Ziutki Walesiak oraz Feliksa Czarnowskiego<\/p>\n<p><span style=\"color: #ff0000;\">Pn 6. II<\/span><br \/>\ng. 7.00 \u00a0+ Urszuli Tabasz \u2013 gregoria\u0144ska 6<\/p>\n<p><span style=\"color: #ff0000;\">Wt 7. II<\/span><br \/>\ng. 7.00 \u00a0+ Urszuli Tabasz \u2013 gregoria\u0144ska 7<\/p>\n<p><span style=\"color: #ff0000;\">\u015ar 8. II<\/span><br \/>\ng. 7.00\u00a0 + Urszuli Tabasz \u2013 gregoria\u0144ska 8<\/p>\n<p><span style=\"color: #ff0000;\">Czw 9. II<\/span><br \/>\ng. 7.00 \u00a0+ Urszuli Tabasz \u2013 gregoria\u0144ska 9<\/p>\n<p><span style=\"color: #ff0000;\">Pt 10. II<\/span><br \/>\ng. \u00a07.00\u00a0 + Urszuli Tabasz \u2013 gregoria\u0144ska 10<\/p>\n<p><span style=\"color: #ff0000;\">Sob 11. II<\/span><br \/>\ng. 18.00 + Urszuli Tabasz \u2013 gregoria\u0144ska 11<\/p>\n<p><span style=\"color: #ff0000;\">Ndz \u00a012. II\u00a0 2017, 6 \u00a0Niedziela zwyk\u0142a<br \/>\n<\/span>g. 9.00\u00a0 \u00a0\u00a0+ Haliny w 12 r. \u015bm., Anny i Aleksandra Augustyniak<br \/>\noraz Zofii i Jakuba Kulesza<br \/>\ng. 11.00\u00a0 \u00a0rez. p. M. Karasiewicz<\/p>\n","protected":false},"excerpt":{"rendered":"<p>Dzi\u015b z racji I niedzieli miesi\u0105ca po Mszy \u015bw. o godz. 11.00 wystawienie Naj\u015bwi\u0119tszego Sakramentu i adoracja Eucharystyczna. Ksi\u0105dz dziekan z Radzymina prosi\u0142 mnie w tym tygodniu o pomoc w kol\u0119dzie. Z tej racji Msze \u015bw. w najbli\u017cszych dniach z wyj\u0105tkiem soboty b\u0119d\u0105 w naszym ko\u015bciele odprawiane o godz. 7.00. [&hellip;]<\/p>\n","protected":false},"author":1,"featured_media":0,"comment_status":"closed","ping_status":"open","sticky":false,"template":"","format":"standard","meta":[],"categories":[2],"tags":[],"_links":{"self":[{"href":"http:\/\/www.parafiakuligow.pl\/index.php\/wp-json\/wp\/v2\/posts\/604"}],"collection":[{"href":"http:\/\/www.parafiakuligow.pl\/index.php\/wp-json\/wp\/v2\/posts"}],"about":[{"href":"http:\/\/www.parafiakuligow.pl\/index.php\/wp-json\/wp\/v2\/types\/post"}],"author":[{"embeddable":true,"href":"http:\/\/www.parafiakuligow.pl\/index.php\/wp-json\/wp\/v2\/users\/1"}],"replies":[{"embeddable":true,"href":"http:\/\/www.parafiakuligow.pl\/index.php\/wp-json\/wp\/v2\/comments?post=604"}],"version-history":[{"count":3,"href":"http:\/\/www.parafiakuligow.pl\/index.php\/wp-json\/wp\/v2\/posts\/604\/revisions"}],"predecessor-version":[{"id":607,"href":"http:\/\/www.parafiakuligow.pl\/index.php\/wp-json\/wp\/v2\/posts\/604\/revisions\/607"}],"wp:attachment":[{"href":"http:\/\/www.parafiakuligow.pl\/index.php\/wp-json\/wp\/v2\/media?parent=604"}],"wp:term":[{"taxonomy":"category","embeddable":true,"href":"http:\/\/www.parafiakuligow.pl\/index.php\/wp-json\/wp\/v2\/categories?post=604"},{"taxonomy":"post_tag","embeddable":true,"href":"http:\/\/www.parafiakuligow.pl\/index.php\/wp-json\/wp\/v2\/tags?post=604"}],"curies":[{"name":"wp","href":"https:\/\/api.w.org\/{rel}","templated":true}]}}