{"id":595,"date":"2017-01-28T16:38:46","date_gmt":"2017-01-28T15:38:46","guid":{"rendered":"http:\/\/www.parafiakuligow.pl\/?p=595"},"modified":"2017-01-28T16:38:46","modified_gmt":"2017-01-28T15:38:46","slug":"29-stycznia-2017-iv-niedziela-zwykla","status":"publish","type":"post","link":"http:\/\/www.parafiakuligow.pl\/index.php\/2017\/01\/28\/29-stycznia-2017-iv-niedziela-zwykla\/","title":{"rendered":"29 stycznia 2017, IV niedziela zwyk\u0142a"},"content":{"rendered":"<ol>\n<li>Dzi\u015b po Mszy \u015bw. o godz. 11.00 spotkanie kandydat\u00f3w do sakramentu bierzmowania.<\/li>\n<li>W \u015brod\u0119 1 lutego z racji I \u015brody miesi\u0105ca o godz. 18.00 Msza \u015bw. za wszystkich zmar\u0142ych poleconych w wypominkach.<\/li>\n<li>W czwartek 2 lutego \u015awi\u0119to Ofiarowania Pa\u0144skiego \u2013 Matki Bo\u017cej Gromnicznej. To tak\u017ce Dzie\u0144 \u017bycia Konsekrowanego. Ofiary sk\u0142adane na tac\u0119 przeznaczone s\u0105 na zakony klauzurowe. Msza \u015bw. w naszym ko\u015bciele o godz. 18.00. Po Mszy \u015bw. rozbieranie bo\u017conarodzeniowej dekoracji w ko\u015bciele \u2013 zapraszam ch\u0119tnych do pomocy.<\/li>\n<li>W pi\u0105tek 3 lutego przypada I pi\u0105tek miesi\u0105ca. Okazja i mo\u017cliwo\u015b\u0107 spowiedzi od godz. 17.30. Msza \u015bw. do serca Pana Jezusa o godz. 18. 00.<\/li>\n<li>W przysz\u0142\u0105 niedziel\u0119 z racji I niedzieli miesi\u0105ca po Mszy \u015bw. o godz. 11.00 wystawienie Naj\u015bwi\u0119tszego Sakramentu i adoracja Eucharystyczna.<\/li>\n<li>Za dwa tygodnie w niedziel\u0119 12 lutego o godz. 11.00 Msza \u015bw. o b\u0142ogos\u0142awie\u0144stwo Bo\u017ce i potrzebne \u0142aski dla R\u00f3\u017cy R\u00f3\u017ca\u0144cowej rodzic\u00f3w.<\/li>\n<li>W czasie liturgii nast\u0105pi uroczyste zawierzenie i b\u0142ogos\u0142awie\u0144stwo rodzic\u00f3w, kt\u00f3rzy na r\u00f3\u017ca\u0144cu modl\u0105 si\u0119 za dzieci. Serdecznie zapraszamy.<\/li>\n<li>Wszystkim parafianom i go\u015bciom \u017cyczymy du\u017co zdrowia, mi\u0142ej niedzieli i dobrego tygodnia.<\/li>\n<\/ol>\n<p><strong>Intencje mszalne \u00a029 stycze\u0144 \u2013 5 luty\u00a0 2017<\/strong><\/p>\n<p><span style=\"color: #ff0000;\">Ndz 29. I\u00a0 2017, 4 Niedziela zwyk\u0142a<br \/>\n<\/span>g. 9.00\u00a0\u00a0\u00a0 + Haliny Miecznikowskiej<br \/>\ng. 11.00 \u00a0 + Sylwestra w 8 r. \u015bm. Tomasza, Marceli i Antoniego Sok\u00f3lskich<\/p>\n<p><span style=\"color: #ff0000;\">Pn 30. I<\/span><br \/>\ng. 18.00 \u00a0wolna<\/p>\n<p><span style=\"color: #ff0000;\">Wt 31. I\u00a0\u00a0<\/span><br \/>\ng. 7.00 \u00a0wolna<\/p>\n<p><span style=\"color: #ff0000;\">\u015ar 1. II<\/span><br \/>\ng. 18.00\u00a0 + Za zmar\u0142ych poleconych w wypominkach<\/p>\n<p><span style=\"color: #ff0000;\">Czw 2. II, \u015awi\u0119to Ofiarowania Pa\u0144skiego\u00a0 \/ Matki Bo\u017cej Gromnicznej \/\u00a0\u00a0\u00a0<\/span>\u00a0\u00a0\u00a0\u00a0\u00a0\u00a0\u00a0\u00a0\u00a0\u00a0\u00a0\u00a0\u00a0 \u00a0\u00a0\u00a0\u00a0\u00a0\u00a0\u00a0 g. 18.00 wolna<\/p>\n<p><span style=\"color: #ff0000;\">Pt 3. II<\/span><br \/>\ng. 18.00\u00a0 wolna<\/p>\n<p><span style=\"color: #ff0000;\">Sob 4. II<\/span><br \/>\ng. 18.00 \u00a0wolna<\/p>\n<p><span style=\"color: #ff0000;\">Ndz 5. II 2017, 5 \u00a0Niedziela zwyk\u0142a<br \/>\n<\/span>g. 9.00\u00a0 \u00a0\u00a0+ Romana Jaworskiego<br \/>\ng. 11.00\u00a0 \u00a0+ Ziutki Walesiak oraz Feliksa CzarnowskiegoOg\u0142oszenia parafialne 29 stycznia\u00a0 2017 \u00a0IV niedziela zwyk\u0142a<\/p>\n","protected":false},"excerpt":{"rendered":"<p>Dzi\u015b po Mszy \u015bw. o godz. 11.00 spotkanie kandydat\u00f3w do sakramentu bierzmowania. W \u015brod\u0119 1 lutego z racji I \u015brody miesi\u0105ca o godz. 18.00 Msza \u015bw. za wszystkich zmar\u0142ych poleconych w wypominkach. W czwartek 2 lutego \u015awi\u0119to Ofiarowania Pa\u0144skiego \u2013 Matki Bo\u017cej Gromnicznej. To tak\u017ce Dzie\u0144 \u017bycia Konsekrowanego. Ofiary sk\u0142adane [&hellip;]<\/p>\n","protected":false},"author":1,"featured_media":0,"comment_status":"closed","ping_status":"open","sticky":false,"template":"","format":"standard","meta":[],"categories":[2],"tags":[],"_links":{"self":[{"href":"http:\/\/www.parafiakuligow.pl\/index.php\/wp-json\/wp\/v2\/posts\/595"}],"collection":[{"href":"http:\/\/www.parafiakuligow.pl\/index.php\/wp-json\/wp\/v2\/posts"}],"about":[{"href":"http:\/\/www.parafiakuligow.pl\/index.php\/wp-json\/wp\/v2\/types\/post"}],"author":[{"embeddable":true,"href":"http:\/\/www.parafiakuligow.pl\/index.php\/wp-json\/wp\/v2\/users\/1"}],"replies":[{"embeddable":true,"href":"http:\/\/www.parafiakuligow.pl\/index.php\/wp-json\/wp\/v2\/comments?post=595"}],"version-history":[{"count":3,"href":"http:\/\/www.parafiakuligow.pl\/index.php\/wp-json\/wp\/v2\/posts\/595\/revisions"}],"predecessor-version":[{"id":598,"href":"http:\/\/www.parafiakuligow.pl\/index.php\/wp-json\/wp\/v2\/posts\/595\/revisions\/598"}],"wp:attachment":[{"href":"http:\/\/www.parafiakuligow.pl\/index.php\/wp-json\/wp\/v2\/media?parent=595"}],"wp:term":[{"taxonomy":"category","embeddable":true,"href":"http:\/\/www.parafiakuligow.pl\/index.php\/wp-json\/wp\/v2\/categories?post=595"},{"taxonomy":"post_tag","embeddable":true,"href":"http:\/\/www.parafiakuligow.pl\/index.php\/wp-json\/wp\/v2\/tags?post=595"}],"curies":[{"name":"wp","href":"https:\/\/api.w.org\/{rel}","templated":true}]}}