{"id":592,"date":"2017-01-21T12:07:09","date_gmt":"2017-01-21T11:07:09","guid":{"rendered":"http:\/\/www.parafiakuligow.pl\/?p=592"},"modified":"2017-01-21T12:07:09","modified_gmt":"2017-01-21T11:07:09","slug":"modlitwa-za-dziadkow","status":"publish","type":"post","link":"http:\/\/www.parafiakuligow.pl\/index.php\/2017\/01\/21\/modlitwa-za-dziadkow\/","title":{"rendered":"Modlitwa za dziadk\u00f3w"},"content":{"rendered":"<p>Modlitwa papie\u017ca Benedykta XVI przes\u0142ana na VI \u015awiatowe Spotkanie Rodzin w Meksyku\u00a0 \/ 15-17.01.2009 \/<\/p>\n<p>Panie Jezu,<br \/>\nnarodzi\u0142e\u015b si\u0119 z Dziewicy Maryi,<br \/>\nc\u00f3rki \u015bwi\u0119tych Anny i Joachima.<br \/>\nPatrz z mi\u0142o\u015bci\u0105 na dziadk\u00f3w na ca\u0142ym \u015bwiecie.<br \/>\nOchraniaj ich! Oni s\u0105 bogactwem<br \/>\ndla rodzin, dla Ko\u015bcio\u0142a i dla ca\u0142ego spo\u0142ecze\u0144stwa.<br \/>\nWspieraj ich! Kiedy przybywa im lat,<br \/>\nniech wci\u0105\u017c b\u0119d\u0105 dla swojej rodziny<br \/>\nmocnymi filarami wiary ewangelicznej,<br \/>\nstr\u00f3\u017cami szlachetnych warto\u015bci rodziny,<br \/>\n\u017cywymi skarbcami trwa\u0142ych tradycji religijnych.<br \/>\nSpraw, by jako nauczyciele m\u0105dro\u015bci i odwagi<br \/>\nprzekazywali przysz\u0142ym pokoleniom<br \/>\nowoce swoich dojrza\u0142ych do\u015bwiadcze\u0144 ludzkich<br \/>\ni duchowych.<br \/>\nPanie Jezu,<br \/>\npomagaj rodzinom i spo\u0142ecze\u0144stwu<br \/>\ndocenia\u0107 obecno\u015b\u0107 i rol\u0119 dziadk\u00f3w.<br \/>\nSpraw, by nigdy nie byli zaniedbywani<br \/>\nani wykluczani,<br \/>\nale zawsze znajdowali szacunek i mi\u0142o\u015b\u0107.<br \/>\nPomagaj im \u017cy\u0107 pogodnie i czu\u0107 si\u0119 akceptowani<br \/>\nprzez wszystkie lata \u017cycia, jakimi ich obdarzasz.<br \/>\nMaryjo, Matko wszystkich \u017cyj\u0105cych,<br \/>\nnieustannie otaczaj opiek\u0105 dziadk\u00f3w,<br \/>\nb\u0105d\u017a z nimi podczas ziemskiej pielgrzymki,<br \/>\ni niech za spraw\u0105 Twoich modlitw wszystkie rodziny<br \/>\nspotkaj\u0105 si\u0119 kiedy\u015b w niebieskiej ojczy\u017anie,<br \/>\ngdzie Ty czekasz na wszystkich ludzi,<br \/>\nby ich przygarn\u0105\u0107 w wielkim u\u015bcisku \u017cycia bez ko\u0144ca.<br \/>\nAmen!<\/p>\n","protected":false},"excerpt":{"rendered":"<p>Modlitwa papie\u017ca Benedykta XVI przes\u0142ana na VI \u015awiatowe Spotkanie Rodzin w Meksyku\u00a0 \/ 15-17.01.2009 \/ Panie Jezu, narodzi\u0142e\u015b si\u0119 z Dziewicy Maryi, c\u00f3rki \u015bwi\u0119tych Anny i Joachima. Patrz z mi\u0142o\u015bci\u0105 na dziadk\u00f3w na ca\u0142ym \u015bwiecie. Ochraniaj ich! Oni s\u0105 bogactwem dla rodzin, dla Ko\u015bcio\u0142a i dla ca\u0142ego spo\u0142ecze\u0144stwa. Wspieraj ich! [&hellip;]<\/p>\n","protected":false},"author":1,"featured_media":0,"comment_status":"closed","ping_status":"open","sticky":false,"template":"","format":"standard","meta":[],"categories":[2],"tags":[],"_links":{"self":[{"href":"http:\/\/www.parafiakuligow.pl\/index.php\/wp-json\/wp\/v2\/posts\/592"}],"collection":[{"href":"http:\/\/www.parafiakuligow.pl\/index.php\/wp-json\/wp\/v2\/posts"}],"about":[{"href":"http:\/\/www.parafiakuligow.pl\/index.php\/wp-json\/wp\/v2\/types\/post"}],"author":[{"embeddable":true,"href":"http:\/\/www.parafiakuligow.pl\/index.php\/wp-json\/wp\/v2\/users\/1"}],"replies":[{"embeddable":true,"href":"http:\/\/www.parafiakuligow.pl\/index.php\/wp-json\/wp\/v2\/comments?post=592"}],"version-history":[{"count":1,"href":"http:\/\/www.parafiakuligow.pl\/index.php\/wp-json\/wp\/v2\/posts\/592\/revisions"}],"predecessor-version":[{"id":593,"href":"http:\/\/www.parafiakuligow.pl\/index.php\/wp-json\/wp\/v2\/posts\/592\/revisions\/593"}],"wp:attachment":[{"href":"http:\/\/www.parafiakuligow.pl\/index.php\/wp-json\/wp\/v2\/media?parent=592"}],"wp:term":[{"taxonomy":"category","embeddable":true,"href":"http:\/\/www.parafiakuligow.pl\/index.php\/wp-json\/wp\/v2\/categories?post=592"},{"taxonomy":"post_tag","embeddable":true,"href":"http:\/\/www.parafiakuligow.pl\/index.php\/wp-json\/wp\/v2\/tags?post=592"}],"curies":[{"name":"wp","href":"https:\/\/api.w.org\/{rel}","templated":true}]}}