{"id":590,"date":"2017-01-21T12:01:36","date_gmt":"2017-01-21T11:01:36","guid":{"rendered":"http:\/\/www.parafiakuligow.pl\/?p=590"},"modified":"2017-01-21T12:01:36","modified_gmt":"2017-01-21T11:01:36","slug":"22-stycznia-2017-iii-niedziela-zwykla","status":"publish","type":"post","link":"http:\/\/www.parafiakuligow.pl\/index.php\/2017\/01\/21\/22-stycznia-2017-iii-niedziela-zwykla\/","title":{"rendered":"22 stycznia  2017, III niedziela zwyk\u0142a"},"content":{"rendered":"<ol>\n<li>Dzi\u015b po Mszy \u015bw. o godz. 11.00 spotkanie rodzic\u00f3w i dzieci przygotowuj\u0105cych si\u0119 do I komunii \u015bwi\u0119tej.<\/li>\n<li>W \u015brod\u0119 25 stycznia w \u015awi\u0119to Nawr\u00f3cenia \u015bw. Paw\u0142a Aposto\u0142a ko\u0144czy si\u0119 prze\u017cywany pod has\u0142em \u201e Pojednanie \u2013 mi\u0142o\u015b\u0107 Chrystusa przynagla nas \u201d Tydzie\u0144 modlitwy o jedno\u015b\u0107 chrze\u015bcijan. Msza \u015bw. o godz. 7.00.<\/li>\n<li>Parafialny Zesp\u00f3\u0142 Caritas z D\u0105br\u00f3wki organizuje wycieczk\u0119 do Karpacza \u00a0i Pragi czeskiej. Wyjazd 28 kwietnia \/w nocy\/, powr\u00f3t 1 maja \/ tak\u017ce w nocy\/. Koszt wyjazdu 600 z\u0142. Zapisy do 30 stycznia 2017 r. Bli\u017csze informacje mo\u017cna uzyska\u0107 pod tel. 515\u00a0867\u00a0943. W imieniu organizator\u00f3w zapraszamy.<\/li>\n<li>W przysz\u0142\u0105 niedziel\u0119 29 stycznia po Mszy o godz. 11.00 spotkanie kandydat\u00f3w do sakramentu bierzmowania.<\/li>\n<li>Do ko\u0144ca stycznia b\u0119d\u0119 pomaga\u0142 w kol\u0119dzie ks. Andrzejowi w J\u00f3zefowie. Z tego wzgl\u0119du Msza \u015bw. w tygodniu w dalszym ci\u0105gu b\u0119dzie odprawiana rano o godz. 7.00.<\/li>\n<li>Wszystkim babciom i dziadkom z okazji ich \u015bwi\u0119ta \u017cyczymy du\u017co zdrowia, szacunku, wdzi\u0119czno\u015bci od dzieci, rado\u015bci z posiadanych wnuk\u00f3w oraz opieki patron\u00f3w bab\u0107 i dziadk\u00f3w &#8211; \u015bw. Anny i \u015bw. Joachima.<\/li>\n<\/ol>\n<p><strong>Intencje mszalne \u00a022 \u2013 29 stycznia 2017<\/strong><\/p>\n<p><span style=\"color: #ff0000;\">Ndz 22. I\u00a0 2017, 3 Niedziela zwyk\u0142a<br \/>\n<\/span>g. 9.00 \u00a0+ Stanis\u0142awa Jusi\u0144skiego<br \/>\ng. 11.00 rez. p. M\u0142oduchowska<\/p>\n<p><span style=\"color: #ff0000;\">Pn 23. I<\/span><br \/>\ng. 7.00 \u00a0+ Romana Jaworskiego<\/p>\n<p><span style=\"color: #ff0000;\">Wt \u00a024. I<\/span><br \/>\ng. 7.00 \u00a0wolna<\/p>\n<p><span style=\"color: #ff0000;\">\u015ar 25. I,\u00a0\u015awi\u0119to Nawr\u00f3cenia \u015bw. Paw\u0142a Aposto\u0142a<\/span><br \/>\ng. 7.00 wolna<\/p>\n<p><span style=\"color: #ff0000;\">Czw 26. I<\/span><br \/>\ng. 7.00 \u00a0wolna<\/p>\n<p><span style=\"color: #ff0000;\">Pt 27. I<\/span><br \/>\ng. 7.00\u00a0 wolna<\/p>\n<p><span style=\"color: #ff0000;\">Sob 28. I<\/span><br \/>\ng. 7.00 \u00a0rez. p. Miko\u0142aj Bednarek<\/p>\n<p><span style=\"color: #ff0000;\">Ndz 29. I.2017, \u00a04 Niedziela zwyk\u0142a<br \/>\n<\/span>g. 9.00\u00a0 \u00a0\u00a0+ Haliny Miecznikowskiej<br \/>\ng. 11.00\u00a0 \u00a0+ Sylwestra w 8 r. \u015bm. Tomasza, Marceli i Antoniego Sok\u00f3lskich<\/p>\n","protected":false},"excerpt":{"rendered":"<p>Dzi\u015b po Mszy \u015bw. o godz. 11.00 spotkanie rodzic\u00f3w i dzieci przygotowuj\u0105cych si\u0119 do I komunii \u015bwi\u0119tej. W \u015brod\u0119 25 stycznia w \u015awi\u0119to Nawr\u00f3cenia \u015bw. Paw\u0142a Aposto\u0142a ko\u0144czy si\u0119 prze\u017cywany pod has\u0142em \u201e Pojednanie \u2013 mi\u0142o\u015b\u0107 Chrystusa przynagla nas \u201d Tydzie\u0144 modlitwy o jedno\u015b\u0107 chrze\u015bcijan. Msza \u015bw. o godz. 7.00. [&hellip;]<\/p>\n","protected":false},"author":1,"featured_media":0,"comment_status":"closed","ping_status":"open","sticky":false,"template":"","format":"standard","meta":[],"categories":[2],"tags":[],"_links":{"self":[{"href":"http:\/\/www.parafiakuligow.pl\/index.php\/wp-json\/wp\/v2\/posts\/590"}],"collection":[{"href":"http:\/\/www.parafiakuligow.pl\/index.php\/wp-json\/wp\/v2\/posts"}],"about":[{"href":"http:\/\/www.parafiakuligow.pl\/index.php\/wp-json\/wp\/v2\/types\/post"}],"author":[{"embeddable":true,"href":"http:\/\/www.parafiakuligow.pl\/index.php\/wp-json\/wp\/v2\/users\/1"}],"replies":[{"embeddable":true,"href":"http:\/\/www.parafiakuligow.pl\/index.php\/wp-json\/wp\/v2\/comments?post=590"}],"version-history":[{"count":1,"href":"http:\/\/www.parafiakuligow.pl\/index.php\/wp-json\/wp\/v2\/posts\/590\/revisions"}],"predecessor-version":[{"id":591,"href":"http:\/\/www.parafiakuligow.pl\/index.php\/wp-json\/wp\/v2\/posts\/590\/revisions\/591"}],"wp:attachment":[{"href":"http:\/\/www.parafiakuligow.pl\/index.php\/wp-json\/wp\/v2\/media?parent=590"}],"wp:term":[{"taxonomy":"category","embeddable":true,"href":"http:\/\/www.parafiakuligow.pl\/index.php\/wp-json\/wp\/v2\/categories?post=590"},{"taxonomy":"post_tag","embeddable":true,"href":"http:\/\/www.parafiakuligow.pl\/index.php\/wp-json\/wp\/v2\/tags?post=590"}],"curies":[{"name":"wp","href":"https:\/\/api.w.org\/{rel}","templated":true}]}}