{"id":543,"date":"2016-12-23T18:31:11","date_gmt":"2016-12-23T17:31:11","guid":{"rendered":"http:\/\/www.parafiakuligow.pl\/?p=543"},"modified":"2016-12-23T18:31:11","modified_gmt":"2016-12-23T17:31:11","slug":"oredzie-z-groty-betlejemskiej-2","status":"publish","type":"post","link":"http:\/\/www.parafiakuligow.pl\/index.php\/2016\/12\/23\/oredzie-z-groty-betlejemskiej-2\/","title":{"rendered":"Or\u0119dzie z Groty Betlejemskiej"},"content":{"rendered":"<p><span style=\"color: #0000ff;\"><em>Narodzi\u0142em si\u0119 nagi \u2013 m\u00f3wi B\u00f3g \u2013 aby\u015b potrafi\u0142 wyrzeka\u0107 si\u0119 samego siebie.<\/em><\/span><\/p>\n<p><span style=\"color: #0000ff;\"><em>Narodzi\u0142em si\u0119 ubogi, aby\u015b m\u00f3g\u0142 uzna\u0107 mnie za jedyne bogactwo.<\/em><\/span><\/p>\n<p><span style=\"color: #0000ff;\"><em>Narodzi\u0142em si\u0119 w\u00a0stajni, aby\u015b nauczy\u0142 si\u0119 u\u015bwi\u0119ca\u0107 ka\u017cde miejsce.<\/em><\/span><\/p>\n<p><span style=\"color: #0000ff;\"><em>Narodzi\u0142em si\u0119 bezsilny, aby\u015b ty nigdy mnie si\u0119 nie l\u0119ka\u0142.<\/em><\/span><\/p>\n<p><span style=\"color: #0000ff;\"><em>Narodzi\u0142em si\u0119 w\u00a0mi\u0142o\u015bci, aby\u015b ty nigdy nie zw\u0105tpi\u0142 w\u00a0moj\u0105 mi\u0142o\u015b\u0107.<\/em><\/span><\/p>\n<p><span style=\"color: #0000ff;\"><em>Narodzi\u0142em si\u0119 w\u00a0nocy, aby\u015b ty uwierzy\u0142, i\u017c mog\u0119 rozja\u015bni\u0107 ka\u017cd\u0105 rzeczywisto\u015b\u0107 spowit\u0105 ciemno\u015bci\u0105.<\/em><\/span><\/p>\n<p><span style=\"color: #0000ff;\"><em>Narodzi\u0142em si\u0119 w\u00a0ludzkiej postaci \u2013 m\u00f3wi B\u00f3g \u2013 aby\u015b ty nigdy nie wstydzi\u0142 si\u0119 by\u0107 sob\u0105.<\/em><\/span><\/p>\n<p><span style=\"color: #0000ff;\"><em>Narodzi\u0142em si\u0119 jako cz\u0142owiek, aby\u015b ty m\u00f3g\u0142 sta\u0107 si\u0119 \u201esynem Bo\u017cym\u201d.<\/em><\/span><\/p>\n<p><span style=\"color: #0000ff;\"><em>Narodzi\u0142em si\u0119 prze\u015bladowany od pocz\u0105tku, aby\u015b ty nauczy\u0142 si\u0119 przyjmowa\u0107 wszelkie trudno\u015bci.<\/em><\/span><\/p>\n<p><span style=\"color: #0000ff;\"><em>Narodzi\u0142em si\u0119 w\u00a0prostocie, aby\u015b ty nie by\u0142 wewn\u0119trznie zagmatwany.<\/em><\/span><\/p>\n<p><span style=\"color: #0000ff;\"><em>Narodzi\u0142em si\u0119 w\u00a0twoim ludzkim \u017cyciu \u2013 m\u00f3wi B\u00f3g, \u2013 aby wszystkich ludzi zaprowadzi\u0107 do domu Ojca.<\/em><\/span><\/p>\n","protected":false},"excerpt":{"rendered":"<p>Narodzi\u0142em si\u0119 nagi \u2013 m\u00f3wi B\u00f3g \u2013 aby\u015b potrafi\u0142 wyrzeka\u0107 si\u0119 samego siebie. Narodzi\u0142em si\u0119 ubogi, aby\u015b m\u00f3g\u0142 uzna\u0107 mnie za jedyne bogactwo. Narodzi\u0142em si\u0119 w\u00a0stajni, aby\u015b nauczy\u0142 si\u0119 u\u015bwi\u0119ca\u0107 ka\u017cde miejsce. Narodzi\u0142em si\u0119 bezsilny, aby\u015b ty nigdy mnie si\u0119 nie l\u0119ka\u0142. Narodzi\u0142em si\u0119 w\u00a0mi\u0142o\u015bci, aby\u015b ty nigdy nie zw\u0105tpi\u0142 [&hellip;]<\/p>\n","protected":false},"author":1,"featured_media":0,"comment_status":"closed","ping_status":"open","sticky":false,"template":"","format":"standard","meta":[],"categories":[2],"tags":[],"_links":{"self":[{"href":"http:\/\/www.parafiakuligow.pl\/index.php\/wp-json\/wp\/v2\/posts\/543"}],"collection":[{"href":"http:\/\/www.parafiakuligow.pl\/index.php\/wp-json\/wp\/v2\/posts"}],"about":[{"href":"http:\/\/www.parafiakuligow.pl\/index.php\/wp-json\/wp\/v2\/types\/post"}],"author":[{"embeddable":true,"href":"http:\/\/www.parafiakuligow.pl\/index.php\/wp-json\/wp\/v2\/users\/1"}],"replies":[{"embeddable":true,"href":"http:\/\/www.parafiakuligow.pl\/index.php\/wp-json\/wp\/v2\/comments?post=543"}],"version-history":[{"count":1,"href":"http:\/\/www.parafiakuligow.pl\/index.php\/wp-json\/wp\/v2\/posts\/543\/revisions"}],"predecessor-version":[{"id":544,"href":"http:\/\/www.parafiakuligow.pl\/index.php\/wp-json\/wp\/v2\/posts\/543\/revisions\/544"}],"wp:attachment":[{"href":"http:\/\/www.parafiakuligow.pl\/index.php\/wp-json\/wp\/v2\/media?parent=543"}],"wp:term":[{"taxonomy":"category","embeddable":true,"href":"http:\/\/www.parafiakuligow.pl\/index.php\/wp-json\/wp\/v2\/categories?post=543"},{"taxonomy":"post_tag","embeddable":true,"href":"http:\/\/www.parafiakuligow.pl\/index.php\/wp-json\/wp\/v2\/tags?post=543"}],"curies":[{"name":"wp","href":"https:\/\/api.w.org\/{rel}","templated":true}]}}