{"id":526,"date":"2016-12-03T09:58:38","date_gmt":"2016-12-03T08:58:38","guid":{"rendered":"http:\/\/www.parafiakuligow.pl\/?p=526"},"modified":"2016-12-03T10:00:29","modified_gmt":"2016-12-03T09:00:29","slug":"4-grudnia-2016-roku-ii-niedziela-adwentu","status":"publish","type":"post","link":"http:\/\/www.parafiakuligow.pl\/index.php\/2016\/12\/03\/4-grudnia-2016-roku-ii-niedziela-adwentu\/","title":{"rendered":"4 grudnia 2016 roku, II niedziela Adwentu"},"content":{"rendered":"<ol>\n<li>Dzisiaj z racji I niedzieli miesi\u0105ca po Mszy \u015bw. o godz. 11.00 wystawienie Naj\u015bwi\u0119tszego Sakramentu i adoracja eucharystyczna. W naszej diecezji dzi\u015b zbi\u00f3rka do puszek na pomoc materialn\u0105 dla Ko\u015bcio\u0142a na Wschodzie.<\/li>\n<\/ol>\n<ol start=\"2\">\n<li>Od dzisiejszej niedzieli mo\u017cna zaopatrzy\u0107 si\u0119 w op\u0142atki na st\u00f3\u0142 wigilijny pob\u0142ogos\u0142awione dla naszej wsp\u00f3lnoty, a tak\u017ce naby\u0107 tradycyjne \u015bwiece Caritas.<\/li>\n<\/ol>\n<ol start=\"3\">\n<li>Roraty &#8211; adwentowa Msza ku czci Matki Bo\u017cej &#8211; odprawiane s\u0105 codziennie opr\u00f3cz niedziel tzn. od poniedzia\u0142ku do soboty w\u0142\u0105cznie.<\/li>\n<\/ol>\n<ol start=\"4\">\n<li>Rekolekcje adwentowe w naszej parafii odb\u0119d\u0105 si\u0119 15, 16 i 17 grudnia<br \/>\nw czwartek, pi\u0105tek i sobot\u0119 przed IV niedziel\u0105 adwentu.<br \/>\nWyg\u0142osi je Stanis\u0142awa Kania, kt\u00f3ry buduje ko\u015bci\u00f3\u0142 i tworzy parafi\u0119 w Rajszewie.<\/li>\n<\/ol>\n<ol start=\"5\">\n<li>Ze wzgl\u0119du na spowied\u017a rekolekcyjn\u0105 w Woli Rasztowskiej w tym tygodniu<br \/>\nw poniedzia\u0142ek i w \u015brod\u0119 zamiast Mszy wieczornej b\u0119dzie Msza \u015bw. rano o godz. 7.00.<\/li>\n<\/ol>\n<ol start=\"6\">\n<li>W czwartek 8 grudnia Uroczysto\u015b\u0107 Niepokalanego Pocz\u0119cia NMP.<br \/>\nMsza \u015bw. o godz. 7.00.<\/li>\n<\/ol>\n<ol start=\"7\">\n<li>W sobot\u0119 10 grudnia liturgiczne wspomnienie NMP Loreta\u0144skiej patronki naszej parafii. Na Mszy \u015bw. o godz. 18.00 po\u015bwi\u0119cimy obraz Matki Bo\u017cej Nieustaj\u0105cej Pomocy.<\/li>\n<\/ol>\n<ol start=\"8\">\n<li>Wszystkim Barbarom oraz pozosta\u0142ym solenizantkom i solenizantom tego tygodnia \u017cyczymy zdrowia, Bo\u017cego b\u0142ogos\u0142awie\u0144stwa i mi\u0142o\u015bci od bliskich,<br \/>\na naszym parafianom i go\u015bciom udanej adwentowej niedzieli.<\/li>\n<\/ol>\n<p><strong>Intencje mszalne w tym tygodniu<\/strong><\/p>\n<p><span style=\"color: #ff0000;\">Ndz 4. XII, II \u00a0\u00a0Niedziela Adwentu<\/span><br \/>\ng. 9.00\u00a0\u00a0\u00a0 + Zdzis\u0142awa Marcinkiewicza z racji imienin oraz zmar\u0142ych z rodziny<br \/>\nMarcinkiewicz\u00f3w i Nowak\u00f3w<br \/>\ng. 11.00 \u00a0+ Stanis\u0142awy i Romana Bieleckich<\/p>\n<p><span style=\"color: #ff0000;\">pn 5. XII<\/span><br \/>\ng. 7.00 \u00a0\u00a0wolna<\/p>\n<p><span style=\"color: #ff0000;\">wt 6. XII<\/span><br \/>\ng. 7.00 \u00a0\u00a0wolna<\/p>\n<p><span style=\"color: #ff0000;\">\u015br 7. XII<\/span><br \/>\ng. \u00a0\u00a07.00\u00a0 \u00a0+ Za wszystkich zmar\u0142ych poleconych w wypominkach\u00a0 \/z racji I \u015brody miesi\u0105ca\/<\/p>\n<p><span style=\"color: #ff0000;\">czw 8. XII,\u00a0Uroczysto\u015b\u0107 Niepokalanego Pocz\u0119cia NMP<\/span><br \/>\ng. 7.00 \u00a0\u00a0wolna<\/p>\n<p><span style=\"color: #ff0000;\">pt 9. XII<\/span><br \/>\ng. 18.00\u00a0 wolna<\/p>\n<p><span style=\"color: #ff0000;\">sob 10. XII,\u00a0Wspomnienie Matki Bo\u017cej Loreta\u0144skiej<\/span><br \/>\ng. 18.00 \u00a0za parafian<\/p>\n<p><span style=\"color: #ff0000;\">Ndz 11. XII, III Niedziela Adwentu<\/span><br \/>\ng. 9.00\u00a0 \u00a0\u00a0+ Krystyny i Adama Bieleckich<br \/>\ng. 11.00 \u00a0 + Kazimierza Bieleckiego w 8 r. \u015bm.<\/p>\n","protected":false},"excerpt":{"rendered":"<p>Dzisiaj z racji I niedzieli miesi\u0105ca po Mszy \u015bw. o godz. 11.00 wystawienie Naj\u015bwi\u0119tszego Sakramentu i adoracja eucharystyczna. W naszej diecezji dzi\u015b zbi\u00f3rka do puszek na pomoc materialn\u0105 dla Ko\u015bcio\u0142a na Wschodzie. Od dzisiejszej niedzieli mo\u017cna zaopatrzy\u0107 si\u0119 w op\u0142atki na st\u00f3\u0142 wigilijny pob\u0142ogos\u0142awione dla naszej wsp\u00f3lnoty, a tak\u017ce naby\u0107 [&hellip;]<\/p>\n","protected":false},"author":1,"featured_media":0,"comment_status":"closed","ping_status":"open","sticky":false,"template":"","format":"standard","meta":[],"categories":[2],"tags":[],"_links":{"self":[{"href":"http:\/\/www.parafiakuligow.pl\/index.php\/wp-json\/wp\/v2\/posts\/526"}],"collection":[{"href":"http:\/\/www.parafiakuligow.pl\/index.php\/wp-json\/wp\/v2\/posts"}],"about":[{"href":"http:\/\/www.parafiakuligow.pl\/index.php\/wp-json\/wp\/v2\/types\/post"}],"author":[{"embeddable":true,"href":"http:\/\/www.parafiakuligow.pl\/index.php\/wp-json\/wp\/v2\/users\/1"}],"replies":[{"embeddable":true,"href":"http:\/\/www.parafiakuligow.pl\/index.php\/wp-json\/wp\/v2\/comments?post=526"}],"version-history":[{"count":4,"href":"http:\/\/www.parafiakuligow.pl\/index.php\/wp-json\/wp\/v2\/posts\/526\/revisions"}],"predecessor-version":[{"id":530,"href":"http:\/\/www.parafiakuligow.pl\/index.php\/wp-json\/wp\/v2\/posts\/526\/revisions\/530"}],"wp:attachment":[{"href":"http:\/\/www.parafiakuligow.pl\/index.php\/wp-json\/wp\/v2\/media?parent=526"}],"wp:term":[{"taxonomy":"category","embeddable":true,"href":"http:\/\/www.parafiakuligow.pl\/index.php\/wp-json\/wp\/v2\/categories?post=526"},{"taxonomy":"post_tag","embeddable":true,"href":"http:\/\/www.parafiakuligow.pl\/index.php\/wp-json\/wp\/v2\/tags?post=526"}],"curies":[{"name":"wp","href":"https:\/\/api.w.org\/{rel}","templated":true}]}}