{"id":510,"date":"2016-11-12T15:34:00","date_gmt":"2016-11-12T14:34:00","guid":{"rendered":"http:\/\/www.parafiakuligow.pl\/?p=510"},"modified":"2016-11-12T15:34:08","modified_gmt":"2016-11-12T14:34:08","slug":"13-listopada-2016-roku-33-niedziela-zwykla","status":"publish","type":"post","link":"http:\/\/www.parafiakuligow.pl\/index.php\/2016\/11\/12\/13-listopada-2016-roku-33-niedziela-zwykla\/","title":{"rendered":"13 listopada 2016 roku, 33 niedziela zwyk\u0142a"},"content":{"rendered":"<p>&nbsp;<\/p>\n<ol>\n<li>Dzi\u015b obchodzimy VIII Dzie\u0144 Solidarno\u015bci z Ko\u015bcio\u0142em Prze\u015bladowanym dedykowany w tym roku Ko\u015bcio\u0142owi w Iraku. Swoj\u0105 modlitw\u0105 i ofiarami wspieramy \u017cyj\u0105cych w tym kraju i prze\u015bladowanych za wiar\u0119 naszych braci i siostry. Po Mszy \u015bw. b\u0119dzie do puszek zbi\u00f3rka ofiar w\u0142a\u015bnie na ten cel.<\/li>\n<\/ol>\n<ol start=\"2\">\n<li>Dzisiaj tak\u017ce po Mszy \u015bw. o godz. 11.00 spotkanie kandydat\u00f3w do sakramentu bierzmowania.<\/li>\n<\/ol>\n<ol start=\"3\">\n<li>W tym tygodniu s\u0105 wolne intencje Mszy \u015bw. Je\u015bli kto\u015b pilnie potrzebuje modlitwy lub obchodzi jak\u0105\u015b wa\u017cn\u0105 rocznic\u0119 serdecznie zapraszam.<\/li>\n<\/ol>\n<ol start=\"4\">\n<li>W przysz\u0142\u0105 niedziel\u0119 po Mszy o godz. 11.00 kolejne spotkanie w ramach przygotowania do I komunii \u015bw.<\/li>\n<\/ol>\n<ol start=\"5\">\n<li>Za tydzie\u0144 ofiary sk\u0142adane na tac\u0119 w naszej diecezji przeznaczone b\u0119d\u0105 na Seminarium Duchowne.<\/li>\n<\/ol>\n<ol start=\"6\">\n<li>W ramach przygotowa\u0144 do Jubileuszowego Aktu przyj\u0119cia Jezusa za Kr\u00f3la i Pana na zako\u0144czenie ka\u017cdej Mszy \u015bw. odmawiamy specjaln\u0105 modlitw\u0119. \u00a0Mo\u017cna te\u017c wzi\u0105\u0107 do domu tekst Jubileuszowego Aktu, aby osobi\u015bcie pozna\u0107 jego tre\u015b\u0107.\u00a0 Uroczy\u015bcie we wszystkich ko\u015bcio\u0142ach w Polsce dokonamy tego aktu intronizacji 20. Listopada w niedziel\u0119 Chrystusa Kr\u00f3la.<\/li>\n<\/ol>\n<ol start=\"7\">\n<li>Solenizantom i jubilatom \u017cyczymy Bo\u017cego b\u0142ogos\u0142awie\u0144stwa i opieki \u015bwi\u0119tych patron\u00f3w, a wszystkim naszym parafianom i go\u015bciom dobrej niedzieli i b\u0142ogos\u0142awionego tygodnia.<\/li>\n<\/ol>\n<p><strong>Intencje mszalne w tym tygodniu<\/strong><\/p>\n<p><span style=\"color: #ff0000;\">Ndz 13. XI, 33 Niedziela zwyk\u0142a<br \/>\n<\/span>g. 9.00\u00a0\u00a0\u00a0 + Leonarda D\u0105browskiego, Aleksandra i Walerii D\u0105browskich<br \/>\ng. 11.00 \u00a0 + Franciszka, Marianny D\u0105browskich, El\u017cbiety Gajewskiej<\/p>\n<p><span style=\"color: #ff0000;\">pn 14. XI<\/span><br \/>\ng. 18.00\u00a0 wolna<\/p>\n<p><span style=\"color: #ff0000;\">wt 15. XI<\/span><br \/>\ng. 7.00\u00a0 wolna<\/p>\n<p><span style=\"color: #ff0000;\">\u015br 16. XI<\/span><br \/>\ng. 18.00\u00a0 wolna<\/p>\n<p><span style=\"color: #ff0000;\">czw 17. XI<\/span><br \/>\ng. 7.00 \u00a0wolna<\/p>\n<p><span style=\"color: #ff0000;\">pt 18. XI<\/span><br \/>\ng. 18.00\u00a0 wolna<\/p>\n<p><span style=\"color: #ff0000;\">sob 19. XI<\/span><br \/>\ng. 18.00\u00a0 + Barbary Zysk w 20 r. \u015bm.<\/p>\n<p><span style=\"color: #ff0000;\">Ndz 20. XI, Uroczysto\u015b\u0107 Jezusa Chrystusa Kr\u00f3la Wszech\u015bwiata<br \/>\n<\/span>g. 9.00\u00a0 \u00a0\u00a0rez. p. G. Sta\u0144czak<br \/>\ng. 11.00\u00a0 \u00a0\u00a0+ Leonarda Sumi\u0142a<\/p>\n","protected":false},"excerpt":{"rendered":"<p>&nbsp; Dzi\u015b obchodzimy VIII Dzie\u0144 Solidarno\u015bci z Ko\u015bcio\u0142em Prze\u015bladowanym dedykowany w tym roku Ko\u015bcio\u0142owi w Iraku. Swoj\u0105 modlitw\u0105 i ofiarami wspieramy \u017cyj\u0105cych w tym kraju i prze\u015bladowanych za wiar\u0119 naszych braci i siostry. Po Mszy \u015bw. b\u0119dzie do puszek zbi\u00f3rka ofiar w\u0142a\u015bnie na ten cel. Dzisiaj tak\u017ce po Mszy \u015bw. [&hellip;]<\/p>\n","protected":false},"author":1,"featured_media":0,"comment_status":"closed","ping_status":"open","sticky":false,"template":"","format":"standard","meta":[],"categories":[2],"tags":[],"_links":{"self":[{"href":"http:\/\/www.parafiakuligow.pl\/index.php\/wp-json\/wp\/v2\/posts\/510"}],"collection":[{"href":"http:\/\/www.parafiakuligow.pl\/index.php\/wp-json\/wp\/v2\/posts"}],"about":[{"href":"http:\/\/www.parafiakuligow.pl\/index.php\/wp-json\/wp\/v2\/types\/post"}],"author":[{"embeddable":true,"href":"http:\/\/www.parafiakuligow.pl\/index.php\/wp-json\/wp\/v2\/users\/1"}],"replies":[{"embeddable":true,"href":"http:\/\/www.parafiakuligow.pl\/index.php\/wp-json\/wp\/v2\/comments?post=510"}],"version-history":[{"count":2,"href":"http:\/\/www.parafiakuligow.pl\/index.php\/wp-json\/wp\/v2\/posts\/510\/revisions"}],"predecessor-version":[{"id":512,"href":"http:\/\/www.parafiakuligow.pl\/index.php\/wp-json\/wp\/v2\/posts\/510\/revisions\/512"}],"wp:attachment":[{"href":"http:\/\/www.parafiakuligow.pl\/index.php\/wp-json\/wp\/v2\/media?parent=510"}],"wp:term":[{"taxonomy":"category","embeddable":true,"href":"http:\/\/www.parafiakuligow.pl\/index.php\/wp-json\/wp\/v2\/categories?post=510"},{"taxonomy":"post_tag","embeddable":true,"href":"http:\/\/www.parafiakuligow.pl\/index.php\/wp-json\/wp\/v2\/tags?post=510"}],"curies":[{"name":"wp","href":"https:\/\/api.w.org\/{rel}","templated":true}]}}