{"id":506,"date":"2016-11-05T10:22:02","date_gmt":"2016-11-05T09:22:02","guid":{"rendered":"http:\/\/www.parafiakuligow.pl\/?p=506"},"modified":"2016-11-05T10:24:33","modified_gmt":"2016-11-05T09:24:33","slug":"6-listopada-2016-roku-32-niedziela-zwykla","status":"publish","type":"post","link":"http:\/\/www.parafiakuligow.pl\/index.php\/2016\/11\/05\/6-listopada-2016-roku-32-niedziela-zwykla\/","title":{"rendered":"6 listopada 2016 roku 32, niedziela zwyk\u0142a"},"content":{"rendered":"<p>&nbsp;<\/p>\n<ol>\n<li>Powsta\u0142a w naszej parafii nowa R\u00f3\u017ca R\u00f3\u017ca\u0144cowa rodzic\u00f3w modl\u0105cych si\u0119 za swoje dzieci. Bardzo si\u0119 z tego cieszymy, gratulujemy im rodzicielskiej mi\u0142o\u015bci i \u017cyczymy obfitych owoc\u00f3w tej modlitwy. Uroczyste zawierzenie i b\u0142ogos\u0142awie\u0144stwo nowej R\u00f3\u017cy nast\u0105pi w momencie, gdy b\u0119dzie gotowy malowany specjalnie dla nas obraz Matki Bo\u017cej Nieustaj\u0105cej Pomocy.<\/li>\n<\/ol>\n<ol start=\"2\">\n<li>Do 8 listopada mo\u017cna jeszcze zyska\u0107 i ofiarowa\u0107 za dusze w czy\u015b\u0107cu cierpi\u0105ce odpust zupe\u0142ny. Pami\u0119tajmy o s\u0142owach: b\u0142ogos\u0142awieni mi\u0142osierni, albowiem oni mi\u0142osierdzia dost\u0105pi\u0105. Gdyby kto\u015b do tej pory nie w\u0142\u0105czy\u0142 swoich bliskich do modlitwy wypominkowej warto to jeszcze uczyni\u0107.<\/li>\n<\/ol>\n<ol start=\"3\">\n<li>W pi\u0105tek 11 listopada Narodowe \u015awi\u0119to Niepodleg\u0142o\u015bci. Msza \u015bwi\u0119ta w intencji Ojczyzny o godz. 18.00. W zwi\u0105zku ze \u015awi\u0119tem Arcybiskup Henryk Hoser, udziela wiernym Diecezji na dzie\u0144 11 listopada dyspensy od nakazanej w pi\u0105tki wstrzemi\u0119\u017aliwo\u015bci od pokarm\u00f3w mi\u0119snych.<\/li>\n<\/ol>\n<ol start=\"4\">\n<li>W przysz\u0142\u0105 niedziel\u0119 po Mszy \u015bw. o godz. 11.00 spotkanie kandydat\u00f3w do sakramentu bierzmowania.<\/li>\n<\/ol>\n<ol start=\"5\">\n<li>Za tydzie\u0144 tak\u017ce 13 listopada b\u0119dziemy obchodzi\u0107 VIII Dzie\u0144 Solidarno\u015bci z Ko\u015bcio\u0142em Prze\u015bladowanym dedykowany Ko\u015bcio\u0142owi w Iraku. Swoj\u0105 modlitw\u0105 i ofiarami b\u0119dziemy wspiera\u0107 \u017cyj\u0105cych w tym kraju naszych braci i siostry w wierze.<\/li>\n<\/ol>\n<ol start=\"6\">\n<li>W ramach przygotowa\u0144 do maj\u0105cego nast\u0105pi\u0107 za dwa tygodnie Jubileuszowego Aktu przyj\u0119cia Jezusa za Kr\u00f3la i Pana na zako\u0144czenie ka\u017cdej Mszy \u015bw. b\u0119dziemy odmawia\u0107 specjaln\u0105 modlitw\u0119. \u00a0Opr\u00f3cz tego b\u0119dziemy mogli zabra\u0107 do domu tekst tego Jubileuszowego Aktu, aby osobi\u015bcie pozna\u0107 jego tre\u015b\u0107.\u00a0 Wsp\u00f3lnie i uroczy\u015bcie we wszystkich ko\u015bcio\u0142ach w Polsce dokonamy tego aktu intronizacji w niedziel\u0119 Chrystusa Kr\u00f3la, czyli 20 listopada tego roku.<\/li>\n<\/ol>\n<ol start=\"7\">\n<li>Wszystkim za\u015b parafianom, dzia\u0142kowiczom i go\u015bciom \u017cyczymy dobrej niedzieli i udanego, b\u0142ogos\u0142awionego tygodnia.<\/li>\n<\/ol>\n<p><strong>Intencje mszalne w tym tygodniu<\/strong><\/p>\n<p><span style=\"color: #ff0000;\">Ndz 6. XI, 32 Niedziela zwyk\u0142a<br \/>\n<\/span>g. 9.00\u00a0\u00a0\u00a0 + Jadwigi So\u0142owiej w 2 r. \u015bm.<br \/>\ng. 11.00\u00a0\u00a0 \u00a0+ Paw\u0142a \u017bochowskiego<\/p>\n<p><span style=\"color: #ff0000;\">pn 7. XI<\/span><br \/>\ng. 18.00 wolna<\/p>\n<p><span style=\"color: #ff0000;\">wt 8. XI<\/span><br \/>\ng. 7.00 wolna<\/p>\n<p><span style=\"color: #ff0000;\">\u015br 9. XI<\/span><br \/>\ng. 18.00 wolna<\/p>\n<p><span style=\"color: #ff0000;\">czw 10. XI<\/span><br \/>\ng. 7.00 wolna<\/p>\n<p><span style=\"color: #ff0000;\">pt 11. XI, Narodowe \u015awi\u0119to Niepodleg\u0142o\u015bci<\/span><br \/>\ng. 18.00 W intencji Ojczyzny<\/p>\n<p><span style=\"color: #ff0000;\">sob 12. XI<\/span><br \/>\ng. 18.00 wolna<\/p>\n<p><span style=\"color: #ff0000;\">Ndz 13. XI, 33 Niedziela zwyk\u0142a<\/span><br \/>\ng. 9.00 \u00a0 \u00a0 + Leonarda D\u0105browskiego, Aleksandra i Walerii D\u0105browskich<br \/>\ng. 11.00\u00a0 \u00a0\u00a0+ Franciszka, Marianny D\u0105browskich, El\u017cbiety Gajewskiej<\/p>\n","protected":false},"excerpt":{"rendered":"<p>&nbsp; Powsta\u0142a w naszej parafii nowa R\u00f3\u017ca R\u00f3\u017ca\u0144cowa rodzic\u00f3w modl\u0105cych si\u0119 za swoje dzieci. Bardzo si\u0119 z tego cieszymy, gratulujemy im rodzicielskiej mi\u0142o\u015bci i \u017cyczymy obfitych owoc\u00f3w tej modlitwy. Uroczyste zawierzenie i b\u0142ogos\u0142awie\u0144stwo nowej R\u00f3\u017cy nast\u0105pi w momencie, gdy b\u0119dzie gotowy malowany specjalnie dla nas obraz Matki Bo\u017cej Nieustaj\u0105cej Pomocy. [&hellip;]<\/p>\n","protected":false},"author":1,"featured_media":0,"comment_status":"closed","ping_status":"open","sticky":false,"template":"","format":"standard","meta":[],"categories":[2],"tags":[],"_links":{"self":[{"href":"http:\/\/www.parafiakuligow.pl\/index.php\/wp-json\/wp\/v2\/posts\/506"}],"collection":[{"href":"http:\/\/www.parafiakuligow.pl\/index.php\/wp-json\/wp\/v2\/posts"}],"about":[{"href":"http:\/\/www.parafiakuligow.pl\/index.php\/wp-json\/wp\/v2\/types\/post"}],"author":[{"embeddable":true,"href":"http:\/\/www.parafiakuligow.pl\/index.php\/wp-json\/wp\/v2\/users\/1"}],"replies":[{"embeddable":true,"href":"http:\/\/www.parafiakuligow.pl\/index.php\/wp-json\/wp\/v2\/comments?post=506"}],"version-history":[{"count":2,"href":"http:\/\/www.parafiakuligow.pl\/index.php\/wp-json\/wp\/v2\/posts\/506\/revisions"}],"predecessor-version":[{"id":508,"href":"http:\/\/www.parafiakuligow.pl\/index.php\/wp-json\/wp\/v2\/posts\/506\/revisions\/508"}],"wp:attachment":[{"href":"http:\/\/www.parafiakuligow.pl\/index.php\/wp-json\/wp\/v2\/media?parent=506"}],"wp:term":[{"taxonomy":"category","embeddable":true,"href":"http:\/\/www.parafiakuligow.pl\/index.php\/wp-json\/wp\/v2\/categories?post=506"},{"taxonomy":"post_tag","embeddable":true,"href":"http:\/\/www.parafiakuligow.pl\/index.php\/wp-json\/wp\/v2\/tags?post=506"}],"curies":[{"name":"wp","href":"https:\/\/api.w.org\/{rel}","templated":true}]}}