{"id":495,"date":"2016-10-22T10:32:30","date_gmt":"2016-10-22T08:32:30","guid":{"rendered":"http:\/\/www.parafiakuligow.pl\/?p=495"},"modified":"2016-10-22T10:37:04","modified_gmt":"2016-10-22T08:37:04","slug":"23-pazdziernika-2016-roku-30-niedziela-zwykla","status":"publish","type":"post","link":"http:\/\/www.parafiakuligow.pl\/index.php\/2016\/10\/22\/23-pazdziernika-2016-roku-30-niedziela-zwykla\/","title":{"rendered":"23 pa\u017adziernika 2016 roku, 30 niedziela zwyk\u0142a"},"content":{"rendered":"<ol>\n<li>W najbli\u017cszym czasie sakramentalny zwi\u0105zek ma\u0142\u017ce\u0144ski maj\u0105 zamiar zawrze\u0107 nast\u0119puj\u0105ce osoby: Piotr Pawe\u0142 Stryjczak, kawaler z parafii Podwy\u017cszenia Krzy\u017ca w D\u0105br\u00f3wce i Magdalena Py\u015bkiewicz panna z parafii tutejszej \u2013 zapowied\u017a II. Polecamy tych narzeczonych modlitwie parafian. Gdyby kto\u015b zna\u0142 przeszkody mi\u0119dzy tymi osobami zobowi\u0105zany jest w sumieniu o poinformowanie kancelarii parafialnej.<\/li>\n<li>Dzisiaj obchodzimy \u015awiatowy Dzie\u0144 Misyjny. Do\u0142\u0105czmy do naszych pacierzy tak\u017ce modlitw\u0119 w tej intencji, bo na mocy sakramentu chrztu i bierzmowania misjonarzami jeste\u015bmy wszyscy. Ofiary sk\u0142adane dzi\u015b na tac\u0119 b\u0119d\u0105 przeznaczone na misje.<\/li>\n<li>W pi\u0105tek 28 pa\u017adziernika liturgiczne \u015awi\u0119to \u015bw. Aposto\u0142\u00f3w Szymona i Judy Tadeusza.<\/li>\n<li>W przysz\u0142\u0105 niedziel\u0119 30. X na zako\u0144czenie tygodnia misyjnego b\u0119dziemy go\u015bcili w Kuligowie animator\u00f3w R\u00f3\u017ca\u0144ca Rodzic\u00f3w z par. \u015bw. Jana Kantego z Legionowa. Na Mszach \u015bw. o godz. 9.00 i 11.00 nasi go\u015bcie b\u0119d\u0105 dawa\u0107 \u015bwiadectwo o mocy modlitwy r\u00f3\u017ca\u0144cowej w \u017cyciu ich rodzin. B\u0119dzie mo\u017cliwo\u015b\u0107 zapisania si\u0119 do r\u00f3\u017c r\u00f3\u017ca\u0144cowych rodzic\u00f3w, m\u0142odzie\u017cy oraz dzieci.<\/li>\n<li>Przyjmujemy ju\u017c na wypominki na kolejny rok. Wypominki roczne obejmuj\u0105 modlitw\u0119 za zmar\u0142ych w ka\u017cd\u0105 niedziel\u0119 przed godz. 11.00 oraz Msz\u0119 \u015bw. odprawian\u0105 przez ca\u0142y rok w ka\u017cd\u0105 I \u015brod\u0119 miesi\u0105ca. Wypominki jednorazowe s\u0105 modlitw\u0105 w Uroczysto\u015b\u0107 Wszystkich \u015awi\u0119tych 1 XI w czasie procesji na cmentarzu w Za\u0142ubicach i w dzie\u0144 zaduszny 2 XI podczas Mszy \u015bw. w Kuligowie. Prosz\u0105c o modlitw\u0119 za zmar\u0142ych sk\u0142adamy dobrowolne ofiary. Wypisuj\u0105c imiona i nazwiska bliskich mo\u017cemy wykorzysta\u0107 kartki wy\u0142o\u017cone z ty\u0142u ko\u015bcio\u0142a.<\/li>\n<li>Solenizantkom i solenizantom tego tygodnia \u017cyczymy opieki \u015bwi\u0119tych patron\u00f3w, Bo\u017cego b\u0142ogos\u0142awie\u0144stwa, zdrowia i mi\u0142o\u015bci od bliskich.\u00a0 Wszystkim za\u015b parafianom, dzia\u0142kowiczom i go\u015bciom dobrej niedzieli i b\u0142ogos\u0142awionego tygodnia.<\/li>\n<\/ol>\n<p><strong>Intencje mszalne w tym tygodniu<\/strong><\/p>\n<p><span style=\"color: #ff0000;\">Ndz 23. X, 30 Niedziela zwyk\u0142a, Dzie\u0144 Misyjny<br \/>\n<\/span>g. 9.00 \u00a0 Intencja dzi\u0119kczynna za 5 lat ma\u0142\u017ce\u0144stwa Beaty i Adama<br \/>\nW\u0142odarczyk z pro\u015bb\u0105 o zdrowie i dalsze b\u0142ogos\u0142awie\u0144stwo dla ma\u0142\u017conk\u00f3w<br \/>\ni c\u00f3rki Izabeli<br \/>\ng.\u00a011.00 + Stefana Stadnickiego<\/p>\n<p><span style=\"color: #ff0000;\">pn 24. X<\/span><br \/>\ng. 18.00\u00a0 + Wandy Muzyka \u2013 gregoria\u0144ska 24<\/p>\n<p><span style=\"color: #ff0000;\">wt 25. X<\/span><br \/>\ng. \u00a0\u00a07.00\u00a0 + Wandy Muzyka \u2013 gregoria\u0144ska 25<\/p>\n<p><span style=\"color: #ff0000;\">\u015br 26. X<\/span><br \/>\ng. 18.00\u00a0 + Wandy Muzyka \u2013 gregoria\u0144ska 26<\/p>\n<p><span style=\"color: #ff0000;\">czw 27. X<\/span><br \/>\ng.\u00a0 \u00a07.00 \u00a0+ Wandy Muzyka \u2013 gregoria\u0144ska 27<\/p>\n<p><span style=\"color: #ff0000;\">pt 28. X,\u00a0\u015awi\u0119to \u015bw. Aposto\u0142\u00f3w Szymona i Judy Tadeusza<\/span><br \/>\ng. 18.00 \u00a0+ Henryka D\u0105browskiego w 6 r. \u015bm.<\/p>\n<p><span style=\"color: #ff0000;\">sob 29. X<\/span><br \/>\ng. 18.00\u00a0 +\u00a0 Antoniny Mianowskiej w 1 r. \u015bm.<\/p>\n<p><span style=\"color: #ff0000;\">Ndz 30. X, 31 Niedziela zwyk\u0142a<\/span><br \/>\ng. \u00a09.00\u00a0 \u00a0\u00a0+ Wandy Muzyka \u2013 gregoria\u0144ska<br \/>\ng. 11.00\u00a0 \u00a0\u00a0Intencja dzi\u0119kczynno-b\u0142agalna dla cz\u0142onk\u00f3w K\u00f3\u0142ka R\u00f3\u017ca\u0144cowego<br \/>\nz Kuligo \u00a0\u00a0\/ podczas Mszy \u015bw. Chrzest Kamila Putkowskiego \/<\/p>\n","protected":false},"excerpt":{"rendered":"<p>W najbli\u017cszym czasie sakramentalny zwi\u0105zek ma\u0142\u017ce\u0144ski maj\u0105 zamiar zawrze\u0107 nast\u0119puj\u0105ce osoby: Piotr Pawe\u0142 Stryjczak, kawaler z parafii Podwy\u017cszenia Krzy\u017ca w D\u0105br\u00f3wce i Magdalena Py\u015bkiewicz panna z parafii tutejszej \u2013 zapowied\u017a II. Polecamy tych narzeczonych modlitwie parafian. Gdyby kto\u015b zna\u0142 przeszkody mi\u0119dzy tymi osobami zobowi\u0105zany jest w sumieniu o poinformowanie kancelarii [&hellip;]<\/p>\n","protected":false},"author":1,"featured_media":0,"comment_status":"closed","ping_status":"open","sticky":false,"template":"","format":"standard","meta":[],"categories":[2],"tags":[],"_links":{"self":[{"href":"http:\/\/www.parafiakuligow.pl\/index.php\/wp-json\/wp\/v2\/posts\/495"}],"collection":[{"href":"http:\/\/www.parafiakuligow.pl\/index.php\/wp-json\/wp\/v2\/posts"}],"about":[{"href":"http:\/\/www.parafiakuligow.pl\/index.php\/wp-json\/wp\/v2\/types\/post"}],"author":[{"embeddable":true,"href":"http:\/\/www.parafiakuligow.pl\/index.php\/wp-json\/wp\/v2\/users\/1"}],"replies":[{"embeddable":true,"href":"http:\/\/www.parafiakuligow.pl\/index.php\/wp-json\/wp\/v2\/comments?post=495"}],"version-history":[{"count":4,"href":"http:\/\/www.parafiakuligow.pl\/index.php\/wp-json\/wp\/v2\/posts\/495\/revisions"}],"predecessor-version":[{"id":499,"href":"http:\/\/www.parafiakuligow.pl\/index.php\/wp-json\/wp\/v2\/posts\/495\/revisions\/499"}],"wp:attachment":[{"href":"http:\/\/www.parafiakuligow.pl\/index.php\/wp-json\/wp\/v2\/media?parent=495"}],"wp:term":[{"taxonomy":"category","embeddable":true,"href":"http:\/\/www.parafiakuligow.pl\/index.php\/wp-json\/wp\/v2\/categories?post=495"},{"taxonomy":"post_tag","embeddable":true,"href":"http:\/\/www.parafiakuligow.pl\/index.php\/wp-json\/wp\/v2\/tags?post=495"}],"curies":[{"name":"wp","href":"https:\/\/api.w.org\/{rel}","templated":true}]}}