{"id":491,"date":"2016-10-15T12:41:28","date_gmt":"2016-10-15T10:41:28","guid":{"rendered":"http:\/\/www.parafiakuligow.pl\/?p=491"},"modified":"2016-10-15T12:41:28","modified_gmt":"2016-10-15T10:41:28","slug":"modlitwa-do-jezusa-naszego-krola-i-pana","status":"publish","type":"post","link":"http:\/\/www.parafiakuligow.pl\/index.php\/2016\/10\/15\/modlitwa-do-jezusa-naszego-krola-i-pana\/","title":{"rendered":"Modlitwa do Jezusa naszego Kr\u00f3la i Pana"},"content":{"rendered":"<p>&nbsp;<\/p>\n<p style=\"text-align: justify;\">Jezu Chryste, Kr\u00f3lu Wszech\u015bwiata, Panie nasz i\u00a0Bo\u017ce,<br \/>\nOdkupicielu rodzaju ludzkiego, nasz Zbawicielu!<br \/>\nTy, kt\u00f3ry m\u00f3wi\u0142e\u015b, \u017ce Kr\u00f3lestwo Twoje nie jest z\u00a0tego \u015bwiata,<br \/>\nkt\u00f3ry wzywa\u0142e\u015b nas do szukania Kr\u00f3lestwa Bo\u017cego<br \/>\ni nauczy\u0142e\u015b nas prosi\u0107 w\u00a0modlitwie do Ojca: \u201eprzyjd\u017a Kr\u00f3lestwo Twoje\u201d,<br \/>\nwejrzyj na nas stoj\u0105cych przed Twoim Majestatem.<br \/>\nWywy\u017cszamy Ci\u0119, oddajemy Ci cze\u015b\u0107 i\u00a0uwielbienie.<br \/>\nPokornie poddajemy si\u0119 Twemu Panowaniu i\u00a0Twemu Prawu.<br \/>\n\u015awiadomi naszych win i\u00a0zniewag zadanych Twemu Sercu<br \/>\nprzepraszamy za wszelkie nasze grzechy i\u00a0zaniedbane dobro.<br \/>\nWyra\u017camy nasz\u0105 skruch\u0119 i\u00a0prosimy o\u00a0zmi\u0142owanie.<br \/>\nPrzyrzekamy zabiega\u0107 o\u00a0pomno\u017cenie Twojej Chwa\u0142y,<br \/>\ndzi\u0119kowa\u0107 za niesko\u0144czone Mi\u0142osierdzie, kt\u00f3re okazujesz z\u00a0pokolenia na pokolenie,<br \/>\nwierno\u015bci\u0105 i\u00a0pos\u0142usze\u0144stwem odpowiada\u0107 na Twoj\u0105 Mi\u0142o\u015b\u0107.<br \/>\nBoski Kr\u00f3lu naszych serc, niech Tw\u00f3j \u015awi\u0119ty Duch,<br \/>\nwspiera nas w\u00a0realizacji tych zobowi\u0105za\u0144, chroni od z\u0142a i\u00a0dokonuje naszego u\u015bwi\u0119cenia.<br \/>\nNiech pomaga nam porz\u0105dkowa\u0107 ca\u0142e nasze \u017cycie i\u00a0pos\u0142annictwo Ko\u015bcio\u0142a.<br \/>\nKr\u00f3luj nam Chryste! Kr\u00f3luj w\u00a0naszej Ojczy\u017anie, kr\u00f3luj w\u00a0ka\u017cdym narodzie,<br \/>\nna wi\u0119ksz\u0105 chwa\u0142\u0119 Przenaj\u015bwi\u0119tszej Tr\u00f3jcy i\u00a0dla zbawienia ludzi.<br \/>\nSpraw, aby nasze rodziny, wioski, miasta i\u00a0\u015bwiat ca\u0142y obj\u0119\u0142o Twe Kr\u00f3lestwo:<br \/>\nkr\u00f3lestwo prawdy i\u00a0\u017cycia, kr\u00f3lestwo \u015bwi\u0119to\u015bci i\u00a0\u0142aski,<br \/>\nkr\u00f3lestwo sprawiedliwo\u015bci, mi\u0142o\u015bci i\u00a0pokoju,<br \/>\nteraz i\u00a0na wieki wiek\u00f3w. Amen<\/p>\n","protected":false},"excerpt":{"rendered":"<p>&nbsp; Jezu Chryste, Kr\u00f3lu Wszech\u015bwiata, Panie nasz i\u00a0Bo\u017ce, Odkupicielu rodzaju ludzkiego, nasz Zbawicielu! Ty, kt\u00f3ry m\u00f3wi\u0142e\u015b, \u017ce Kr\u00f3lestwo Twoje nie jest z\u00a0tego \u015bwiata, kt\u00f3ry wzywa\u0142e\u015b nas do szukania Kr\u00f3lestwa Bo\u017cego i nauczy\u0142e\u015b nas prosi\u0107 w\u00a0modlitwie do Ojca: \u201eprzyjd\u017a Kr\u00f3lestwo Twoje\u201d, wejrzyj na nas stoj\u0105cych przed Twoim Majestatem. Wywy\u017cszamy Ci\u0119, oddajemy [&hellip;]<\/p>\n","protected":false},"author":1,"featured_media":0,"comment_status":"closed","ping_status":"open","sticky":false,"template":"","format":"standard","meta":[],"categories":[2],"tags":[],"_links":{"self":[{"href":"http:\/\/www.parafiakuligow.pl\/index.php\/wp-json\/wp\/v2\/posts\/491"}],"collection":[{"href":"http:\/\/www.parafiakuligow.pl\/index.php\/wp-json\/wp\/v2\/posts"}],"about":[{"href":"http:\/\/www.parafiakuligow.pl\/index.php\/wp-json\/wp\/v2\/types\/post"}],"author":[{"embeddable":true,"href":"http:\/\/www.parafiakuligow.pl\/index.php\/wp-json\/wp\/v2\/users\/1"}],"replies":[{"embeddable":true,"href":"http:\/\/www.parafiakuligow.pl\/index.php\/wp-json\/wp\/v2\/comments?post=491"}],"version-history":[{"count":1,"href":"http:\/\/www.parafiakuligow.pl\/index.php\/wp-json\/wp\/v2\/posts\/491\/revisions"}],"predecessor-version":[{"id":492,"href":"http:\/\/www.parafiakuligow.pl\/index.php\/wp-json\/wp\/v2\/posts\/491\/revisions\/492"}],"wp:attachment":[{"href":"http:\/\/www.parafiakuligow.pl\/index.php\/wp-json\/wp\/v2\/media?parent=491"}],"wp:term":[{"taxonomy":"category","embeddable":true,"href":"http:\/\/www.parafiakuligow.pl\/index.php\/wp-json\/wp\/v2\/categories?post=491"},{"taxonomy":"post_tag","embeddable":true,"href":"http:\/\/www.parafiakuligow.pl\/index.php\/wp-json\/wp\/v2\/tags?post=491"}],"curies":[{"name":"wp","href":"https:\/\/api.w.org\/{rel}","templated":true}]}}