{"id":457,"date":"2016-09-04T09:26:33","date_gmt":"2016-09-04T07:26:33","guid":{"rendered":"http:\/\/www.parafiakuligow.pl\/?p=457"},"modified":"2016-09-04T09:28:19","modified_gmt":"2016-09-04T07:28:19","slug":"4-wrzesnia-2016-roku-23-niedziela-zwykla","status":"publish","type":"post","link":"http:\/\/www.parafiakuligow.pl\/index.php\/2016\/09\/04\/4-wrzesnia-2016-roku-23-niedziela-zwykla\/","title":{"rendered":"4 wrze\u015bnia 2016 roku, 23  Niedziela zwyk\u0142a"},"content":{"rendered":"<ol>\n<li>Dzisiaj w Rzymie uroczysto\u015b\u0107 kanonizacji b\u0142. Matki Teresy z Kalkuty. To wielka \u015bwi\u0119ta naszych czas\u00f3w, kt\u00f3ra mi\u0142osierdzie wynikaj\u0105ce z mi\u0142o\u015bci do Chrystusa umia\u0142a ukazywa\u0107 najbardziej potrzebuj\u0105cym. Warto uczy\u0107 si\u0119 od niej cz\u0142owiecze\u0144stwa<br \/>\ni wiary.<\/li>\n<li>W Dzisiaj z racji I niedzieli miesi\u0105ca po Mszy \u015bw. o godz. 11.00 wystawienie Naj\u015bwi\u0119tszego Sakramentu i Adoracja Eucharystyczna.<\/li>\n<li>Po Mszy o godz. 11.00 i po Adoracji Eucharystycznej kr\u00f3tkie spotkanie Rady Parafialnej na plebanii. Wszystkich cz\u0142onk\u00f3w Rady Parafialnej serdecznie zapraszam.<\/li>\n<li>Po\u015bwi\u0119cenie przybor\u00f3w szkolnych w zwi\u0105zku z nowym rokiem szkolnym za tydzie\u0144<br \/>\n11 wrze\u015bnia na Mszy \u015bw. o godz. 11.00. Zapraszam wszystkich uczni\u00f3w i uczennice<br \/>\nz Kuligowa, a szczeg\u00f3lnie tych kt\u00f3rzy rozpoczynaj\u0105 swoj\u0105 przygod\u0119 szkoln\u0105.<\/li>\n<li>Parafia Mi\u0142osierdzia Bo\u017cego w J\u00f3zefowie organizuje piesz\u0105 pielgrzymk\u0119 do Sanktuarium Maryjnego w Loretto. Wymarsz w nocy z 10 na 11 wrze\u015bnia, a powr\u00f3t autokarem. Koszt pielgrzymki 15 z\u0142. Zapisy w ko\u015bciele w J\u00f3zefowie po ka\u017cdej niedzielnej Mszy \u015bw. Dodatkowe informacje przy zapisie. W imieniu organizator\u00f3w ch\u0119tnych na takie pielgrzymowanie do Matki Bo\u017cej Loreta\u0144skiej serdecznie zapraszamy.<\/li>\n<li>Panu Kazimierzowi Ole\u015bkiewiczowi bardzo dzi\u0119kuj\u0119 za uzupe\u0142nienie brakuj\u0105cych element\u00f3w w podbitce dachowej. Rozpocz\u0119te malowanie ca\u0142ej podbitki zostanie zako\u0144czone w przysz\u0142ym tygodniu.<\/li>\n<li>Dzisiaj w naszej diecezji po Mszach \u015bw. zbi\u00f3rka do puszek na Katolicki O\u015brodek Adopcyjny.<\/li>\n<li>Za dwa tygodnie przyb\u0119dzie z wizyt\u0105 do naszej parafii Bp Marek Solarczyk pomocniczy biskup Diecezji Warszawsko-Praskiej. B\u0119dzie modli\u0142 si\u0119 z nami w sobot\u0119 17 wrze\u015bnia na Mszy \u015bw. o godz. 19.00 i w niedziel\u0119 18 wrze\u015bnia na Mszy \u015bw. o godz. 9.00. Na sobotnie spotkanie ks. biskup serdecznie zaprasza szczeg\u00f3lnie rodziny<br \/>\nz dzie\u0107mi. Po Mszy \u015bw. w sobot\u0119 wszystkie dzieci otrzymaj\u0105 specjalne, indywidualne b\u0142ogos\u0142awie\u0144stwo. Msza w niedziel\u0119 o 9.00 b\u0119dzie spotkaniem ze starszymi parafianami, na kt\u00f3re ju\u017c dzisiaj wszystkich zapraszamy, a szczeg\u00f3lnie nasze k\u00f3\u0142ko r\u00f3\u017ca\u0144cowe. \u00a0 Wszystkim naszym go\u015bciom odpoczywaj\u0105cym w Kuligowie, dzia\u0142kowiczom i parafianom, \u017cyczymy \u00a0mi\u0142ej niedzieli oraz dobrego i b\u0142ogos\u0142awionego tygodnia.<\/li>\n<\/ol>\n<p><strong>Intencje mszalne w tym tygodniu<\/strong><\/p>\n<p><span style=\"color: #ff0000;\">Ndz\u00a0 4. IX, \u00a0 23 Niedziela zwyk\u0142a<br \/>\n<\/span><span style=\"color: #000000;\">g. 9.00\u00a0\u00a0\u00a0 + Stefana i Stefanii Za\u0142\u0119skich<br \/>\n<\/span><span style=\"color: #000000;\">g. 11.00 \u00a0 rez. p. M\u0142oduchowska<br \/>\n<\/span><span style=\"color: #000000;\">g. 15.00 \u00a0+ Stanis\u0142awa Jusi\u0144skiego<\/span><\/p>\n<p><span style=\"color: #ff0000;\">Pn\u00a0\u00a0\u00a0\u00a0\u00a0 \u00a0\u00a05. IX\u00a0<\/span><br \/>\ng. 19.00\u00a0 + Stanis\u0142awa Jakubowskiego<\/p>\n<p><span style=\"color: #ff0000;\">wt\u00a0\u00a0\u00a0\u00a0 \u00a0 \u00a0\u00a06. IX \u00a0 \u00a0<\/span><br \/>\ng.\u00a0\u00a0 7.00\u00a0 + Piotra Wasilewskiego w 15 r. \u015bm., Janiny Wasilewskiej, zm. z rodz. Wasilewskich i Rybak\u00f3w<\/p>\n<p><span style=\"color: #ff0000;\">\u015br\u00a0\u00a0\u00a0\u00a0\u00a0 \u00a0 \u00a0\u00a07. IX\u00a0\u00a0\u00a0\u00a0<\/span><br \/>\ng. 19.00\u00a0 + za wszystkich zm. poleconych w wypominkach \/z racji I \u015brody miesi\u0105ca \/<\/p>\n<p><span style=\"color: #ff0000;\">czw\u00a0 \u00a0 \u00a0\u00a0\u00a08. IX, \u00a0 \u00a0\u015awi\u0119to Narodzenia Naj\u015bwi\u0119tszej Maryi Panny<\/span><br \/>\ng. 7.00 \u00a0wolna<\/p>\n<p><span style=\"color: #ff0000;\">pt \u00a0 \u00a0 \u00a0 \u00a0 \u00a0 9. IX\u00a0<\/span><br \/>\ng. 19.00\u00a0 wolna<\/p>\n<p><span style=\"color: #ff0000;\">sob\u00a0\u00a0 \u00a0\u00a0\u00a0\u00a0 10. IX\u00a0<\/span><br \/>\ng. 19.00\u00a0 rez. p. M. Za\u0142\u0119ska<\/p>\n<p><span style=\"color: #ff0000;\">Ndz\u00a0 \u00a0\u00a0 \u00a0\u00a011. IX, \u00a0 24 Niedziela zwyk\u0142a\u00a0<\/span><br \/>\ng. 9.00\u00a0 \u00a0\u00a0+ Heleny Podg\u00f3rskiej<br \/>\ng. 11.00\u00a0 \u00a0+ Bronis\u0142awy i Eugeniusza Lidtke oraz Zofii i J\u00f3zefa Soba\u0144skich<br \/>\ng. 15.00 \u00a0rez. p. Ga\u0142ecka<\/p>\n","protected":false},"excerpt":{"rendered":"<p>Dzisiaj w Rzymie uroczysto\u015b\u0107 kanonizacji b\u0142. Matki Teresy z Kalkuty. To wielka \u015bwi\u0119ta naszych czas\u00f3w, kt\u00f3ra mi\u0142osierdzie wynikaj\u0105ce z mi\u0142o\u015bci do Chrystusa umia\u0142a ukazywa\u0107 najbardziej potrzebuj\u0105cym. Warto uczy\u0107 si\u0119 od niej cz\u0142owiecze\u0144stwa i wiary. W Dzisiaj z racji I niedzieli miesi\u0105ca po Mszy \u015bw. o godz. 11.00 wystawienie Naj\u015bwi\u0119tszego Sakramentu [&hellip;]<\/p>\n","protected":false},"author":1,"featured_media":0,"comment_status":"closed","ping_status":"open","sticky":false,"template":"","format":"standard","meta":[],"categories":[2],"tags":[],"_links":{"self":[{"href":"http:\/\/www.parafiakuligow.pl\/index.php\/wp-json\/wp\/v2\/posts\/457"}],"collection":[{"href":"http:\/\/www.parafiakuligow.pl\/index.php\/wp-json\/wp\/v2\/posts"}],"about":[{"href":"http:\/\/www.parafiakuligow.pl\/index.php\/wp-json\/wp\/v2\/types\/post"}],"author":[{"embeddable":true,"href":"http:\/\/www.parafiakuligow.pl\/index.php\/wp-json\/wp\/v2\/users\/1"}],"replies":[{"embeddable":true,"href":"http:\/\/www.parafiakuligow.pl\/index.php\/wp-json\/wp\/v2\/comments?post=457"}],"version-history":[{"count":4,"href":"http:\/\/www.parafiakuligow.pl\/index.php\/wp-json\/wp\/v2\/posts\/457\/revisions"}],"predecessor-version":[{"id":461,"href":"http:\/\/www.parafiakuligow.pl\/index.php\/wp-json\/wp\/v2\/posts\/457\/revisions\/461"}],"wp:attachment":[{"href":"http:\/\/www.parafiakuligow.pl\/index.php\/wp-json\/wp\/v2\/media?parent=457"}],"wp:term":[{"taxonomy":"category","embeddable":true,"href":"http:\/\/www.parafiakuligow.pl\/index.php\/wp-json\/wp\/v2\/categories?post=457"},{"taxonomy":"post_tag","embeddable":true,"href":"http:\/\/www.parafiakuligow.pl\/index.php\/wp-json\/wp\/v2\/tags?post=457"}],"curies":[{"name":"wp","href":"https:\/\/api.w.org\/{rel}","templated":true}]}}