{"id":430,"date":"2016-08-06T18:01:07","date_gmt":"2016-08-06T16:01:07","guid":{"rendered":"http:\/\/www.parafiakuligow.pl\/?p=430"},"modified":"2016-08-06T18:04:22","modified_gmt":"2016-08-06T16:04:22","slug":"430","status":"publish","type":"post","link":"http:\/\/www.parafiakuligow.pl\/index.php\/2016\/08\/06\/430\/","title":{"rendered":"7 sierpnia 2016 roku, 19 Niedziela zwyk\u0142a"},"content":{"rendered":"<ol>\n<li>Dzi\u015b o godz. 13.00 w remizie stra\u017cackiej odb\u0119dzie si\u0119 zebranie wiejskie wsi Kulig\u00f3w<br \/>\nz udzia\u0142em w\u00f3jta naszej gminy.<\/li>\n<\/ol>\n<ol start=\"2\">\n<li>Zbli\u017ca si\u0119 Uroczysto\u015b\u0107 Odpustu i pierwsza rocznica konsekracji naszego ko\u015bcio\u0142a. B\u0119dziemy j\u0105 prze\u017cywa\u0107 za dwa tygodnie, w niedziel\u0119 21 sierpnia o godz. 11.00. Sum\u0119 odpustow\u0105 odprawi i kazanie wyg\u0142osi Zenobiusz Mosakowski z Rybienka. Po Mszy \u015bw. procesja. Do orszaku procesyjnego serdecznie zapraszam dzieci, m\u0142odzie\u017c, doros\u0142ych parafian i wszystkich naszych go\u015bci.<\/li>\n<\/ol>\n<ol start=\"3\">\n<li>W\u00f3jt gminy D\u0105br\u00f3wka Rados\u0142aw Korzeniewski zaprasza mieszka\u0144c\u00f3w na imprez\u0119 plenerow\u0105 \u201e Huzarzy w Kuligowie. Policjanci w obronie Ojczyzny w sierpniu 1920 r.\u201d, kt\u00f3ra odb\u0119dzie si\u0119 20.08.2016 r. To wydarzenie rozpocznie w naszym ko\u015bciele o godz. 15.00 Msz\u0105 \u015bw. w intencji Ojczyzny i jej obro\u0144c\u00f3w. Szczeg\u00f3\u0142owy program znajdziemy w gablocie i na tablicy.<\/li>\n<\/ol>\n<ol start=\"4\">\n<li>Nasza doroczna, dzi\u0119kczynna procesja do krzy\u017cy odb\u0119dzie si\u0119 w ostatni\u0105 sobot\u0119 wakacji tzn. 27 sierpnia. Pocz\u0105tek o godz. 17.00. Zapraszamy.<\/li>\n<\/ol>\n<ol start=\"5\">\n<li>Gdyby kto\u015b z naszych dzia\u0142kowicz\u00f3w chcia\u0142 zyska\u0107 Bo\u017ce b\u0142ogos\u0142awie\u0144stwo dla domu<br \/>\ni rodziny w ramach tzw. letniej kol\u0119dy prosz\u0119 o sygna\u0142 w tej sprawie. Mo\u017cliwo\u015b\u0107 takiego spotkania b\u0119dzie jeszcze przez ca\u0142y sierpie\u0144.<\/li>\n<\/ol>\n<ol start=\"6\">\n<li>W przysz\u0142\u0105 niedziel\u0119 ofiary sk\u0142adane na tac\u0119 b\u0119d\u0105 przeznaczone na dom \u015awi\u0119tej Siostry Faustyny.<\/li>\n<\/ol>\n<ol start=\"7\">\n<li>Wszystkim naszym go\u015bciom odpoczywaj\u0105cym w Kuligowie, dzia\u0142kowiczom i parafianom, \u017cyczymy mi\u0142ej niedzieli oraz dobrego i b\u0142ogos\u0142awionego tygodnia.<\/li>\n<\/ol>\n<p><strong>Intencje mszalne w tym tygodniu:<\/strong><\/p>\n<p><span style=\"color: #ff0000;\">Ndz\u00a0 \u00a0 7.VIII, \u00a019 Niedziela zwyk\u0142a<br \/>\n<\/span>g. 9.00\u00a0\u00a0 + Jana Rusowicza \u2013 gregoria\u0144ska 7<br \/>\ng. 11.00 rez. p. Bartoszuk<br \/>\ng. 15.00 \u00a0+ Janiny i Kazimierza Ma\u0144k, Aleksandra, J\u00f3zefy i Tadeusza\u00a0\u00a0\u00a0\u00a0\u00a0\u00a0\u00a0\u00a0\u00a0 \u00a0\u00a0\u00a0\u00a0\u00a0\u00a0\u00a0\u00a0 \u00a0\u00a0\u00a0\u00a0\u00a0 Wi\u0119cek<\/p>\n<p><span style=\"color: #ff0000;\">pn\u00a0\u00a0\u00a0\u00a0 \u00a0 8.VIII<\/span><br \/>\ng. 19.00\u00a0 + Jana Rusowicza \u2013 gregoria\u0144ska 8<\/p>\n<p><span style=\"color: #ff0000;\">wt\u00a0\u00a0\u00a0\u00a0 \u00a0 9.VIII<br \/>\n<\/span>g. 7.00\u00a0 + Jana Rusowicza \u2013 gregoria\u0144ska 9<\/p>\n<p><span style=\"color: #ff0000;\">\u015br\u00a0\u00a0\u00a0\u00a0\u00a0 \u00a0 10.VIII<br \/>\n<\/span>g. 19.00\u00a0 + Jana Rusowicza \u2013 gregoria\u0144ska 10<\/p>\n<p><span style=\"color: #ff0000;\">czw\u00a0\u00a0 \u00a0 11.VIII<br \/>\n<\/span>g. 7.00 \u00a0+ Jana Rusowicza \u2013 gregoria\u0144ska 11<\/p>\n<p><span style=\"color: #ff0000;\">pt \u00a0 \u00a0 \u00a0 \u00a012.VIII<\/span><br \/>\ng. 19.00\u00a0 + Jana Rusowicza \u2013 gregoria\u0144ska 12<\/p>\n<p><span style=\"color: #ff0000;\">sob\u00a0\u00a0 \u00a0\u00a0 13.VIII<\/span><br \/>\ng. 17.30 + Aliny i Juliana G\u0105tarek<br \/>\ng. 18.00 + Jana Madejaka w 50 r. \u015bm., Janiny Madejak w 35 r. \u015bm., J\u00f3zefa Rogali<br \/>\nw 39\u00a0r. \u015bm., Henryka Mioduszewskiego w\u00a0 13 r. \u015bm. \u2013 aby B\u00f3g utorowa\u0142 \u00a0 \u00a0 \u00a0 \u00a0 \u00a0 \u00a0 \u00a0 \u00a0 \u00a0 \u00a0 \u00a0 \u00a0 \u00a0 im drog\u0119 do nieba prosi c\u00f3rka, \u017cona oraz wnuczki<br \/>\ng. 19.00 + Jana Rusowicza \u2013 gregoria\u0144ska 13<\/p>\n<p><span style=\"color: #ff0000;\">Ndz\u00a0 \u00a0\u00a0 \u00a014.VIII, \u00a020 Niedziela zwyk\u0142a<\/span><br \/>\ng. 9.00\u00a0 \u00a0\u00a0+ Marianny Jaworskiej<br \/>\ng. 11.00\u00a0 \u00a0+ Adama Wieteska<br \/>\ng. 12.30 \u00a0+ Jana Rusowicza \u2013 gregoria\u0144ska 14 \/dodatkowa\/<br \/>\ng. 15.00\u00a0 \u00a0+ Stanis\u0142awy i Romana Bieleckich<\/p>\n","protected":false},"excerpt":{"rendered":"<p>Dzi\u015b o godz. 13.00 w remizie stra\u017cackiej odb\u0119dzie si\u0119 zebranie wiejskie wsi Kulig\u00f3w z udzia\u0142em w\u00f3jta naszej gminy. Zbli\u017ca si\u0119 Uroczysto\u015b\u0107 Odpustu i pierwsza rocznica konsekracji naszego ko\u015bcio\u0142a. B\u0119dziemy j\u0105 prze\u017cywa\u0107 za dwa tygodnie, w niedziel\u0119 21 sierpnia o godz. 11.00. Sum\u0119 odpustow\u0105 odprawi i kazanie wyg\u0142osi Zenobiusz Mosakowski z [&hellip;]<\/p>\n","protected":false},"author":1,"featured_media":0,"comment_status":"closed","ping_status":"open","sticky":false,"template":"","format":"standard","meta":[],"categories":[2],"tags":[],"_links":{"self":[{"href":"http:\/\/www.parafiakuligow.pl\/index.php\/wp-json\/wp\/v2\/posts\/430"}],"collection":[{"href":"http:\/\/www.parafiakuligow.pl\/index.php\/wp-json\/wp\/v2\/posts"}],"about":[{"href":"http:\/\/www.parafiakuligow.pl\/index.php\/wp-json\/wp\/v2\/types\/post"}],"author":[{"embeddable":true,"href":"http:\/\/www.parafiakuligow.pl\/index.php\/wp-json\/wp\/v2\/users\/1"}],"replies":[{"embeddable":true,"href":"http:\/\/www.parafiakuligow.pl\/index.php\/wp-json\/wp\/v2\/comments?post=430"}],"version-history":[{"count":5,"href":"http:\/\/www.parafiakuligow.pl\/index.php\/wp-json\/wp\/v2\/posts\/430\/revisions"}],"predecessor-version":[{"id":435,"href":"http:\/\/www.parafiakuligow.pl\/index.php\/wp-json\/wp\/v2\/posts\/430\/revisions\/435"}],"wp:attachment":[{"href":"http:\/\/www.parafiakuligow.pl\/index.php\/wp-json\/wp\/v2\/media?parent=430"}],"wp:term":[{"taxonomy":"category","embeddable":true,"href":"http:\/\/www.parafiakuligow.pl\/index.php\/wp-json\/wp\/v2\/categories?post=430"},{"taxonomy":"post_tag","embeddable":true,"href":"http:\/\/www.parafiakuligow.pl\/index.php\/wp-json\/wp\/v2\/tags?post=430"}],"curies":[{"name":"wp","href":"https:\/\/api.w.org\/{rel}","templated":true}]}}