{"id":418,"date":"2016-07-15T13:06:51","date_gmt":"2016-07-15T11:06:51","guid":{"rendered":"http:\/\/www.parafiakuligow.pl\/?p=418"},"modified":"2016-07-15T13:07:57","modified_gmt":"2016-07-15T11:07:57","slug":"17-lipca-2016-xvi-niedziela-zwykla","status":"publish","type":"post","link":"http:\/\/www.parafiakuligow.pl\/index.php\/2016\/07\/15\/17-lipca-2016-xvi-niedziela-zwykla\/","title":{"rendered":"17 lipca 2016  XVI niedziela zwyk\u0142a"},"content":{"rendered":"<p>1. Centrum My\u015bli Jana Paw\u0142a II zaprasza do Miejskiej Strefy Kultury w Warszawie na Krakowskim Przedmie\u015bciu. Od 20 do 24 lipca odbywa\u0107 si\u0119 tam b\u0119d\u0105 koncerty, warsztaty, atrakcje sportowe i turystyczne.\u00a0Strefa otwarta jest w godzinach 10.00 \u2013 22.00.<br \/>\nW czwartek, 21 lipca\u00a0 na pl. Pi\u0142sudskiego o godz. 19.30 rozpocznie si\u0119 koncert z udzia\u0142em gwiazd polskiej sceny muzycznej, a tak\u017ce orkiestry i ch\u00f3ru pod batut\u0105 Piotra Rubika. Wst\u0119p na wszystkie wydarzenia jest bezp\u0142atny.\u00a0Szczeg\u00f3\u0142y na stronie internetowej <a href=\"http:\/\/www.CentrumJP2.pl\">www.CentrumJP2.pl<\/a>.<\/p>\n<p>2. W sobot\u0119 23 lipca na terenie Seminarium Duchownego na warszawskim Tarchominie odb\u0119dzie s\u0119 w ramach Dni w Diecezjach Centralne Wydarzenie w naszej diecezji poprzedzaj\u0105ce \u015awiatowe Dni M\u0142odzie\u017cy w Krakowie. Ma ono tytu\u0142 Przedsmak Krakowa w Warszawie &#8211; Festiwal Narod\u00f3w. Bli\u017csze informacje znajdziemy na ulotkach, a bezp\u0142atne bilety wstepu na to spotkanie mo\u017cna otrzyma\u0107<br \/>\nw zakrystii. W imieniu organizator\u00f3w serdecznie zapraszamy szczeg\u00f3lnie m\u0142odzie\u017c, oraz osoby ciekawe Ko\u015bcio\u0142a i \u015bwiata.<\/p>\n<p>3. Gdyby kto\u015b z naszych dzia\u0142kowicz\u00f3w czy wakacyjnych parafian chcia\u0142 zyska\u0107 Bo\u017ce b\u0142ogos\u0142awie\u0144stwo dla domu i rodziny lub zwyczajnie spotka\u0107 si\u0119 z ksi\u0119dzem na swojej dzia\u0142ce w ramach tzw. letniej kol\u0119dy prosz\u0119 o sygna\u0142 w tej sprawie. Mo\u017cliwo\u015b\u0107 takiego\u00a0 spotkania b\u0119dzie przez ca\u0142y lipiec i sierpie\u0144.<\/p>\n<p>4. Po\u015bwiecenie pojazd\u00f3w i b\u0142ogos\u0142awie\u0144stwo kierowc\u00f3w z racji \u015bw. Krzysztofa patrona podr\u00f3\u017cujacych odbedzie si\u0119 w naszej patrafii w przysz\u0142\u0105 niedziel\u0119<br \/>\n24 lipca po ka\u017cdej Mszy \u015bw. Serdecznie zapraszamy kierowc\u00f3w, motocyklist\u00f3w, rowerzyst\u00f3w i w\u0142a\u015bcicieli pojazd\u00f3w specjalnych.<\/p>\n<p>5. Wszystkim naszym parafianom i go\u015bciom odpoczywajacym w Kuligowie \u017cycz\u0119 mi\u0142ej niedzieli oraz dobrego i b\u0142ogos\u0142awionego tygodnia.<\/p>\n<p><strong>Intencje mszalne w tym tygodniu<\/strong><\/p>\n<p><span style=\"color: #ff0000;\">Ndz 17.VII, \u00a0XVI Niedziela zwyk\u0142a<br \/>\n<\/span>g.\u00a0 9.00 \u00a0+ Henryka D\u0105browskiego, W\u0142odzimierza Pielaka, Stanis\u0142awa D\u0105browskiego<br \/>\ng. 11.00\u00a0 + Czes\u0142awy Mianowskiej<br \/>\ng. 15.00\u00a0 + Anny i Zygmunta Liszewskich &#8211; gregoria\u0144ska 17<\/p>\n<p><span style=\"color: #ff0000;\">pn 18.VII<br \/>\n<\/span>g. 18.00\u00a0 + Miros\u0142awa Gromulskiego w 33 r. \u015bm. oraz Ireny i Izydora Batog<br \/>\ng. 19.00\u00a0 + Anny i Zygmunta Liszewskich &#8211; gregoria\u0144ska 18<\/p>\n<p><span style=\"color: #ff0000;\">wt 19.VII<\/span><br \/>\ng.\u00a0 7.00 \u00a0 + Anny i Zygmunta Liszewskich &#8211; gregoria\u0144ska 19<\/p>\n<p><span style=\"color: #ff0000;\">\u015br 20.VII<\/span><br \/>\ng. 18.00\u00a0 +\u00a0 Anny i Zygmunta Liszewskich &#8211; gregoria\u0144ska 20<br \/>\ng. 19.00\u00a0 +\u00a0 Czes\u0142awa Pyszkiewicza z racji imienin<\/p>\n<p><span style=\"color: #ff0000;\">czw 21.VII<\/span><br \/>\ng. \u00a0 7.00\u00a0 + Anny i Zygmunta Liszewskich &#8211; gregoria\u0144ska 21<br \/>\ng. 19.00\u00a0 + Czes\u0142awa Kaliszewskiego, Zofii i J\u00f3zefa Soba\u0144skich<\/p>\n<p><span style=\"color: #ff0000;\">pt 22.VII<\/span><br \/>\ng. 19.00\u00a0 + Anny i Zygmunta Liszewskich &#8211; gregoria\u0144ska 22<\/p>\n<p><span style=\"color: #ff0000;\">sob 23.VII<\/span><br \/>\ng. 14.00 Liturgia sakramentu chrztu \u015bw.<br \/>\ng. 14.30 \u00a0 + Eurelii i Mieczys\u0142awa Krauze, Bo\u017ceny \/z d. Krauze\/ Berty, Jana, Waldemara, Jadwigi Ga\u0142eckich, Heleny Spoczy\u0144skiej i Franciszka Sosi\u0144skiego<br \/>\ng. 19.00\u00a0 + Anny i Zygmunta Liszewskich &#8211; gregoria\u0144ska 23<\/p>\n<p><span style=\"color: #ff0000;\">Ndz 24.VII, \u00a0XVII Niedziela zwyk\u0142a<br \/>\n<\/span>g.\u00a0 9.00\u00a0 \u00a0 <i>wolna<\/i><br \/>\ng. 11.00\u00a0 + Marianny, Feliksa, Stanis\u0142awy, Tomasza Piwowarskich oraz Mieczys\u0142awa Wr\u00f3blewskiego<br \/>\ng. 15.00\u00a0 + Anny i Zygmunta Liszewskich &#8211; gregoria\u0144ska 24<\/p>\n<p><em>Proboszcz ks. Zbigniew Kloch<\/em><br \/>\n<em>tel. 29 758 00 30 <\/em><br \/>\n<em>kancelaria@parafiakuligow.pl<\/em><\/p>\n","protected":false},"excerpt":{"rendered":"<p>1. Centrum My\u015bli Jana Paw\u0142a II zaprasza do Miejskiej Strefy Kultury w Warszawie na Krakowskim Przedmie\u015bciu. Od 20 do 24 lipca odbywa\u0107 si\u0119 tam b\u0119d\u0105 koncerty, warsztaty, atrakcje sportowe i turystyczne.\u00a0Strefa otwarta jest w godzinach 10.00 \u2013 22.00. W czwartek, 21 lipca\u00a0 na pl. Pi\u0142sudskiego o godz. 19.30 rozpocznie si\u0119 [&hellip;]<\/p>\n","protected":false},"author":1,"featured_media":0,"comment_status":"closed","ping_status":"open","sticky":false,"template":"","format":"standard","meta":[],"categories":[2],"tags":[],"_links":{"self":[{"href":"http:\/\/www.parafiakuligow.pl\/index.php\/wp-json\/wp\/v2\/posts\/418"}],"collection":[{"href":"http:\/\/www.parafiakuligow.pl\/index.php\/wp-json\/wp\/v2\/posts"}],"about":[{"href":"http:\/\/www.parafiakuligow.pl\/index.php\/wp-json\/wp\/v2\/types\/post"}],"author":[{"embeddable":true,"href":"http:\/\/www.parafiakuligow.pl\/index.php\/wp-json\/wp\/v2\/users\/1"}],"replies":[{"embeddable":true,"href":"http:\/\/www.parafiakuligow.pl\/index.php\/wp-json\/wp\/v2\/comments?post=418"}],"version-history":[{"count":3,"href":"http:\/\/www.parafiakuligow.pl\/index.php\/wp-json\/wp\/v2\/posts\/418\/revisions"}],"predecessor-version":[{"id":420,"href":"http:\/\/www.parafiakuligow.pl\/index.php\/wp-json\/wp\/v2\/posts\/418\/revisions\/420"}],"wp:attachment":[{"href":"http:\/\/www.parafiakuligow.pl\/index.php\/wp-json\/wp\/v2\/media?parent=418"}],"wp:term":[{"taxonomy":"category","embeddable":true,"href":"http:\/\/www.parafiakuligow.pl\/index.php\/wp-json\/wp\/v2\/categories?post=418"},{"taxonomy":"post_tag","embeddable":true,"href":"http:\/\/www.parafiakuligow.pl\/index.php\/wp-json\/wp\/v2\/tags?post=418"}],"curies":[{"name":"wp","href":"https:\/\/api.w.org\/{rel}","templated":true}]}}