{"id":403,"date":"2016-06-26T15:32:31","date_gmt":"2016-06-26T13:32:31","guid":{"rendered":"http:\/\/www.parafiakuligow.pl\/?p=403"},"modified":"2016-06-26T15:34:55","modified_gmt":"2016-06-26T13:34:55","slug":"6-czerwca-2016-r-xiii-niedziela-zwykla","status":"publish","type":"post","link":"http:\/\/www.parafiakuligow.pl\/index.php\/2016\/06\/26\/6-czerwca-2016-r-xiii-niedziela-zwykla\/","title":{"rendered":"6 czerwca 2016 r XIII Niedziela zwyk\u0142a"},"content":{"rendered":"<p>1. Wszystkim dzieciom, m\u0142odzie\u017cy, nauczycielom i rodzicom kt\u00f3rzy zako\u0144czyli rok szkolny \u017cyczymy udanych wakacji i dobrego wypoczynku.<\/p>\n<p>2. Czas duszpasterskich odwiedzin zwanych kol\u0119d\u0105 w naszej tradycji wypada zim\u0105. Wtedy nasi czasowi mieszka\u0144cy i dzia\u0142kowicze s\u0105 poza Kuligowem. Gdyby kto\u015b z naszych wakacyjnych parafian chcia\u0142 przez osob\u0119 ksi\u0119dza zyska\u0107 Bo\u017ce b\u0142ogos\u0142awie\u0144stwo dla domu i rodziny, czy zwyczajnie spotka\u0107 si\u0119 z ksi\u0119dzem na swojej dzia\u0142ce wystarczy si\u0119 u\u015bmiechn\u0105\u0107 i osobi\u015bcie um\u00f3wi\u0107 termin spotkania. Taka mo\u017cliwo\u015b\u0107 b\u0119dzie przez ca\u0142y lipiec i sierpie\u0144. Gdyby kto\u015b by\u0142 ch\u0119tny to serdecznie zapraszam.<\/p>\n<p>3. W \u015brod\u0119 29 czerwca Uroczysto\u015b\u0107 \u015bw. Aposto\u0142\u00f3w Piotra i Paw\u0142a. Udziela si\u0119 odpustu zupe\u0142nego wiernym, kt\u00f3rzy pos\u0142uguj\u0105c si\u0119 pobo\u017cnie przedmiotami kultu pob\u0142ogos\u0142awionymi przez papie\u017ca lub biskupa dodadz\u0105 do swoich modlitw wyznanie wiary. Taca z tego dnia przeznaczona jest na konserwacj\u0119 Bazyliki \u015bw. Piotra oraz dzia\u0142alno\u015b\u0107 apostolsk\u0105 i charytatywn\u0105 Stolicy Apostolskiej.<\/p>\n<p>4. W pi\u0105tek 1 lipca przypada pierwszy pi\u0105tek miesi\u0105ca. Msza \u015bwi\u0119ta o godz. 19.00. Spowied\u017a od godz. 18.30.<\/p>\n<p>5. Szczeg\u00f3lne podzi\u0119kowania kieruj\u0119 do os\u00f3b, kt\u00f3re bezinteresownie po\u015bwi\u0119caj\u0105 sw\u00f3j czas i prac\u0119 w naszej \u015bwi\u0105tyni. Przypominam, \u017ce troska o dom Bo\u017cy jest spraw\u0105 wszystkich naszych parafian. Dzi\u0119kuj\u0119 tym, kt\u00f3rzy w tym roku wp\u0142acili ju\u017c na sprz\u0105tanie i kwiaty. Z tego zobowi\u0105zania mo\u017cna wywi\u0105za\u0107 si\u0119 r\u00f3wnie\u017c przez osobiste sprz\u0105tanie. Bardzo prosz\u0119 pozosta\u0142ych o solidarno\u015b\u0107 w tej sprawie, aby nie dawa\u0107 nikomu powodu do zgorszenia.<\/p>\n<p>6. Wszystkim naszym parafianom i go\u015bciom \u017cyczymy udanej niedzieli i dobrego, b\u0142ogos\u0142awionego tygodnia. Specjalne \u017cyczenia i modlitw\u0119 kierujemy do solenizantek i solenizant\u00f3w, aby cieszyli si\u0119 mi\u0142o\u015bci\u0105 bliskich i opiek\u0105 \u015bw. patron\u00f3w.<\/p>\n<p><strong>Intencje mszalne w tym tygodniu<br \/>\n<\/strong><br \/>\n<span style=\"color: #ff0000;\">Ndz 26.VI, XIII Niedziela zwyk\u0142a<\/span><br \/>\ng. 9.00 + Janiny i Ireneusza Rudzkich z racji imienin oraz Wandy Chmielewskiej z racji imienin<br \/>\ng. 11.00 + Janiny, Jana i zm. z cr. Napi\u00f3rkowskich, Daszewskich i Bystrek<br \/>\ng. 15.00 rez. p. Anna \u017bmijewska<\/p>\n<p><span style=\"color: #ff0000;\">pn 27.VI<\/span><br \/>\ng. 19.00 Intencja dzi\u0119kczynna za otrzymane \u0142aski z pro\u015bb\u0105 o b\u0142ogos\u0142awie\u0144stwa Bo\u017ce i dalsz\u0105 opiek\u0119 Bo\u017cej Opatrzno\u015bci dla p. W\u0142adys\u0142awa Kondrat z racji imienin<\/p>\n<p><span style=\"color: #ff0000;\">wt 28.VI<\/span><br \/>\ng. 7.00 + Stanis\u0142awa Jakubowskiego \/intencja od uczestnik\u00f3w pogrzebu\/<\/p>\n<p><span style=\"color: #ff0000;\">\u015br 29.VI<\/span><br \/>\nUroczysto\u015b\u0107 \u015bw. Aposto\u0142\u00f3w Piotra i Paw\u0142a g. 19.00 W intencji wszystkich uczestnicz\u0105cych w nabo\u017ce\u0144stwach czerwcowych<\/p>\n<p><span style=\"color: #ff0000;\">czw 30.VI<\/span><br \/>\ng. 7.00 wolna<\/p>\n<p><span style=\"color: #ff0000;\">pt 1.VII<\/span><br \/>\ng. 18.00 + Anny i Zygmunta Liszewskich &#8211; gregoria\u0144ska 1 g. 19.00 rez. p. M. Za\u0142\u0119ska<\/p>\n<p><span style=\"color: #ff0000;\">sob 2.VII<\/span><br \/>\ng. 19.00 + Anny i Zygmunta Liszewskich &#8211; gregoria\u0144ska 2<\/p>\n<p><span style=\"color: #ff0000;\">Ndz 3.VII, XIV Niedziela zwyk\u0142a<\/span><br \/>\ng. 9.00 + Henryka Garbacza w 1 r. \u015bm.<br \/>\ng. 11.00 + Marka Mianowskiego w 10 r. \u015bm.<br \/>\ng. 15.00 + Anny i Zygmunta Liszewskich &#8211; gregoria\u0144ska 3<\/p>\n<p>Proboszcz ks. Zbigniew Kloch<br \/>\nul. Ko\u015bcielna 2 05-254 Kulig\u00f3w tel. 29\u00a0758 00 30<br \/>\nmail. kancelaria@parafiakuligow.pl<br \/>\nnr konta bankowego:<br \/>\nPolski Bank Sp\u00f3\u0142dzielczy w Wyszkowie<br \/>\n28 8931 0003 0100 8544 2006 0001.<\/p>\n","protected":false},"excerpt":{"rendered":"<p>1. Wszystkim dzieciom, m\u0142odzie\u017cy, nauczycielom i rodzicom kt\u00f3rzy zako\u0144czyli rok szkolny \u017cyczymy udanych wakacji i dobrego wypoczynku. 2. Czas duszpasterskich odwiedzin zwanych kol\u0119d\u0105 w naszej tradycji wypada zim\u0105. Wtedy nasi czasowi mieszka\u0144cy i dzia\u0142kowicze s\u0105 poza Kuligowem. Gdyby kto\u015b z naszych wakacyjnych parafian chcia\u0142 przez osob\u0119 ksi\u0119dza zyska\u0107 Bo\u017ce b\u0142ogos\u0142awie\u0144stwo [&hellip;]<\/p>\n","protected":false},"author":1,"featured_media":0,"comment_status":"closed","ping_status":"open","sticky":false,"template":"","format":"standard","meta":[],"categories":[2],"tags":[],"_links":{"self":[{"href":"http:\/\/www.parafiakuligow.pl\/index.php\/wp-json\/wp\/v2\/posts\/403"}],"collection":[{"href":"http:\/\/www.parafiakuligow.pl\/index.php\/wp-json\/wp\/v2\/posts"}],"about":[{"href":"http:\/\/www.parafiakuligow.pl\/index.php\/wp-json\/wp\/v2\/types\/post"}],"author":[{"embeddable":true,"href":"http:\/\/www.parafiakuligow.pl\/index.php\/wp-json\/wp\/v2\/users\/1"}],"replies":[{"embeddable":true,"href":"http:\/\/www.parafiakuligow.pl\/index.php\/wp-json\/wp\/v2\/comments?post=403"}],"version-history":[{"count":4,"href":"http:\/\/www.parafiakuligow.pl\/index.php\/wp-json\/wp\/v2\/posts\/403\/revisions"}],"predecessor-version":[{"id":407,"href":"http:\/\/www.parafiakuligow.pl\/index.php\/wp-json\/wp\/v2\/posts\/403\/revisions\/407"}],"wp:attachment":[{"href":"http:\/\/www.parafiakuligow.pl\/index.php\/wp-json\/wp\/v2\/media?parent=403"}],"wp:term":[{"taxonomy":"category","embeddable":true,"href":"http:\/\/www.parafiakuligow.pl\/index.php\/wp-json\/wp\/v2\/categories?post=403"},{"taxonomy":"post_tag","embeddable":true,"href":"http:\/\/www.parafiakuligow.pl\/index.php\/wp-json\/wp\/v2\/tags?post=403"}],"curies":[{"name":"wp","href":"https:\/\/api.w.org\/{rel}","templated":true}]}}