{"id":397,"date":"2016-06-18T18:51:55","date_gmt":"2016-06-18T16:51:55","guid":{"rendered":"http:\/\/www.parafiakuligow.pl\/?p=397"},"modified":"2016-06-18T18:54:26","modified_gmt":"2016-06-18T16:54:26","slug":"19-czerwca-2016-r-xii-niedziela-zwykla","status":"publish","type":"post","link":"http:\/\/www.parafiakuligow.pl\/index.php\/2016\/06\/18\/19-czerwca-2016-r-xii-niedziela-zwykla\/","title":{"rendered":"19 czerwca 2016 r. XII Niedziela zwyk\u0142a"},"content":{"rendered":"<p>1. Dzisiaj o godz. 12.15 w budynku OSP w Kuligowie odb\u0119dzie si\u0119 zebranie sprawozdawcze cz\u0142onk\u00f3w Wsp\u00f3lnoty Gruntowej wsi Kulig\u00f3w. W imieniu zarz\u0105du na to spotkanie zapraszamy.<\/p>\n<p>2. W ko\u015bcio\u0142ach naszej diecezji dzisiaj po Mszach \u015bw. zbi\u00f3rka do puszek na stypendia naukowe dla ksi\u0119\u017cy studiuj\u0105cych za granic\u0105.<\/p>\n<p>3. W pi\u0105tek 24 czerwca liturgiczna Uroczysto\u015b\u0107 Narodzenia \u015bw. Jana Chrzciciela i jednocze\u015bnie ostatni dzie\u0144 roku szkolnego. Msza \u015bw. dzi\u0119kczynna na zako\u0144czenie roku szkolnego o godz. 19.00. Spowied\u017a dla dzieci i m\u0142odzie\u017cy od godz. 18.00. Zach\u0119cam wszystkich do rozpocz\u0119cia wakacji w stanie \u0142aski u\u015bwi\u0119caj\u0105cej. Z racji uroczysto\u015bci w pi\u0105tek mo\u017cna spo\u017cywa\u0107 pokarmy mi\u0119sne.<\/p>\n<p>4. Dzi\u0119kuj\u0119 tym osobom i rodzinom, kt\u00f3re dokona\u0142y ju\u017c wp\u0142aty na sprz\u0105tanie i kwiaty w ko\u015bciele. Pozosta\u0142ych prosz\u0119 o przekazanie zadeklarowanej na ten cel kwoty. Gdyby kto\u015b wola\u0142 swoj\u0105 trosk\u0119<br \/>\no \u015bwi\u0105tyni\u0119 wyrazi\u0107 przez osobist\u0105 prac\u0119 prosz\u0119 o tak\u0105 informacj\u0119.<\/p>\n<p>5. Wszystkim naszym parafianom i go\u015bciom \u017cyczymy udanej niedzieli i dobrego, b\u0142ogos\u0142awionego tygodnia. Specjalne \u017cyczenia i modlitw\u0119 kierujemy do solenizantek i solenizant\u00f3w, aby cieszyli si\u0119 mi\u0142o\u015bci\u0105 bliskich<br \/>\ni opiek\u0105 \u015bw. patron\u00f3w.<\/p>\n<p><strong>Intencje mszalne w tym tygodniu<br \/>\n<\/strong><br \/>\n<span style=\"color: #ff0000;\">Ndz 19.VI, XII Niedziela zwyk\u0142a<\/span><br \/>\ng. 9.00 \u00a0+ El\u017cbiety, Paw\u0142a, Jana, Rozalii, Krzysztofa, Heleny Sta\u0144czak; Zofii i Ryszarda Kryska<br \/>\ng. 11.00 + Kazimierza \u017bochowskiego<br \/>\ng. 15.00 O Bo\u017ce b\u0142ogos\u0142awie\u0144stwo i potrzebne \u0142aski dla p. Ewy Trzeciak z racji 50 rocznicy urodzin<\/p>\n<p><span style=\"color: #ff0000;\">pn 20.VI<\/span><br \/>\ng. 19.00 wolna<\/p>\n<p><span style=\"color: #ff0000;\">wt 21.VI<\/span><br \/>\ng. 7.00 wolna<\/p>\n<p><span style=\"color: #ff0000;\">\u015br 22.VI<\/span><br \/>\ng. 19.00 wolna<\/p>\n<p><span style=\"color: #ff0000;\">czw 23.VI<\/span><br \/>\ng. 7.00 wolna<\/p>\n<p><span style=\"color: #ff0000;\">pt 24.VI, Narodzenie \u015bw. Jana Chrzciciela<br \/>\n<\/span> Uroczysto\u015b\u0107 g. 19.00 Msza \u015bw. dzi\u0119kczynna na zako\u0144czenie Roku Szkolnego<\/p>\n<p><span style=\"color: #ff0000;\">sob 25.VI,<\/span><br \/>\ng. 13.00 Msza \u015bw. z chrztem<br \/>\ng. 19.00 wolna<\/p>\n<p><span style=\"color: #ff0000;\">Ndz 26.VI, XIII Niedziela zwyk\u0142a<\/span><br \/>\ng. 9.00 + Janiny i Ireneusza Rudzkich z racji imienin oraz Wandy Chmielewskiej z racji imienin<br \/>\ng. 11.00 + Janiny, Jana i zm. z cr. Napi\u00f3rkowskich, Daszewskich i Bystrek<br \/>\ng. 15.00 rez. p. Anna \u017bmijewska<\/p>\n","protected":false},"excerpt":{"rendered":"<p>1. Dzisiaj o godz. 12.15 w budynku OSP w Kuligowie odb\u0119dzie si\u0119 zebranie sprawozdawcze cz\u0142onk\u00f3w Wsp\u00f3lnoty Gruntowej wsi Kulig\u00f3w. W imieniu zarz\u0105du na to spotkanie zapraszamy. 2. W ko\u015bcio\u0142ach naszej diecezji dzisiaj po Mszach \u015bw. zbi\u00f3rka do puszek na stypendia naukowe dla ksi\u0119\u017cy studiuj\u0105cych za granic\u0105. 3. W pi\u0105tek 24 [&hellip;]<\/p>\n","protected":false},"author":1,"featured_media":0,"comment_status":"closed","ping_status":"open","sticky":false,"template":"","format":"standard","meta":[],"categories":[2],"tags":[],"_links":{"self":[{"href":"http:\/\/www.parafiakuligow.pl\/index.php\/wp-json\/wp\/v2\/posts\/397"}],"collection":[{"href":"http:\/\/www.parafiakuligow.pl\/index.php\/wp-json\/wp\/v2\/posts"}],"about":[{"href":"http:\/\/www.parafiakuligow.pl\/index.php\/wp-json\/wp\/v2\/types\/post"}],"author":[{"embeddable":true,"href":"http:\/\/www.parafiakuligow.pl\/index.php\/wp-json\/wp\/v2\/users\/1"}],"replies":[{"embeddable":true,"href":"http:\/\/www.parafiakuligow.pl\/index.php\/wp-json\/wp\/v2\/comments?post=397"}],"version-history":[{"count":4,"href":"http:\/\/www.parafiakuligow.pl\/index.php\/wp-json\/wp\/v2\/posts\/397\/revisions"}],"predecessor-version":[{"id":401,"href":"http:\/\/www.parafiakuligow.pl\/index.php\/wp-json\/wp\/v2\/posts\/397\/revisions\/401"}],"wp:attachment":[{"href":"http:\/\/www.parafiakuligow.pl\/index.php\/wp-json\/wp\/v2\/media?parent=397"}],"wp:term":[{"taxonomy":"category","embeddable":true,"href":"http:\/\/www.parafiakuligow.pl\/index.php\/wp-json\/wp\/v2\/categories?post=397"},{"taxonomy":"post_tag","embeddable":true,"href":"http:\/\/www.parafiakuligow.pl\/index.php\/wp-json\/wp\/v2\/tags?post=397"}],"curies":[{"name":"wp","href":"https:\/\/api.w.org\/{rel}","templated":true}]}}