{"id":384,"date":"2016-05-29T16:38:18","date_gmt":"2016-05-29T14:38:18","guid":{"rendered":"http:\/\/www.parafiakuligow.pl\/?p=384"},"modified":"2016-05-29T16:38:18","modified_gmt":"2016-05-29T14:38:18","slug":"oredownik-godnosci-i-swietosci-zycia","status":"publish","type":"post","link":"http:\/\/www.parafiakuligow.pl\/index.php\/2016\/05\/29\/oredownik-godnosci-i-swietosci-zycia\/","title":{"rendered":"Or\u0119downik godno\u015bci i \u015bwi\u0119to\u015bci \u017cycia"},"content":{"rendered":"<p>&nbsp;<\/p>\n<p><em>List Pasterski Episkopatu Polski przed kanonizacj\u0105 Ojca Stanis\u0142awa Papczy\u0144skiego<\/em><\/p>\n<p><em>Drogie Siostry i\u00a0Drodzy Bracia,<\/em><\/p>\n<p>B\u00f3g wzbudza nieustannie nowych \u015bwiadk\u00f3w, kt\u00f3rzy w\u00a0konkretnym miejscu i\u00a0czasie pomagaj\u0105 ludziom przyj\u0105\u0107 Ewangeli\u0119 i\u00a0\u017cy\u0107 ni\u0105 na co dzie\u0144. Niekt\u00f3rych z\u00a0nich Ko\u015bci\u00f3\u0142 uznaje i\u00a0og\u0142asza \u015bwi\u0119tymi. Za kilka dni, 5 czerwca w\u00a0Rzymie, papie\u017c Franciszek og\u0142osi dwoje nowych \u015bwi\u0119tych, \u00a0w\u015br\u00f3d nich Polaka \u2013 Stanis\u0142awa od Jezusa i\u00a0Maryi Papczy\u0144skiego, za\u0142o\u017cyciela Zgromadzenia Ksi\u0119\u017cy Marian\u00f3w. Przez kanonizacj\u0119 Ko\u015bci\u00f3\u0142 og\u0142asza, \u017ce nowi \u015bwi\u0119ci s\u0105 autentycznymi wzorami \u017cycia i\u00a0or\u0119downikami u\u00a0Boga, oraz \u017ce ich przes\u0142anie ma istotne znaczenie dla Ko\u015bcio\u0142a i\u00a0\u015bwiata naszych czas\u00f3w.<\/p>\n<p>Ojciec Papczy\u0144ski urodzi\u0142 si\u0119 w\u00a01631 r. w\u00a0Podegrodziu, niedaleko Starego S\u0105cza. W\u00a0m\u0142odo\u015bci kilka razy otar\u0142 si\u0119 o\u00a0\u015bmier\u0107. Cz\u0119sto zmienia\u0142 szko\u0142y \u2013 najpierw z\u00a0powodu trudno\u015bci w\u00a0nauce, a\u00a0p\u00f3\u017aniej z\u00a0powodu wojen i\u00a0epidemii. Gdy mia\u0142 23 lata, wst\u0105pi\u0142 do zakonu pijar\u00f3w, a\u00a0po \u015bwi\u0119ceniach kap\u0142a\u0144skich okaza\u0142 si\u0119 wybitnym kaznodziej\u0105, mistrzem \u017cycia duchowego, wyk\u0142adowc\u0105 retoryki i\u00a0pisarzem. Maj\u0105c ponad 40 lat, za\u0142o\u017cy\u0142 pierwszy polski zakon m\u0119ski \u2013 Zgromadzenie Ksi\u0119\u017cy Marian\u00f3w, kt\u00f3re dzisiaj pos\u0142uguje w\u00a0Polsce i\u00a0na wszystkich kontynentach. Ojciec Papczy\u0144ski, prze\u017cy\u0142 70 lat, umar\u0142 w\u00a0opinii \u015bwi\u0119to\u015bci w\u00a0G\u00f3rze Kalwarii i\u00a0tam zosta\u0142 pochowany. Kardyna\u0142 Stefan Wyszy\u0144ski powiedzia\u0142:\u00a0<em>Ojciec Papczy\u0144ski zna\u0142 sw\u00f3j Nar\u00f3d i\u00a0wiedzia\u0142, co jest jego moc\u0105 i\u00a0si\u0142\u0105. Dlatego da\u0142 Narodowi takie rady, kt\u00f3re i\u00a0dzisiaj s\u0105 na czasie. Jego \u017cycie i\u00a0posta\u0107 s\u0105 nadal aktualne; [\u2026] musimy go na\u015bladowa\u0107<\/em>.<\/p>\n<p>Ojciec Papczy\u0144ski zachwyca\u0142 si\u0119 pi\u0119knem \u017cycia i\u00a0widzia\u0142 w\u00a0nim dar Tr\u00f3jcy \u015awi\u0119tej. Pisa\u0142: D<em>zi\u0119ki m\u0105dro\u015bci Boskiego Artysty zosta\u0142e\u015b uczyniony tak pi\u0119kny, \u017ce opr\u00f3cz niebian wygl\u0105dem zewn\u0119trznym przewy\u017cszasz wszystkie stworzenia<\/em>.\u00a0<em>B\u00f3g okazuje ci \u017cyczliwo\u015b\u0107 z\u00a0czystej, bezinteresownej mi\u0142o\u015bci do ciebie<\/em>.\u00a0<em>Z niej to pochodzi, \u017ce B\u00f3g chce si\u0119 z\u00a0nami pojedna\u0107, dobrze nam czyni\u0107 i\u00a0okazywa\u0107 nam mi\u0142osierdzie<\/em>. <em>G\u0142o\u015b, \u017ce serce Boga jest dla wszystkich otwarte i\u00a0zapewniaj, \u017ce przed \u017cadnym grzesznikiem, dop\u00f3ki got\u00f3w jest pokutowa\u0107, nie jest zamkni\u0119ta droga do zbawienia<\/em>.<\/p>\n<p>Pragn\u0105c wszystkich prowadzi\u0107 do \u015bwi\u0119to\u015bci, Ojciec Papczy\u0144ski napisa\u0142 swego rodzaju podr\u0119cznik \u017cycia duchowego dla \u015bwieckich i\u00a0duchownych. Rozpocz\u0105\u0142 go stwierdzeniem, \u017ce <em>cz\u0142owiek stworzony przez Boga i\u00a0przez sakrament chrztu. Bogu po\u015bwi\u0119cony jest Jego mistyczn\u0105 \u015bwi\u0105tyni\u0105<\/em>. Dlatego nasz \u015awi\u0119ty zach\u0119ca wszystkich do radosnego celebrowania rocznicy swego chrztu i\u00a0do wdzi\u0119czno\u015bci za to wydarzenie ka\u017cdego dnia.<\/p>\n<p>Kard. Bertone podczas Mszy beatyfikacyjnej w\u00a0Licheniu w\u00a02007 r. tak scharakteryzowa\u0142 Ojca Papczy\u0144skiego:\u00a0<em>Przez ca\u0142e \u017cycie kierowa\u0142a nim Maryja. W\u00a0tajemnicy Jej Niepokalanego Pocz\u0119cia nowy B\u0142ogos\u0142awiony podziwia\u0142 moc Chrystusowego Odkupienia. W\u00a0Niepokalanej dostrzega\u0142 pi\u0119kno nowego cz\u0142owieka, ca\u0142kowicie oddanego Chrystusowi i\u00a0Ko\u015bcio\u0142owi. Zachwyci\u0142 si\u0119 t\u0105 prawd\u0105 wiary tak bardzo, \u017ce got\u00f3w by\u0142 odda\u0107 \u017cycie w\u00a0jej obronie. Wiedzia\u0142, \u017ce Maryja, arcydzie\u0142o Bo\u017cego stworzenia, jest potwierdzeniem godno\u015bci ka\u017cdego cz\u0142owieka, umi\u0142owanego przez Boga i\u00a0przeznaczonego do \u017cycia wiecznego w\u00a0niebie<\/em>.<\/p>\n<p>Za czas\u00f3w Ojca Papczy\u0144skiego przez Rzeczpospolit\u0105 przetacza\u0142y si\u0119 nieustanne wojny, panowa\u0142y g\u0142\u00f3d i\u00a0choroby. Z\u00a0tego powodu umiera\u0142o wielu ludzi, nieprzygotowanych na spotkanie z\u00a0Bogiem. Dla swego zakonu wi\u0119c, jako drugi cel po szerzeniu czci Maryi, Ojciec Papczy\u0144ski ustanowi\u0142 modlitw\u0119 i\u00a0ofiar\u0119 za zmar\u0142ych. Miewa\u0142 wizje czy\u015b\u0107ca i\u00a0poleg\u0142ych \u017co\u0142nierzy, kt\u00f3rzy prosili go o\u00a0wstawiennictwo u\u00a0Boga. Dlatego cz\u0119sto nawo\u0142ywa\u0142:\u00a0\u00a0\u00a0\u00a0\u00a0\u00a0 \u00a0\u00a0\u00a0\u00a0 <em>M\u00f3dlcie si\u0119 za przebywaj\u0105cych w\u00a0czy\u015b\u0107cu, bo niezno\u015bnie cierpi\u0105<\/em>. W\u00a0 Roku Mi\u0142osierdzia s\u0142owa Za\u0142o\u017cyciela Ksi\u0119\u017cy Marian\u00f3w brzmi\u0105 jeszcze mocniej ni\u017c zwykle: <em>Jakie mo\u017ce by\u0107 wi\u0119ksze mi\u0142osierdzie ni\u017c okazane zmar\u0142ym, od kt\u00f3rych nie oczekujesz \u017cadnej nagrody, \u017cadnej wdzi\u0119czno\u015bci i\u00a0\u017cadnej pochwa\u0142y. Ci, kt\u00f3rzy to czyni\u0105, na pewno przygotowuj\u0105 sobie nie\u015bmiertelne \u017cycie.<\/em><\/p>\n<p>Ojciec Papczy\u0144ski powtarza\u0142, \u017ce pragn\u0105c Bo\u017cego mi\u0142osierdzia, mamy je \u015bwiadczy\u0107 wobec drugiego cz\u0142owieka. Pisa\u0142:\u00a0<em>Mi\u0142o\u015b\u0107 jest dusz\u0105 zakon\u00f3w oraz ka\u017cdej ludzkiej spo\u0142eczno\u015bci<\/em>. \u00a0\u00a0Sam nie pozwoli\u0142 \u017cadnemu potrzebuj\u0105cemu odej\u015b\u0107 bez wsparcia. Troszczy\u0142 si\u0119 o\u00a0ubogich, chorych i\u00a0umieraj\u0105cych, wspiera\u0142 przytu\u0142ki i\u00a0szpitale, pociesza\u0142 strapionych, upomina\u0142 si\u0119 o\u00a0odrzuconych i\u00a0traktowanych niesprawiedliwie.<\/p>\n<p>Wszelkie dzie\u0142a mi\u0142osierdzia podejmowa\u0142 z\u00a0mi\u0142o\u015bci do Boga i\u00a0cz\u0142owieka, ale te\u017c z\u00a0mi\u0142o\u015bci do Ojczyzny. Pisa\u0142, \u017ce\u00a0<em>przez Rzeczpospolit\u0105 nale\u017cy rozumie\u0107 co\u015b, czemu warto ca\u0142kowicie si\u0119 odda\u0107 i\u00a0po\u015bwi\u0119ci\u0107<\/em>. Jego mi\u0142o\u015b\u0107 do Polski by\u0142a na tyle znana, \u017ce Sejm Koronacyjny Rzeczypospolitej z\u00a01764 r. zwr\u00f3ci\u0142 si\u0119 do Stolicy Apostolskiej z\u00a0pro\u015bb\u0105 o\u00a0beatyfikacj\u0119\u00a0<em>cudami s\u0142yn\u0105cego Polaka Stanis\u0142awa Papczy\u0144skiego<\/em>. Senat Rzeczypospolitej Polskiej w\u00a02011 r. uzna\u0142 go\u00a0<em>za godny na\u015bladowania wz\u00f3r Polaka oddanego sprawom Ojczyzny<\/em>.<\/p>\n<p>Ojciec Stanis\u0142aw wzywa nas dzi\u015b tak samo, jak ponad trzysta lat temu:\u00a0<em>Prawdziwa wolno\u015b\u0107 polega na przestrzeganiu praw, i\u00a0to bardziej praw Boskich ni\u017c ludzkich<\/em>.\u00a0<em>Narodzili\u015bmy si\u0119 nie dla samych siebie, lecz dla Ojczyzny. [\u2026] Prawdziwych m\u0119\u017cczyzn nam potrzeba, a\u00a0nie nicponi, nie m\u0119t\u00f3w spo\u0142ecznych. Dajcie Ojczy\u017anie Polak\u00f3w, nie pacho\u0142k\u00f3w, to jest dajcie ludzi silnych, odwa\u017cnych, zdolnych do wielkich wysi\u0142k\u00f3w, zaprawionych do walki, przygotowanych do brania udzia\u0142u w\u00a0naradach. Tego, aby\u015b i\u00a0ty by\u0142 taki, oczekuje i\u00a0domaga si\u0119 Ojczyzna<\/em>.<\/p>\n<p>Umi\u0142owani w\u00a0Chrystusie Panu.<\/p>\n<p>Zbli\u017caj\u0105ca si\u0119 kanonizacja b\u0142ogos\u0142awionego Ojca Stanis\u0142awa Papczy\u0144skiego jest zaproszeniem, by\u015bmy na nowo przyj\u0119li mi\u0142osierdzie Boga i\u00a0odnowili \u0142ask\u0119 naszego chrztu. By\u015bmy na darmow\u0105 mi\u0142o\u015b\u0107 Boga odpowiedzieli mi\u0142o\u015bci\u0105 wobec Niego i\u00a0mi\u0142osierdziem wobec \u017cyj\u0105cych i\u00a0umar\u0142ych. Niepokalane Pocz\u0119cie Maryi niech b\u0119dzie umocnieniem naszej nadziei!<\/p>\n<p>Podpisali: Pasterze Ko\u015bcio\u0142a katolickiego w\u00a0Polsce obecni w\u00a0Gnie\u017anie i\u00a0Poznaniu<br \/>\nw dniu 15 kwietnia 2016 r.<\/p>\n","protected":false},"excerpt":{"rendered":"<p>&nbsp; List Pasterski Episkopatu Polski przed kanonizacj\u0105 Ojca Stanis\u0142awa Papczy\u0144skiego Drogie Siostry i\u00a0Drodzy Bracia, B\u00f3g wzbudza nieustannie nowych \u015bwiadk\u00f3w, kt\u00f3rzy w\u00a0konkretnym miejscu i\u00a0czasie pomagaj\u0105 ludziom przyj\u0105\u0107 Ewangeli\u0119 i\u00a0\u017cy\u0107 ni\u0105 na co dzie\u0144. Niekt\u00f3rych z\u00a0nich Ko\u015bci\u00f3\u0142 uznaje i\u00a0og\u0142asza \u015bwi\u0119tymi. Za kilka dni, 5 czerwca w\u00a0Rzymie, papie\u017c Franciszek og\u0142osi dwoje nowych \u015bwi\u0119tych, [&hellip;]<\/p>\n","protected":false},"author":1,"featured_media":0,"comment_status":"closed","ping_status":"open","sticky":false,"template":"","format":"standard","meta":[],"categories":[1],"tags":[],"_links":{"self":[{"href":"http:\/\/www.parafiakuligow.pl\/index.php\/wp-json\/wp\/v2\/posts\/384"}],"collection":[{"href":"http:\/\/www.parafiakuligow.pl\/index.php\/wp-json\/wp\/v2\/posts"}],"about":[{"href":"http:\/\/www.parafiakuligow.pl\/index.php\/wp-json\/wp\/v2\/types\/post"}],"author":[{"embeddable":true,"href":"http:\/\/www.parafiakuligow.pl\/index.php\/wp-json\/wp\/v2\/users\/1"}],"replies":[{"embeddable":true,"href":"http:\/\/www.parafiakuligow.pl\/index.php\/wp-json\/wp\/v2\/comments?post=384"}],"version-history":[{"count":1,"href":"http:\/\/www.parafiakuligow.pl\/index.php\/wp-json\/wp\/v2\/posts\/384\/revisions"}],"predecessor-version":[{"id":385,"href":"http:\/\/www.parafiakuligow.pl\/index.php\/wp-json\/wp\/v2\/posts\/384\/revisions\/385"}],"wp:attachment":[{"href":"http:\/\/www.parafiakuligow.pl\/index.php\/wp-json\/wp\/v2\/media?parent=384"}],"wp:term":[{"taxonomy":"category","embeddable":true,"href":"http:\/\/www.parafiakuligow.pl\/index.php\/wp-json\/wp\/v2\/categories?post=384"},{"taxonomy":"post_tag","embeddable":true,"href":"http:\/\/www.parafiakuligow.pl\/index.php\/wp-json\/wp\/v2\/tags?post=384"}],"curies":[{"name":"wp","href":"https:\/\/api.w.org\/{rel}","templated":true}]}}