{"id":370,"date":"2016-05-08T16:45:55","date_gmt":"2016-05-08T14:45:55","guid":{"rendered":"http:\/\/www.parafiakuligow.pl\/?p=370"},"modified":"2016-05-08T16:46:58","modified_gmt":"2016-05-08T14:46:58","slug":"8-maja-2016-r-wniebowstapienie-panskie","status":"publish","type":"post","link":"http:\/\/www.parafiakuligow.pl\/index.php\/2016\/05\/08\/8-maja-2016-r-wniebowstapienie-panskie\/","title":{"rendered":"8 maja 2016 r. Wniebowst\u0105pienie Pa\u0144skie"},"content":{"rendered":"<p style=\"text-align: justify;\">1. Ofiary sk\u0142adane dzisiaj na tac\u0119 przeznaczone s\u0105 na Seminarium Duchowne.<\/p>\n<p>2. Ze wzgl\u0119du na Wniebowst\u0105pienie Pa\u0144skie liturgiczna uroczysto\u015b\u0107 \u015bw. Stanis\u0142awa biskupa\u00a0i m\u0119czennika przypadaj\u0105ca 8 maja przeniesiona zosta\u0142a na jutro. Wszystkim solenizantkom\u00a0i solenizantom sk\u0142adamy \u017cyczenia zdrowia, b\u0142ogos\u0142awie\u0144stwa Bo\u017cego i opieki \u015bw. patrona.<\/p>\n<p>3. W najbli\u017cszy czwartek 12 maja zmiana godziny Mszy \u015bw. Zamiast Mszy porannej b\u0119dzie Msza \u015bw. po po\u0142udniu o godz. 19.00.<\/p>\n<p style=\"text-align: justify;\">4. Zapraszamy na nabo\u017ce\u0144stwa majowe, kt\u00f3re odprawiane s\u0105 w tygodniu bezpo\u015brednio po Mszy \u015bw., a w niedziele i \u015bwi\u0119ta po Mszy o godz. 11.00.<\/p>\n<p style=\"text-align: justify;\">5. W przysz\u0142\u0105 niedziel\u0119 15 maja b\u0119dziemy obchodzi\u0107 Uroczysto\u015b\u0107 Zes\u0142ania Ducha \u015awi\u0119tego, czyli Zielone \u015awi\u0105tki Ko\u0144czy si\u0119 okres komunii \u015bwi\u0119tej wielkanocnej. Gdyby kto\u015b jeszcze nie zd\u0105\u017cy\u0142 przyst\u0105pi\u0107 do sakramentu pokuty zosta\u0142 na to ostatni tydzie\u0144.<\/p>\n<p>6. Dzi\u0119kujemy wszystkim osobom i rodzinom, kt\u00f3re w tym roku dokona\u0142y ju\u017c wp\u0142aty<br \/>\nna sprz\u0105tanie, \u015brodki czysto\u015bci i kwiaty w ko\u015bciele. Prosimy pozosta\u0142ych o przekazanie zadeklarowanej na ten cel kwoty.<\/p>\n<p style=\"text-align: justify;\">7. Starosta Wo\u0142omi\u0144ski Kazimierz Rakowski serdecznie zaprasza mieszka\u0144c\u00f3w powiatu wo\u0142omi\u0144skiego na \u201e Maj\u00f3wk\u0119 w Chrz\u0119snem -spotkanie z histori\u0105\u201d do pa\u0142acu w Chrz\u0119snem \/gm.T\u0142uszcz\/, kt\u00f3ra odb\u0119dzie si\u0119 w sobot\u0119 21 i w niedziel\u0119 22 maja. Wydarzenie obj\u0105\u0142 patronatem ks. Arcybiskup Henryk Hoser. Szczeg\u00f3\u0142owe informacje zamieszczone s\u0105 na plakatach, banerach oraz na stronie internetowej powiatu.<\/p>\n<p><strong>Intencje mszalne w tym tygodniu:<\/strong><\/p>\n<p><span style=\"color: #ff0000;\">ndz 8.V \u00a0 Uroczysto\u015b\u0107 Wniebowst\u0105pienia Pa\u0144skiego<\/span><br \/>\ng. 9.00 \u00a0 + Stanis\u0142awa Jusi\u0144skiego<br \/>\ng. 11.00 \u00a0+ Roberta So\u0142owieja<\/p>\n<p><span style=\"color: #ff0000;\">pn 9. V\u00a0 Uroczysto\u015b\u0107 \u015bw. Stanis\u0142awa biskupa i m\u0119czennika<br \/>\n<\/span>g. 19.00 + Anny, Zygmunta i Jadwigi Liszewskich<\/p>\n<p><span style=\"color: #ff0000;\">wt 10. V<\/span><br \/>\ng. 7.00 wolna<\/p>\n<p><span style=\"color: #ff0000;\">\u015br 11. V<\/span><br \/>\ng. 19.00 wolna<\/p>\n<p><span style=\"color: #ff0000;\">czw 12. V<\/span><br \/>\ng. 19.00 + Zofii Rusiniak w 7 r. \u015bm. oraz Leszka Rusiniaka<\/p>\n<p><span style=\"color: #ff0000;\">pt 13. V<\/span><br \/>\ng. 19.00 Dzi\u0119kczynno-b\u0142agalna wed\u0142ug intencji ofiarodawcy<\/p>\n<p><span style=\"color: #ff0000;\">sob 14. V<\/span><br \/>\ng. 19.00 + Franciszka Karasiewicza w 5 r. \u015bm.<\/p>\n<p><span style=\"color: #ff0000;\">ndz 15. V\u00a0 Uroczysto\u015b\u0107 Zes\u0142ania Ducha \u015awi\u0119tego<\/span><br \/>\ng. 9.00 \u00a0 + Stanis\u0142awy Krysik<br \/>\ng. 11.00 \u00a0+ Stanis\u0142awa i Zofii Mianowskich<\/p>\n","protected":false},"excerpt":{"rendered":"<p>1. Ofiary sk\u0142adane dzisiaj na tac\u0119 przeznaczone s\u0105 na Seminarium Duchowne. 2. Ze wzgl\u0119du na Wniebowst\u0105pienie Pa\u0144skie liturgiczna uroczysto\u015b\u0107 \u015bw. Stanis\u0142awa biskupa\u00a0i m\u0119czennika przypadaj\u0105ca 8 maja przeniesiona zosta\u0142a na jutro. Wszystkim solenizantkom\u00a0i solenizantom sk\u0142adamy \u017cyczenia zdrowia, b\u0142ogos\u0142awie\u0144stwa Bo\u017cego i opieki \u015bw. patrona. 3. W najbli\u017cszy czwartek 12 maja zmiana godziny [&hellip;]<\/p>\n","protected":false},"author":1,"featured_media":0,"comment_status":"closed","ping_status":"open","sticky":false,"template":"","format":"standard","meta":[],"categories":[2],"tags":[],"_links":{"self":[{"href":"http:\/\/www.parafiakuligow.pl\/index.php\/wp-json\/wp\/v2\/posts\/370"}],"collection":[{"href":"http:\/\/www.parafiakuligow.pl\/index.php\/wp-json\/wp\/v2\/posts"}],"about":[{"href":"http:\/\/www.parafiakuligow.pl\/index.php\/wp-json\/wp\/v2\/types\/post"}],"author":[{"embeddable":true,"href":"http:\/\/www.parafiakuligow.pl\/index.php\/wp-json\/wp\/v2\/users\/1"}],"replies":[{"embeddable":true,"href":"http:\/\/www.parafiakuligow.pl\/index.php\/wp-json\/wp\/v2\/comments?post=370"}],"version-history":[{"count":2,"href":"http:\/\/www.parafiakuligow.pl\/index.php\/wp-json\/wp\/v2\/posts\/370\/revisions"}],"predecessor-version":[{"id":372,"href":"http:\/\/www.parafiakuligow.pl\/index.php\/wp-json\/wp\/v2\/posts\/370\/revisions\/372"}],"wp:attachment":[{"href":"http:\/\/www.parafiakuligow.pl\/index.php\/wp-json\/wp\/v2\/media?parent=370"}],"wp:term":[{"taxonomy":"category","embeddable":true,"href":"http:\/\/www.parafiakuligow.pl\/index.php\/wp-json\/wp\/v2\/categories?post=370"},{"taxonomy":"post_tag","embeddable":true,"href":"http:\/\/www.parafiakuligow.pl\/index.php\/wp-json\/wp\/v2\/tags?post=370"}],"curies":[{"name":"wp","href":"https:\/\/api.w.org\/{rel}","templated":true}]}}