{"id":362,"date":"2016-04-24T21:48:35","date_gmt":"2016-04-24T19:48:35","guid":{"rendered":"http:\/\/www.parafiakuligow.pl\/?p=362"},"modified":"2016-04-24T21:49:28","modified_gmt":"2016-04-24T19:49:28","slug":"24-kwietnia-2016-r-v-niedziela-wielkanocna","status":"publish","type":"post","link":"http:\/\/www.parafiakuligow.pl\/index.php\/2016\/04\/24\/24-kwietnia-2016-r-v-niedziela-wielkanocna\/","title":{"rendered":"24 kwietnia 2016 r V Niedziela Wielkanocna"},"content":{"rendered":"<p>24 kwietnia 2016 r V Niedziela Wielkanocna<\/p>\n<p>1. Ojciec \u015awi\u0119ty w\u00a0zwi\u0105zku ze szczeg\u00f3lnie trudn\u0105 sytuacj\u0105, w\u00a0jakiej znajduje si\u0119 spo\u0142ecze\u0144stwo na Ukrainie, og\u0142osi\u0142 nadzwyczajn\u0105 inicjatyw\u0119 o\u00a0charakterze humanitarnym w\u00a0formie tacy zbieranej w\u00a0niedziel\u0119 24 kwietnia br. we wszystkich ko\u015bcio\u0142ach Europy. Pozyskane w\u00a0ten spos\u00f3b \u015brodki zostan\u0105 wykorzystane na rzecz mieszka\u0144c\u00f3w region\u00f3w dotkni\u0119tych konfliktem oraz os\u00f3b wysiedlonych. Taca zebrana dzisiaj jest wi\u0119c przeznaczona na pomoc dla Ukrainy.<\/p>\n<p>2. Sakramentalny zwi\u0105zek ma\u0142\u017ce\u0144ski maj\u0105 zamiar zawrze\u0107 nast\u0119puj\u0105ce osoby: Tomasz Norbert Fiderer kawaler oraz Katarzyna Honorata \u017bmijewska panna, oboje z par. \u015bw. J\u00f3zefa Oblubie\u0144ca NMP w Warszawie-Ursusie \u2013 zapowied\u017a pierwsza. Polecamy tych narzeczonych modlitwie naszej wsp\u00f3lnoty parafialnej, a gdyby kto\u015b zna\u0142 przeszkody prawne dla tego ma\u0142\u017ce\u0144stwa zobowi\u0105zany jest do poinformowania kancelarii parafialnej.<\/p>\n<p>3. Dzisiaj po Mszy \u015bw. o godz. 11.00 zapraszamy na spotkanie rodzic\u00f3w i dzieci, kt\u00f3re w tym roku obchodzi\u0107 b\u0119d\u0105 rocznic\u0119 I Komunii \u015bw.<\/p>\n<p>4. Diecezjalne Centrum \u015awiatowych Dni M\u0142odzie\u017cy informuje o mo\u017cliwo\u015bci skorzystania ze specjalnych poci\u0105g\u00f3w z Warszawy do Krakowa na spotkanie z Ojcem \u015awi\u0119tym. Bli\u017csze informacje w gablocie.<\/p>\n<p>5. Dzi\u0119kujemy wszystkim osobom i rodzinom, kt\u00f3re w tym roku dokona\u0142y ju\u017c wp\u0142aty na sprz\u0105tanie, \u015brodki czysto\u015bci i kwiaty w ko\u015bciele. Prosimy pozosta\u0142ych o przekazanie na ten cel zadeklarowanej kwoty.<\/p>\n<p>6. Jutro 25 kwietnia liturgiczne \u015awi\u0119to \u015bw. Marka Ewangelisty, a w pi\u0105tek 29 kwietnia \u015awi\u0119to \u015bw. Katarzyny Siene\u0144skiej patronki Europy.<\/p>\n<p>7. Solenizantom i solenizantkom, kt\u00f3rzy w tych dniach obchodz\u0105 swoje imieniny \u017cyczymy du\u017co zdrowia, rado\u015bci \u017cycia, bo\u017cego b\u0142ogos\u0142awie\u0144stwa i opieki \u015bwi\u0119tych patron\u00f3w, a wszystkim naszym parafianom i go\u015bciom udanej niedzieli oraz dobrego i b\u0142ogos\u0142awionego tygodnia.<br \/>\n<strong>Intencje mszalne w tym tygodniu:<\/strong><\/p>\n<p><span style=\"color: #ff0000;\">ndz 24. IV, \u00a0 V Niedziela Wielkanocna<\/span><br \/>\ng. 9.00 \u00a0 + Bogdana Ga\u0142eckiego w 7 r. \u015bm.<br \/>\ng. 11.00 \u00a0+ Feliksa Czarnowskiego<\/p>\n<p><span style=\"color: #ff0000;\">pn 25. IV<\/span><br \/>\ng. 18.00 wolna<\/p>\n<p><span style=\"color: #ff0000;\">wt 26. IV<\/span><br \/>\ng. 7.00 wolna<\/p>\n<p><span style=\"color: #ff0000;\">\u015br 27. IV<\/span><br \/>\ng. 18.00 wolna<\/p>\n<p><span style=\"color: #ff0000;\">czw 28. IV<\/span><br \/>\ng. 7.00 wolna<\/p>\n<p><span style=\"color: #ff0000;\">pt 29. IV<\/span><br \/>\ng. 18.00 wolna<\/p>\n<p><span style=\"color: #ff0000;\">sob 30. IV<\/span><br \/>\ng. 18.00 wolna<\/p>\n<p><span style=\"color: #ff0000;\">ndz 1. V, \u00a0 VI Niedziela Wielkanocna <\/span><br \/>\ng. 9.00 \u00a0 + Stanis\u0142awa Bieleckiego, Stanis\u0142awy i Romana Bieleckich<br \/>\ng. 11.00 \u00a0+ Marianny i Apolinarego \u0141aszcz oraz Czes\u0142awa Szpadkiewicza<\/p>\n","protected":false},"excerpt":{"rendered":"<p>24 kwietnia 2016 r V Niedziela Wielkanocna 1. Ojciec \u015awi\u0119ty w\u00a0zwi\u0105zku ze szczeg\u00f3lnie trudn\u0105 sytuacj\u0105, w\u00a0jakiej znajduje si\u0119 spo\u0142ecze\u0144stwo na Ukrainie, og\u0142osi\u0142 nadzwyczajn\u0105 inicjatyw\u0119 o\u00a0charakterze humanitarnym w\u00a0formie tacy zbieranej w\u00a0niedziel\u0119 24 kwietnia br. we wszystkich ko\u015bcio\u0142ach Europy. Pozyskane w\u00a0ten spos\u00f3b \u015brodki zostan\u0105 wykorzystane na rzecz mieszka\u0144c\u00f3w region\u00f3w dotkni\u0119tych konfliktem oraz [&hellip;]<\/p>\n","protected":false},"author":1,"featured_media":0,"comment_status":"closed","ping_status":"open","sticky":false,"template":"","format":"standard","meta":[],"categories":[2],"tags":[],"_links":{"self":[{"href":"http:\/\/www.parafiakuligow.pl\/index.php\/wp-json\/wp\/v2\/posts\/362"}],"collection":[{"href":"http:\/\/www.parafiakuligow.pl\/index.php\/wp-json\/wp\/v2\/posts"}],"about":[{"href":"http:\/\/www.parafiakuligow.pl\/index.php\/wp-json\/wp\/v2\/types\/post"}],"author":[{"embeddable":true,"href":"http:\/\/www.parafiakuligow.pl\/index.php\/wp-json\/wp\/v2\/users\/1"}],"replies":[{"embeddable":true,"href":"http:\/\/www.parafiakuligow.pl\/index.php\/wp-json\/wp\/v2\/comments?post=362"}],"version-history":[{"count":2,"href":"http:\/\/www.parafiakuligow.pl\/index.php\/wp-json\/wp\/v2\/posts\/362\/revisions"}],"predecessor-version":[{"id":364,"href":"http:\/\/www.parafiakuligow.pl\/index.php\/wp-json\/wp\/v2\/posts\/362\/revisions\/364"}],"wp:attachment":[{"href":"http:\/\/www.parafiakuligow.pl\/index.php\/wp-json\/wp\/v2\/media?parent=362"}],"wp:term":[{"taxonomy":"category","embeddable":true,"href":"http:\/\/www.parafiakuligow.pl\/index.php\/wp-json\/wp\/v2\/categories?post=362"},{"taxonomy":"post_tag","embeddable":true,"href":"http:\/\/www.parafiakuligow.pl\/index.php\/wp-json\/wp\/v2\/tags?post=362"}],"curies":[{"name":"wp","href":"https:\/\/api.w.org\/{rel}","templated":true}]}}