{"id":3326,"date":"2026-05-03T00:59:00","date_gmt":"2026-05-02T22:59:00","guid":{"rendered":"http:\/\/www.parafiakuligow.pl\/?p=3326"},"modified":"2026-05-02T22:01:59","modified_gmt":"2026-05-02T20:01:59","slug":"03-maja-2026","status":"publish","type":"post","link":"http:\/\/www.parafiakuligow.pl\/index.php\/2026\/05\/03\/03-maja-2026\/","title":{"rendered":"03 maja 2026"},"content":{"rendered":"\n<ol type=\"1\"><li>W tym tygodniu 8 maja w pi\u0105tek przypada uroczysto\u015b\u0107 \u015bw. Stanis\u0142awa biskupa i m\u0119czennika, g\u0142\u00f3wnego patrona Polski. Jest to te\u017c pierwsza rocznica wyboru papie\u017ca Leona XIV. Z racji Uroczysto\u015bci w tym dniu nie obowi\u0105zuje post.<\/li><li>W dzisiejsz\u0105 niedziel\u0119 na Msz\u0119 \u015bw. o godz. 11.00 zapraszamy rodzic\u00f3w i dzieci przygotowuj\u0105ce si\u0119 do pierwszej komunii \u015bw.<\/li><li>W poprzedni\u0105 niedziel\u0119 26 kwietnia w naszej parafii prze\u017cywali\u015bmy wizytacj\u0119 kanoniczn\u0105 przeprowadzon\u0105 przez Biskupa Jacka Grzybowskiego \u2013 sufragana Diecezji Warszawsko \u2013 Praskiej. Bardzo serdecznie dzi\u0119kuj\u0119 wszystkim, kt\u00f3rzy w jakikolwiek spos\u00f3b przyczynili si\u0119 do przygotowania i przeprowadzenia tej uroczysto\u015bci. Dzi\u0119kuje obydwu Radom Parafialnym, dzi\u0119kuje paniom za dekoracj\u0119 Ko\u015bcio\u0142a, za sprz\u0105tanie zakrystii i Ko\u015bcio\u0142a oraz pomieszcze\u0144 w domu parafialnym, dzi\u0119kuj\u0119 panom z OSP w Kuligowie za wykonan\u0105 prac\u0119, dzi\u0119kuj\u0119 paniom z Ko\u0142a Gospody\u0144 za przygotowanie obiadu na plebanii, dzi\u0119kuj\u0119 panu Przemys\u0142awowi wraz z rodzin\u0105 Pietrucha za ofiarowane ciasto i wykonan\u0105 prac\u0119 w ogrodzie przy Ko\u015bciele, dzi\u0119kuj\u0119 ministrantom oraz osobom odpowiedzialnym z poszczeg\u00f3lnych zespo\u0142\u00f3w za napisanie sprawdza\u0144 \u2013 wszystkim serdecznie B\u00f3g Zap\u0142a\u0107!<\/li><li>Zapraszamy na nabo\u017ce\u0144stwa majowe na godz. 17.30, we wtorek, czwartek i w niedziel\u0119 po Mszach \u015bw.<\/li><li>Zach\u0119camy do nabywania i czytania tygodnika \u201eIdziemy\u201d.<\/li><li>\u017byczymy B\u0142ogos\u0142awionego tygodnia zapraszaj\u0105c do naszej pi\u0119knej \u015bwi\u0105tyni.<\/li><\/ol>\n\n\n\n<p><strong>Intencje Mszalne<\/strong><\/p>\n\n\n\n<figure class=\"wp-block-table\"><table><tbody><tr><td><strong>Data<\/strong><\/td><td><strong>dzie\u0144<\/strong><\/td><td><strong>Godzina<\/strong><\/td><td><strong>Intencja<\/strong><\/td><\/tr><tr><td><strong>03.05<\/strong><\/td><td><strong>Niedziela<\/strong><\/td><td>9.00<strong><\/strong><\/td><td>+ Teresa Jusi\u0144ska<strong><\/strong><\/td><\/tr><tr><td><strong>&nbsp;<\/strong><\/td><td><strong>&nbsp;<\/strong><\/td><td>11.00<\/td><td>zaj\u0119ta p. Gajdek<\/td><\/tr><tr><td>04.05<\/td><td>Poniedzia\u0142ek<\/td><td>18.00<\/td><td>+ Henryk Poszust<\/td><\/tr><tr><td>05.05<\/td><td>Wtorek<\/td><td>7.00<\/td><td>+Zdzis\u0142aw Tadeusz Pa\u0142aszewski<\/td><\/tr><tr><td>06.05<\/td><td>\u015aroda<\/td><td>18.00<\/td><td>+ Jana D\u0119bowskiego<\/td><\/tr><tr><td>07.05<\/td><td>Czwartek<\/td><td>7.00<\/td><td>+ Zofia Karasiewicz<\/td><\/tr><tr><td>08.05<\/td><td>Pi\u0105tek<\/td><td>18.00<\/td><td>+ Bernard Biardzki 2 r. \u015bm.<\/td><\/tr><tr><td>08.05<\/td><td>Sobota<\/td><td>18.00<\/td><td>zaj\u0119ta p. Cezary Kuligowski<\/td><\/tr><tr><td><strong>10.05<\/strong><\/td><td><strong>Niedziela<\/strong><\/td><td>9.00<\/td><td>+ Stanis\u0142awa Krysik<\/td><\/tr><tr><td><strong>&nbsp;<\/strong><\/td><td><strong>&nbsp;<\/strong><\/td><td>11.00<\/td><td>+ Henryka i Leokadi\u0119 Ole\u015bkiewicz<\/td><\/tr><\/tbody><\/table><\/figure>\n","protected":false},"excerpt":{"rendered":"<p>W tym tygodniu 8 maja w pi\u0105tek przypada uroczysto\u015b\u0107 \u015bw. Stanis\u0142awa biskupa i m\u0119czennika, g\u0142\u00f3wnego patrona Polski. Jest to te\u017c pierwsza rocznica wyboru papie\u017ca Leona XIV. Z racji Uroczysto\u015bci w tym dniu nie obowi\u0105zuje post. W dzisiejsz\u0105 niedziel\u0119 na Msz\u0119 \u015bw. o godz. 11.00 zapraszamy rodzic\u00f3w i dzieci przygotowuj\u0105ce si\u0119 [&hellip;]<\/p>\n","protected":false},"author":2,"featured_media":0,"comment_status":"closed","ping_status":"closed","sticky":false,"template":"","format":"standard","meta":[],"categories":[2],"tags":[],"_links":{"self":[{"href":"http:\/\/www.parafiakuligow.pl\/index.php\/wp-json\/wp\/v2\/posts\/3326"}],"collection":[{"href":"http:\/\/www.parafiakuligow.pl\/index.php\/wp-json\/wp\/v2\/posts"}],"about":[{"href":"http:\/\/www.parafiakuligow.pl\/index.php\/wp-json\/wp\/v2\/types\/post"}],"author":[{"embeddable":true,"href":"http:\/\/www.parafiakuligow.pl\/index.php\/wp-json\/wp\/v2\/users\/2"}],"replies":[{"embeddable":true,"href":"http:\/\/www.parafiakuligow.pl\/index.php\/wp-json\/wp\/v2\/comments?post=3326"}],"version-history":[{"count":2,"href":"http:\/\/www.parafiakuligow.pl\/index.php\/wp-json\/wp\/v2\/posts\/3326\/revisions"}],"predecessor-version":[{"id":3329,"href":"http:\/\/www.parafiakuligow.pl\/index.php\/wp-json\/wp\/v2\/posts\/3326\/revisions\/3329"}],"wp:attachment":[{"href":"http:\/\/www.parafiakuligow.pl\/index.php\/wp-json\/wp\/v2\/media?parent=3326"}],"wp:term":[{"taxonomy":"category","embeddable":true,"href":"http:\/\/www.parafiakuligow.pl\/index.php\/wp-json\/wp\/v2\/categories?post=3326"},{"taxonomy":"post_tag","embeddable":true,"href":"http:\/\/www.parafiakuligow.pl\/index.php\/wp-json\/wp\/v2\/tags?post=3326"}],"curies":[{"name":"wp","href":"https:\/\/api.w.org\/{rel}","templated":true}]}}